{"id":602504,"date":"2025-12-16T07:16:35","date_gmt":"2025-12-16T07:16:35","guid":{"rendered":"https:\/\/www.europesays.com\/fr\/602504\/"},"modified":"2025-12-16T07:16:35","modified_gmt":"2025-12-16T07:16:35","slug":"au-maroc-au-moins-37-morts-et-une-quinzaine-de-blesses-dans-les-pires-inondations-de-la-decennie","status":"publish","type":"post","link":"https:\/\/www.europesays.com\/fr\/602504\/","title":{"rendered":"Au Maroc, au moins 37 morts et une quinzaine de bless\u00e9s dans les pires inondations de la d\u00e9cennie"},"content":{"rendered":"<p class=\"c-chapo \">\n  La ville de Safi, sur la c\u00f4te atlantique du Maroc, a \u00e9t\u00e9 touch\u00e9e, dimanche, par de tr\u00e8s violentes crues et inondations. Des intemp\u00e9ries que les experts jugent li\u00e9s au r\u00e9chauffement climatique.\n<\/p>\n<p>      lire plus tard<\/p>\n<p id=\"dialog__title\" class=\"dialog__title\">Pour sauvegarder cet article, connectez-vous ou cr\u00e9ez un compte franceinfo<\/p>\n<p class=\"dialog__description\">Sans paiement. Sans abonnement.<\/p>\n<p>        Fermer la fen\u00eatre d\u2019activation des notifications France Info<\/p>\n<p>      cr\u00e9er votre compte<\/p>\n<p>      se connecter<\/p>\n<p>      :<\/p>\n<p>        Fermer la fen\u00eatre de pr\u00e9sentation<\/p>\n<p>    <img loading=\"lazy\" decoding=\"async\" class=\"signature__image lazyload\" width=\"100\" height=\"100\" data- alt=\"\" src=\"https:\/\/www.europesays.com\/fr\/wp-content\/uploads\/2025\/05\/64a68815cd1a7_placeholder-36b69ec8.png\"\/><\/p>\n<p>    Publi\u00e9 le 15\/12\/2025 14:39<\/p>\n<p>      Mis \u00e0 jour le 15\/12\/2025 15:48<\/p>\n<p>        Temps de lecture : 2min<\/p>\n<p>    <img decoding=\"async\"  alt=\"Des Marocains observent, le 15 d\u00e9cembre 2025, un v\u00e9hicule d\u00e9truit par les violentes inondations qui ont touch\u00e9, la veille, la ville de Safi (Maroc), et provoqu\u00e9 la mort d'au moins 37 personnes. (HANDOUT \/ AFP)\" width=\"432\" height=\"243\" src=\"https:\/\/www.europesays.com\/fr\/wp-content\/uploads\/2025\/12\/000-887d6hw-69400f4699120490374975.jpg\" fetchpriority=\"high\"\/><\/p>\n<p>      Des Marocains observent, le 15 d\u00e9cembre 2025, un v\u00e9hicule d\u00e9truit par les violentes inondations qui ont touch\u00e9, la veille, la ville de Safi (Maroc), et provoqu\u00e9 la mort d&rsquo;au moins 37 personnes. (HANDOUT \/ AFP)<\/p>\n<p>Il s&rsquo;agit du plus lourd bilan de la derni\u00e8re d\u00e9cennie pour des intemp\u00e9ries de ce type. Au moins 37 personnes sont mortes, dimanche 14 d\u00e9cembre, \u00e0 Safi, sur la c\u00f4te atlantique du <a href=\"https:\/\/www.franceinfo.fr\/monde\/afrique\/maroc\/maroc-deux-immeubles-s-effondrent-au-moins-22-morts_7672216.html\" target=\"_blank\" rel=\"noopener\" data-tooltip-url=\"https:\/\/www.franceinfo.fr\/monde\/afrique\/maroc\/maroc-deux-immeubles-s-effondrent-au-moins-22-morts_7672216.html\">Maroc<\/a>, \u00e0 la suite de crues soudaines et <a href=\"https:\/\/france3-regions.franceinfo.fr\/corse\/corse-du-sud\/porto-vecchio\/la-corse-placee-en-vigilance-jaune-aux-inondations-jusqu-a-250-millimetres-de-pluie-attendus-localement-3266486.html\" target=\"_blank\" rel=\"noopener\" data-tooltip-url=\"https:\/\/france3-regions.franceinfo.fr\/corse\/corse-du-sud\/porto-vecchio\/la-corse-placee-en-vigilance-jaune-aux-inondations-jusqu-a-250-millimetres-de-pluie-attendus-localement-3266486.html\">d&rsquo;inondations<\/a>. Quatorze personnes ont \u00e9t\u00e9 bless\u00e9es et sont \u00ab\u00a0actuellement soign\u00e9es \u00e0 l&rsquo;h\u00f4pital (&#8230;), dont deux en soins intensifs\u00a0\u00bb, selon un communiqu\u00e9 de responsables de la province de Safi.<\/p>\n<p>Cette ville, situ\u00e9e \u00e0 environ 300\u00a0km au sud de Rabat, a \u00e9t\u00e9 touch\u00e9e dimanche par de \u00ab\u00a0tr\u00e8s fortes pr\u00e9cipitations orageuses\u00a0\u00bb ayant \u00ab\u00a0provoqu\u00e9 des \u00e9coulements torrentiels exceptionnels\u00a0\u00bb en l&rsquo;espace \u00ab\u00a0d&rsquo;une heure\u00a0\u00bb, selon la m\u00eame source. Le parquet national a annonc\u00e9 l&rsquo;ouverture d&rsquo;une enqu\u00eate pour \u00ab\u00a0d\u00e9terminer les causes de cet incident tragique et en \u00e9lucider les circonstances\u00a0\u00bb.<\/p>\n<p>Au Maroc, l&rsquo;automne est normalement marqu\u00e9 par une diminution des temp\u00e9ratures, mais le r\u00e9chauffement climatique limite d\u00e9sormais cette baisse, tout en maintenant une forte humidit\u00e9 et une \u00e9vaporation h\u00e9rit\u00e9es de l&rsquo;\u00e9t\u00e9. Cette combinaison augmente le risque d&rsquo;averses intenses, selon des experts. Les autorit\u00e9s r\u00e9gionales ont soulign\u00e9 lundi \u00ab\u00a0la n\u00e9cessit\u00e9 de renforcer la vigilance, d&rsquo;adopter les plus grandes pr\u00e9cautions et de respecter les mesures de s\u00e9curit\u00e9, compte tenu des fluctuations climatiques extr\u00eames que conna\u00eet notre pays\u00a0\u00bb.<\/p>\n<p>En septembre 2024, de fortes intemp\u00e9ries avaient provoqu\u00e9 des inondations dans le sud et le sud-est, causant la mort de 18 personnes. En novembre 2014, au moins 32 personnes avaient p\u00e9ri dans le sud \u00e0 la suite de violentes pr\u00e9cipitations ayant provoqu\u00e9 des crues de plusieurs rivi\u00e8res au pied des montagnes de l&rsquo;Atlas. Et plusieurs centaines de personnes avaient \u00e9t\u00e9 tu\u00e9es lors de terribles inondations en 1995 dans la vall\u00e9e de l&rsquo;Ourika, \u00e0 30\u00a0km au sud de Marrakech.<\/p>\n<p class=\"related-tags__title\" role=\"heading\" aria-level=\"2\">les mots-cl\u00e9s associ\u00e9s \u00e0 cet article\n    <\/p>\n","protected":false},"excerpt":{"rendered":"La ville de Safi, sur la c\u00f4te atlantique du Maroc, a \u00e9t\u00e9 touch\u00e9e, dimanche, par de tr\u00e8s violentes&hellip;\n","protected":false},"author":2,"featured_media":602505,"comment_status":"","ping_status":"","sticky":false,"template":"","format":"standard","meta":{"footnotes":""},"categories":[5],"tags":[11,1011,27,14,12,28],"class_list":{"0":"post-602504","1":"post","2":"type-post","3":"status-publish","4":"format-standard","5":"has-post-thumbnail","7":"category-international","8":"tag-actualites","9":"tag-fr","10":"tag-france","11":"tag-international","12":"tag-news","13":"tag-world"},"share_on_mastodon":{"url":"https:\/\/pubeurope.com\/@fr\/115728023155012781","error":""},"_links":{"self":[{"href":"https:\/\/www.europesays.com\/fr\/wp-json\/wp\/v2\/posts\/602504","targetHints":{"allow":["GET"]}}],"collection":[{"href":"https:\/\/www.europesays.com\/fr\/wp-json\/wp\/v2\/posts"}],"about":[{"href":"https:\/\/www.europesays.com\/fr\/wp-json\/wp\/v2\/types\/post"}],"author":[{"embeddable":true,"href":"https:\/\/www.europesays.com\/fr\/wp-json\/wp\/v2\/users\/2"}],"replies":[{"embeddable":true,"href":"https:\/\/www.europesays.com\/fr\/wp-json\/wp\/v2\/comments?post=602504"}],"version-history":[{"count":0,"href":"https:\/\/www.europesays.com\/fr\/wp-json\/wp\/v2\/posts\/602504\/revisions"}],"wp:featuredmedia":[{"embeddable":true,"href":"https:\/\/www.europesays.com\/fr\/wp-json\/wp\/v2\/media\/602505"}],"wp:attachment":[{"href":"https:\/\/www.europesays.com\/fr\/wp-json\/wp\/v2\/media?parent=602504"}],"wp:term":[{"taxonomy":"category","embeddable":true,"href":"https:\/\/www.europesays.com\/fr\/wp-json\/wp\/v2\/categories?post=602504"},{"taxonomy":"post_tag","embeddable":true,"href":"https:\/\/www.europesays.com\/fr\/wp-json\/wp\/v2\/tags?post=602504"}],"curies":[{"name":"wp","href":"https:\/\/api.w.org\/{rel}","templated":true}]}}