{"id":602510,"date":"2025-12-16T07:19:15","date_gmt":"2025-12-16T07:19:15","guid":{"rendered":"https:\/\/www.europesays.com\/fr\/602510\/"},"modified":"2025-12-16T07:19:15","modified_gmt":"2025-12-16T07:19:15","slug":"la-maison-fouillat-au-taquet-pour-noel","status":"publish","type":"post","link":"https:\/\/www.europesays.com\/fr\/602510\/","title":{"rendered":"la Maison Fouillat au taquet pour No\u00ebl"},"content":{"rendered":"<p>\u00ab\u00a0Le rush des f\u00eates\u00a0? Il est 14 heures et je suis en train de manger. On est dans le th\u00e8me\u00a0!\u00a0\u00bb En ce mois de d\u00e9cembre, \u00e0 quelques jours de No\u00ebl, C\u00e9line Fouillat et son mari J\u00e9r\u00e9my, parents d\u2019une fille de 11 ans, sont d\u00e9bord\u00e9s.<\/p>\n<p>Il y a sept ans, le couple a repris la boulangerie-p\u00e2tisserie situ\u00e9e au 18 rue Charles-de-Gaulle. Une boutique centenaire, qui r\u00e9siste au temps qui passe, et que le couple a su r\u00e9inventer.<\/p>\n<p>J\u00e9r\u00e9my Fouillat p\u00e9trit le pain. C\u00e9line s\u2019occupe de la vente. Avec eux, trois autres boulangers, dont un apprenti, trois p\u00e2tissiers, dont une apprentie, et quatre personnes \u00e0 l\u2019accueil des clients.<\/p>\n<p>La Maison Fouillat est une petite entreprise familiale prosp\u00e8re, avec un chiffre d\u2019affaires qui avoisine les&#8230;<\/p>\n","protected":false},"excerpt":{"rendered":"\u00ab\u00a0Le rush des f\u00eates\u00a0? Il est 14 heures et je suis en train de manger. On est dans&hellip;\n","protected":false},"author":2,"featured_media":602511,"comment_status":"","ping_status":"","sticky":false,"template":"","format":"standard","meta":{"footnotes":""},"categories":[9653],"tags":[1111,11,2430,4406,33,7539,1777,674,1011,27,3367,12,25,4001,7538],"class_list":{"0":"post-602510","1":"post","2":"type-post","3":"status-publish","4":"format-standard","5":"has-post-thumbnail","7":"category-saint-etienne","8":"tag-actu","9":"tag-actualites","10":"tag-auvergne-rhone-alpes","11":"tag-commerce-et-services","12":"tag-economie","13":"tag-edition-loire-sud","14":"tag-eu","15":"tag-europe","16":"tag-fr","17":"tag-france","18":"tag-loire","19":"tag-news","20":"tag-republique-francaise","21":"tag-saint-etienne","22":"tag-saint-etienne-ville"},"share_on_mastodon":{"url":"https:\/\/pubeurope.com\/@fr\/115728034288413068","error":""},"_links":{"self":[{"href":"https:\/\/www.europesays.com\/fr\/wp-json\/wp\/v2\/posts\/602510","targetHints":{"allow":["GET"]}}],"collection":[{"href":"https:\/\/www.europesays.com\/fr\/wp-json\/wp\/v2\/posts"}],"about":[{"href":"https:\/\/www.europesays.com\/fr\/wp-json\/wp\/v2\/types\/post"}],"author":[{"embeddable":true,"href":"https:\/\/www.europesays.com\/fr\/wp-json\/wp\/v2\/users\/2"}],"replies":[{"embeddable":true,"href":"https:\/\/www.europesays.com\/fr\/wp-json\/wp\/v2\/comments?post=602510"}],"version-history":[{"count":0,"href":"https:\/\/www.europesays.com\/fr\/wp-json\/wp\/v2\/posts\/602510\/revisions"}],"wp:featuredmedia":[{"embeddable":true,"href":"https:\/\/www.europesays.com\/fr\/wp-json\/wp\/v2\/media\/602511"}],"wp:attachment":[{"href":"https:\/\/www.europesays.com\/fr\/wp-json\/wp\/v2\/media?parent=602510"}],"wp:term":[{"taxonomy":"category","embeddable":true,"href":"https:\/\/www.europesays.com\/fr\/wp-json\/wp\/v2\/categories?post=602510"},{"taxonomy":"post_tag","embeddable":true,"href":"https:\/\/www.europesays.com\/fr\/wp-json\/wp\/v2\/tags?post=602510"}],"curies":[{"name":"wp","href":"https:\/\/api.w.org\/{rel}","templated":true}]}}