{"id":602512,"date":"2025-12-16T07:20:16","date_gmt":"2025-12-16T07:20:16","guid":{"rendered":"https:\/\/www.europesays.com\/fr\/602512\/"},"modified":"2025-12-16T07:20:16","modified_gmt":"2025-12-16T07:20:16","slug":"le-trafic-entre-saint-etienne-et-le-puy-en-velay-finalement-interrompu-jusqua-jeudi-matin","status":"publish","type":"post","link":"https:\/\/www.europesays.com\/fr\/602512\/","title":{"rendered":"Le trafic entre Saint-Etienne et Le Puy-en-Velay finalement interrompu jusqu&rsquo;\u00e0 jeudi matin"},"content":{"rendered":"\n<p>Mise \u00e0 jour mardi 16 d\u00e9cembre : Alors que les \u00e9quipes d\u00e9di\u00e9es sont mobilis\u00e9es sur place pour r\u00e9soudre le d\u00e9rangement affectant la voie sur l&rsquo;axe Le Puy-en-Velay et Saint-\u00c9tienne, la SNCF annonce finalement que lareprise du trafic a \u00e9t\u00e9 repouss\u00e9e et est donc d\u00e9sormais estim\u00e9e pour jeudi matin.\u00a0<\/p>\n<p>Attention si vous travaillez au Puy-en-Velay, la SNCF annonce ce lundi matin qu&rsquo;il n\u2019y aura pas de train entre Saint-Etienne et la capitale de la Haute-Loire pendant deux jours, jusqu&rsquo;\u00e0 mardi 16 d\u00e9cembre inclus. Selon la SNCF, il y a un \u00ab\u00a0d\u00e9rangement affectant la voie\u00a0\u00bb. Le trafic est donc interrompu et une reprise est pr\u00e9vue mercredi matin. Les \u00e9quipes SNCF sont en train d&rsquo;intervenir et la recherche d&rsquo;autocars est en cours pour les usagers de la ligne.<\/p>\n","protected":false},"excerpt":{"rendered":"Mise \u00e0 jour mardi 16 d\u00e9cembre : Alors que les \u00e9quipes d\u00e9di\u00e9es sont mobilis\u00e9es sur place pour r\u00e9soudre&hellip;\n","protected":false},"author":2,"featured_media":602513,"comment_status":"","ping_status":"","sticky":false,"template":"","format":"standard","meta":{"footnotes":""},"categories":[9653],"tags":[1111,11,2430,1777,674,1011,27,4002,10444,3367,12,25,4001,2215,6472,1097,926,800],"class_list":{"0":"post-602512","1":"post","2":"type-post","3":"status-publish","4":"format-standard","5":"has-post-thumbnail","7":"category-saint-etienne","8":"tag-actu","9":"tag-actualites","10":"tag-auvergne-rhone-alpes","11":"tag-eu","12":"tag-europe","13":"tag-fr","14":"tag-france","15":"tag-haute-loire","16":"tag-le-puy-en-velay","17":"tag-loire","18":"tag-news","19":"tag-republique-francaise","20":"tag-saint-etienne","21":"tag-sncf","22":"tag-ter","23":"tag-trafic","24":"tag-train","25":"tag-transports"},"share_on_mastodon":{"url":"https:\/\/pubeurope.com\/@fr\/115728038161119201","error":""},"_links":{"self":[{"href":"https:\/\/www.europesays.com\/fr\/wp-json\/wp\/v2\/posts\/602512","targetHints":{"allow":["GET"]}}],"collection":[{"href":"https:\/\/www.europesays.com\/fr\/wp-json\/wp\/v2\/posts"}],"about":[{"href":"https:\/\/www.europesays.com\/fr\/wp-json\/wp\/v2\/types\/post"}],"author":[{"embeddable":true,"href":"https:\/\/www.europesays.com\/fr\/wp-json\/wp\/v2\/users\/2"}],"replies":[{"embeddable":true,"href":"https:\/\/www.europesays.com\/fr\/wp-json\/wp\/v2\/comments?post=602512"}],"version-history":[{"count":0,"href":"https:\/\/www.europesays.com\/fr\/wp-json\/wp\/v2\/posts\/602512\/revisions"}],"wp:featuredmedia":[{"embeddable":true,"href":"https:\/\/www.europesays.com\/fr\/wp-json\/wp\/v2\/media\/602513"}],"wp:attachment":[{"href":"https:\/\/www.europesays.com\/fr\/wp-json\/wp\/v2\/media?parent=602512"}],"wp:term":[{"taxonomy":"category","embeddable":true,"href":"https:\/\/www.europesays.com\/fr\/wp-json\/wp\/v2\/categories?post=602512"},{"taxonomy":"post_tag","embeddable":true,"href":"https:\/\/www.europesays.com\/fr\/wp-json\/wp\/v2\/tags?post=602512"}],"curies":[{"name":"wp","href":"https:\/\/api.w.org\/{rel}","templated":true}]}}