{"id":602514,"date":"2025-12-16T07:22:52","date_gmt":"2025-12-16T07:22:52","guid":{"rendered":"https:\/\/www.europesays.com\/fr\/602514\/"},"modified":"2025-12-16T07:22:52","modified_gmt":"2025-12-16T07:22:52","slug":"photos-plus-de-800-peres-et-meres-noel-motards-defilent-entre-nancy-et-luneville","status":"publish","type":"post","link":"https:\/\/www.europesays.com\/fr\/602514\/","title":{"rendered":"Photos . Plus de 800 p\u00e8res et m\u00e8res No\u00ebl motards d\u00e9filent entre Nancy et Lun\u00e9ville"},"content":{"rendered":"<p>Plus de 800 motards v\u00eatus de rouge et souvent coiff\u00e9s d&rsquo;une barbe blanche ont pris la route, ce samedi apr\u00e8s-midi, depuis le parc des expositions de Vandoeuvre pour leur parade annuelle en faveur des enfants hospitalis\u00e9s au CHRU de Brabois, avec l&rsquo;association R\u00e9cr\u00e9 Actions P\u00e9diatriques. Un record de participation, avec pr\u00e8s de moiti\u00e9 plus de participants que l&rsquo;an dernier. Attendus \u00e0 Lun\u00e9ville, dans la cour du ch\u00e2teau, apr\u00e8s une halte \u00e0 Dombasle, les motards ont distribu\u00e9 des bonbons dans une ambiance festive et bruyante.\u00a0<\/p>\n","protected":false},"excerpt":{"rendered":"Plus de 800 motards v\u00eatus de rouge et souvent coiff\u00e9s d&rsquo;une barbe blanche ont pris la route, ce&hellip;\n","protected":false},"author":2,"featured_media":602515,"comment_status":"","ping_status":"","sticky":false,"template":"","format":"standard","meta":{"footnotes":""},"categories":[9635],"tags":[1111,11,1687,1707,1704,1706,1705,1777,674,1011,27,5325,2798,775,1702,12,25],"class_list":{"0":"post-602514","1":"post","2":"type-post","3":"status-publish","4":"format-standard","5":"has-post-thumbnail","7":"category-nancy","8":"tag-actu","9":"tag-actualites","10":"tag-culture-loisirs","11":"tag-edition-luneville","12":"tag-edition-nancy-et-agglomeration","13":"tag-edition-pont-a-mousson","14":"tag-edition-toul","15":"tag-eu","16":"tag-europe","17":"tag-fr","18":"tag-france","19":"tag-galerie-media","20":"tag-galerie-photo","21":"tag-grand-est","22":"tag-nancy","23":"tag-news","24":"tag-republique-francaise"},"share_on_mastodon":{"url":"https:\/\/pubeurope.com\/@fr\/115728049965994909","error":""},"_links":{"self":[{"href":"https:\/\/www.europesays.com\/fr\/wp-json\/wp\/v2\/posts\/602514","targetHints":{"allow":["GET"]}}],"collection":[{"href":"https:\/\/www.europesays.com\/fr\/wp-json\/wp\/v2\/posts"}],"about":[{"href":"https:\/\/www.europesays.com\/fr\/wp-json\/wp\/v2\/types\/post"}],"author":[{"embeddable":true,"href":"https:\/\/www.europesays.com\/fr\/wp-json\/wp\/v2\/users\/2"}],"replies":[{"embeddable":true,"href":"https:\/\/www.europesays.com\/fr\/wp-json\/wp\/v2\/comments?post=602514"}],"version-history":[{"count":0,"href":"https:\/\/www.europesays.com\/fr\/wp-json\/wp\/v2\/posts\/602514\/revisions"}],"wp:featuredmedia":[{"embeddable":true,"href":"https:\/\/www.europesays.com\/fr\/wp-json\/wp\/v2\/media\/602515"}],"wp:attachment":[{"href":"https:\/\/www.europesays.com\/fr\/wp-json\/wp\/v2\/media?parent=602514"}],"wp:term":[{"taxonomy":"category","embeddable":true,"href":"https:\/\/www.europesays.com\/fr\/wp-json\/wp\/v2\/categories?post=602514"},{"taxonomy":"post_tag","embeddable":true,"href":"https:\/\/www.europesays.com\/fr\/wp-json\/wp\/v2\/tags?post=602514"}],"curies":[{"name":"wp","href":"https:\/\/api.w.org\/{rel}","templated":true}]}}