{"id":602516,"date":"2025-12-16T07:25:55","date_gmt":"2025-12-16T07:25:55","guid":{"rendered":"https:\/\/www.europesays.com\/fr\/602516\/"},"modified":"2025-12-16T07:25:55","modified_gmt":"2025-12-16T07:25:55","slug":"apres-la-mort-tragique-dun-etudiant-en-medecine-sur-la33-la-fac-de-medecine-appelle-a-la-vigilance-et-a-la-prevention","status":"publish","type":"post","link":"https:\/\/www.europesays.com\/fr\/602516\/","title":{"rendered":"apr\u00e8s la mort tragique d\u2019un \u00e9tudiant en m\u00e9decine sur l\u2019A33, la fac de m\u00e9decine appelle \u00e0 la vigilance et \u00e0 la pr\u00e9vention"},"content":{"rendered":"<p class=\"badges\" id=\"category\"><a href=\"https:\/\/www.magnumlaradio.com\/page-category\/actualites\" class=\"badge badge--primary badge-category\" target=\"_blank\" rel=\"noopener\">Infos<\/a><\/p>\n<p>Publi\u00e9 : 7h52  par <img decoding=\"async\" style=\"height:80px;max-width:unset;border-radius:8px\" src=\"https:\/\/www.europesays.com\/fr\/wp-content\/uploads\/2025\/12\/logo_USmShS5Cv1.png\"\/><img decoding=\"async\" class=\"\" style=\"width:100%\" src=\"https:\/\/www.europesays.com\/fr\/wp-content\/uploads\/2025\/12\/480816934_1183993667064531_4486591415946459350_n1765867924565.jpg\" alt=\"La facult\u00e9 de m\u00e9decine de Nancy\"\/> <\/p>\n<p>Le 20 novembre dernier, un \u00e9tudiant en m\u00e9decine de Nancy a \u00e9t\u00e9 retrouv\u00e9 mort le long de l\u2019A33, \u00e0 proximit\u00e9 de la sortie Brabois. L\u2019autopsie, r\u00e9alis\u00e9e le 24 novembre, a confirm\u00e9 qu\u2019il s\u2019agissait d\u2019un <strong>accident mortel de la circulation<\/strong>, provoqu\u00e9 par un v\u00e9hicule dont le conducteur ne s\u2019est pas arr\u00eat\u00e9.<\/p>\n<p>Selon les premiers \u00e9l\u00e9ments de l\u2019enqu\u00eate, le jeune homme de 19 ans, qui habitait dans le secteur de Brabois, avait \u00e9t\u00e9 d\u00e9pos\u00e9 avenue de Bourgogne \u00e0 Vandoeuvre par une navette \u00e9tudiante apr\u00e8s une soir\u00e9e m\u00e9decine. Entre ce moment, vers 3 h du matin, et 8 h, heure o\u00f9 son corps a \u00e9t\u00e9 signal\u00e9 par un chauffeur routier, les circonstances exactes restent encore inconnues. La police a lanc\u00e9 un <strong><a href=\"https:\/\/www.magnumlaradio.com\/infos\/faits-divers\/etudiant-mort-le-long-de-la33-la-police-lance-un-appel-a-temoins-a-nancy\/96358\" target=\"_blank\" rel=\"noopener\">appel \u00e0 t\u00e9moins<\/a><\/strong> pour identifier le conducteur.<\/p>\n<p>\u00ab Toute la communaut\u00e9 a \u00e9t\u00e9 choqu\u00e9e \u00bb : l\u2019impact sur la facult\u00e9<\/p>\n<p>Le drame a profond\u00e9ment marqu\u00e9 la facult\u00e9 de m\u00e9decine et l\u2019ensemble de la communaut\u00e9 universitaire. Le doyen de <a href=\"https:\/\/www.facebook.com\/faculte.medecine.nancy\/\" target=\"_blank\" rel=\"noopener\">la fac de m\u00e9decine<\/a> de Nancy, <strong>St\u00e9phane Zuily<\/strong>, d\u00e9crit une ambiance de choc et de tristesse : \u00ab Eh bien, je dirais qu&rsquo;elle [NDLR : la communaut\u00e9] se porte mal, mal pour plusieurs raisons, mal en raison de ce qui s&rsquo;est pass\u00e9, de ce drame. On a tous \u00e9t\u00e9 choqu\u00e9s, enseignants, \u00e9tudiants, personnel administratif et technique\u2026 toute la communaut\u00e9 universitaire et \u00e9tudiante de Lorraine a \u00e9t\u00e9 choqu\u00e9e, d&rsquo;autant plus les plus proches de cette personne. \u00bb<\/p>\n<p>Pour le professeur Zuily, ce drame souligne \u00e9galement les <strong>questions de responsabilit\u00e9<\/strong> li\u00e9es \u00e0 la vie festive des \u00e9tudiants : \u00ab C&rsquo;est un moment de responsabilit\u00e9 qui s&rsquo;impose \u00e0 nous. Nous devons r\u00e9fl\u00e9chir \u00e0 comment concilier tradition festive et s\u00e9curit\u00e9 des \u00e9tudiants. \u00bb<\/p>\n<p>Enseignants, \u00e9tudiants, personnels\u2026 toute la communaut\u00e9 reste profond\u00e9ment marqu\u00e9eEnseignants, \u00e9tudiants, personnels\u2026 toute la communaut\u00e9 reste profond\u00e9ment marqu\u00e9e<\/p>\n<p>On \u00e9coute le doyen St\u00e9phane Zuily<\/p>\n<p>Cr\u00e9dit : Juliette Schang<\/p>\n<p>Encadrer les soir\u00e9es \u00e9tudiantes : charte, r\u00e8gles et sensibilisation<\/p>\n<p>La facult\u00e9 et l\u2019universit\u00e9 disposent depuis plusieurs ann\u00e9es d\u2019une <strong>charte d\u2019engagement<\/strong> pour encadrer la vie associative et festive. Le professeur Zuily explique :<\/p>\n<blockquote class=\"wp-block-quote\">\n<p>\u00ab Cette charte existe depuis un certain nombre d\u2019ann\u00e9es, en lien avec la vie universitaire. Elle pr\u00e9cise que les associations labellis\u00e9es se doivent de lutter contre l\u2019usage irraisonn\u00e9 d\u2019alcool, contre les gestes d\u00e9plac\u00e9s, tant en termes de violences sexistes et sexuelles que d\u2019autres comportements d\u00e9viants. \u00bb<\/p>\n<\/blockquote>\n<p>Il insiste sur le r\u00f4le de la responsabilit\u00e9 individuelle :<\/p>\n<blockquote class=\"wp-block-quote\">\n<p>\u00ab Au-del\u00e0 de cette charte, qui concerne les associations, il s\u2019agit de se demander comment chacun peut s\u2019engager personnellement, en se disant que c\u2019est tr\u00e8s bien si l\u2019association s\u2019engage, mais que moi-m\u00eame je m\u2019engage dans ces valeurs que nous portons \u00e0 l\u2019universit\u00e9. \u00bb<\/p>\n<\/blockquote>\n<p>En mati\u00e8re de pr\u00e9vention pratique, plusieurs dispositifs sont en place :<\/p>\n<ul>\n<li><strong>Formations<\/strong> pour les \u00e9tudiants et les associations sur les comportements \u00e0 risque et la sant\u00e9 mentale.<\/li>\n<li><strong>Trusted people<\/strong>, des r\u00e9f\u00e9rents disponibles lors des soir\u00e9es pour intervenir en cas de probl\u00e8me.<\/li>\n<li><strong>SAM et navettes professionnelles<\/strong> pour s\u00e9curiser le retour des \u00e9tudiants ayant consomm\u00e9 de l\u2019alcool.<\/li>\n<li>Sensibilisation sur l\u2019usage des <strong>agents psychoactifs<\/strong>, incluant boissons \u00e9nergisantes et drogues, avec une politique stricte de tol\u00e9rance z\u00e9ro.<\/li>\n<\/ul>\n<p>Le doyen pr\u00e9cise :<\/p>\n<blockquote class=\"wp-block-quote\">\n<p>\u00ab Le z\u00e9ro n\u2019existe pas, mais on essaie d\u2019y tendre. Notre politique est intraitable sur ce sujet. L\u2019id\u00e9e est de r\u00e9guler, pas de punir. Si un comportement d\u00e9vie, il existe des commissions de discipline, des d\u00e9labellisations d\u2019associations\u2026 c\u2019est notre responsabilit\u00e9, comme celle d\u2019un parent envers son enfant. \u00bb<\/p>\n<\/blockquote>\n<p>\u00a0<\/p>\n<p>Navettes, \u201cSAM\u201d, formations, personnes de confiance, pr\u00e9vention contre l\u2019alcool et les drogues\u2026Navettes, \u201cSAM\u201d, formations, personnes de confiance, pr\u00e9vention contre l\u2019alcool et les drogues\u2026<\/p>\n<p>Des outils que le doyen St\u00e9phane Zuily juge essentiels, mais encore perfectibles<\/p>\n<p>Cr\u00e9dit : Juliette Schang<\/p>\n<p>Suspension des \u00e9v\u00e9nements jusqu\u2019au 16 janvier<\/p>\n<p>Face \u00e0 la gravit\u00e9 de la situation, le doyen a d\u00e9cid\u00e9 de suspendre toutes les soir\u00e9es \u00e9tudiantes jusqu\u2019au <strong>16 janvier 2026<\/strong>, date d\u2019une r\u00e9union de concertation avec les associations et les services centraux de l\u2019universit\u00e9. St\u00e9phane Zuily pr\u00e9cise : \u00ab L&rsquo;id\u00e9e de bloquer jusqu&rsquo;au 16 janvier nous permettait de prendre suffisamment de temps pour \u00eatre exigeant et ambitieux dans la politique que je souhaite mener au sein de la facult\u00e9, et pour que toute action ne soit pas simplement isol\u00e9e, mais concert\u00e9e avec l\u2019universit\u00e9. \u00bb<\/p>\n<p>Conseils aux \u00e9tudiants en m\u00e9decine : \u00ab un esprit sain dans un corps sain \u00bb<\/p>\n<p>Au-del\u00e0 de la r\u00e9gulation, le doyen souhaite aussi transmettre un message pr\u00e9ventif aux \u00e9tudiants en m\u00e9decine : \u00ab Lorsqu&rsquo;on travaille trop et qu&rsquo;on n&rsquo;en peut plus, il faut s&rsquo;arr\u00eater et utiliser des choses tr\u00e8s simples. Les trois piliers essentiels sont le sommeil, l\u2019alimentation et l\u2019activit\u00e9 physique. Avec cela, on peut tenir longtemps et \u00e9viter de se mettre en danger. \u00bb<\/p>\n<p>Il insiste \u00e9galement sur l\u2019importance de la vigilance collective : \u00ab Si l\u2019on se rend compte qu\u2019un ami d\u00e9vie, qu\u2019il consomme trop d\u2019alcool ou d\u2019autres substances, il faut peut-\u00eatre essayer de lui tendre la main en lui disant : &lsquo;\u00c9coute, tu as peut-\u00eatre besoin d&rsquo;aide&rsquo;. \u00bb<\/p>\n<p>Le doyen de la facult\u00e9 de m\u00e9decine de Nancy s\u2019adresse directement aux \u00e9tudiantsLe doyen de la facult\u00e9 de m\u00e9decine de Nancy s\u2019adresse directement aux \u00e9tudiants<\/p>\n<p>Un appel \u00e0 lever le pied quand \u00e7a d\u00e9rape\u2026 et \u00e0 tendre la main quand un ami d\u00e9croche.<\/p>\n<p>Cr\u00e9dit : Juliette Schang<\/p>\n<p>Vers une vie \u00e9tudiante plus s\u00fbre et responsable<\/p>\n<p>Ce drame rappelle brutalement les risques auxquels sont confront\u00e9s les \u00e9tudiants, tous, pas uniquement les \u00e9tudiants en m\u00e9decine, et l\u2019importance de mesures <strong>pr\u00e9ventives et collectives<\/strong>. Entre responsabilisation individuelle, engagement des associations et encadrement par l\u2019universit\u00e9, la facult\u00e9 de m\u00e9decine de Nancy met tout en \u0153uvre pour que les soir\u00e9es \u00e9tudiantes puissent rester un moment de d\u00e9tente <strong>sans mettre en danger la vie des jeunes<\/strong>.<\/p>\n","protected":false},"excerpt":{"rendered":"Infos Publi\u00e9 : 7h52 par Le 20 novembre dernier, un \u00e9tudiant en m\u00e9decine de Nancy a \u00e9t\u00e9 retrouv\u00e9&hellip;\n","protected":false},"author":2,"featured_media":602517,"comment_status":"","ping_status":"","sticky":false,"template":"","format":"standard","meta":{"footnotes":""},"categories":[9635],"tags":[1111,11,1777,674,1011,27,775,71518,1702,12,25],"class_list":{"0":"post-602516","1":"post","2":"type-post","3":"status-publish","4":"format-standard","5":"has-post-thumbnail","7":"category-nancy","8":"tag-actu","9":"tag-actualites","10":"tag-eu","11":"tag-europe","12":"tag-fr","13":"tag-france","14":"tag-grand-est","15":"tag-magnum-la-radio","16":"tag-nancy","17":"tag-news","18":"tag-republique-francaise"},"share_on_mastodon":{"url":"https:\/\/pubeurope.com\/@fr\/115728062515062658","error":""},"_links":{"self":[{"href":"https:\/\/www.europesays.com\/fr\/wp-json\/wp\/v2\/posts\/602516","targetHints":{"allow":["GET"]}}],"collection":[{"href":"https:\/\/www.europesays.com\/fr\/wp-json\/wp\/v2\/posts"}],"about":[{"href":"https:\/\/www.europesays.com\/fr\/wp-json\/wp\/v2\/types\/post"}],"author":[{"embeddable":true,"href":"https:\/\/www.europesays.com\/fr\/wp-json\/wp\/v2\/users\/2"}],"replies":[{"embeddable":true,"href":"https:\/\/www.europesays.com\/fr\/wp-json\/wp\/v2\/comments?post=602516"}],"version-history":[{"count":0,"href":"https:\/\/www.europesays.com\/fr\/wp-json\/wp\/v2\/posts\/602516\/revisions"}],"wp:featuredmedia":[{"embeddable":true,"href":"https:\/\/www.europesays.com\/fr\/wp-json\/wp\/v2\/media\/602517"}],"wp:attachment":[{"href":"https:\/\/www.europesays.com\/fr\/wp-json\/wp\/v2\/media?parent=602516"}],"wp:term":[{"taxonomy":"category","embeddable":true,"href":"https:\/\/www.europesays.com\/fr\/wp-json\/wp\/v2\/categories?post=602516"},{"taxonomy":"post_tag","embeddable":true,"href":"https:\/\/www.europesays.com\/fr\/wp-json\/wp\/v2\/tags?post=602516"}],"curies":[{"name":"wp","href":"https:\/\/api.w.org\/{rel}","templated":true}]}}