{"id":602522,"date":"2025-12-16T07:29:12","date_gmt":"2025-12-16T07:29:12","guid":{"rendered":"https:\/\/www.europesays.com\/fr\/602522\/"},"modified":"2025-12-16T07:29:12","modified_gmt":"2025-12-16T07:29:12","slug":"le-declenchement-dune-alarme-intrusion-permet-larrestation-de-deux-algeriens-de-16-et-24-ans-en-flagrant-delit-de-cambriolage-a-montpellier","status":"publish","type":"post","link":"https:\/\/www.europesays.com\/fr\/602522\/","title":{"rendered":"Le d\u00e9clenchement d\u2019une alarme intrusion permet l\u2019arrestation de deux Alg\u00e9riens de 16 et 24 ans en flagrant d\u00e9lit de cambriolage \u00e0 Montpellier"},"content":{"rendered":"<p>\n                                                                Les faits ont eu lieu ce vendredi 12\u00a0d\u00e9cembre en d\u00e9but de soir\u00e9e, dans le quartier Boutonnet \u00e0 Montpellier. Les deux mis en cause ont \u00e9t\u00e9 interpell\u00e9s. L\u2019un doit compara\u00eetre devant le tribunal judiciaire. L\u2019autre sera convoqu\u00e9 devant le juge des enfants.\n                            <\/p>\n<p>Inform\u00e9e d\u2019une intrusion en temps r\u00e9el sur son t\u00e9l\u00e9phone portable, la propri\u00e9taire d\u2019un pavillon, implant\u00e9 dans le quartier Boutonnet \u00e0 Montpellier, a eu le bon r\u00e9flexe de pr\u00e9venir imm\u00e9diatement les forces de l\u2019ordre, ce vendredi 12\u00a0d\u00e9cembre peu avant 19\u00a0heures.<\/p>\n<p>Et pour cause, d\u00e9p\u00each\u00e9s sur site, les policiers du groupe de s\u00e9curit\u00e9 de proximit\u00e9 ont surpris deux individus \u00e0 l\u2019int\u00e9rieur de l\u2019habitation, en train de remplir des sacs. D\u2019autres \u00e9quipages, notamment de la Bac et de police secours, ont \u00e9t\u00e9 appel\u00e9s en renfort et ont converg\u00e9 pour boucler le secteur.<\/p>\n<p>Coup de poing au visage d\u2019une polici\u00e8re<\/p>\n<p>Une initiative qui va s\u2019av\u00e9rer payante car \u00e0 la vue des \u00e9quipages, les deux suspects ont tent\u00e9 de prendre la fuite. Le premier, mineur de 16 ans, a \u00e9t\u00e9 intercept\u00e9 par une polici\u00e8re qui s\u2019est vue ass\u00e9ner un coup de coude en plein visage. Malgr\u00e9 le choc, la fonctionnaire est parvenue \u00e0 maintenir l\u2019adolescent jusqu\u2019\u00e0 l\u2019arriv\u00e9e de ses coll\u00e8gues.<\/p>\n<p>Le second individu a pour sa part enjamb\u00e9 un muret avant de s\u2019\u00e9lancer dans la rue. Se retrouvant face \u00e0 un policier de la Bac, il n\u2019a pas h\u00e9sit\u00e9 \u00e0 lui foncer dessus en tentant de lui porter un coup de poing. En vain. Il a \u00e9t\u00e9 rapidement interpell\u00e9, non sans opposer une vive r\u00e9sistance. \u00c2g\u00e9 de 24 ans, il a \u00e9t\u00e9 trouv\u00e9 en possession d\u2019une petite quantit\u00e9 de stup\u00e9fiants, d\u2019un couteau \u00e0 cran d\u2019arr\u00eat et d\u2019une cagoule.<\/p>\n<p>L\u2019enqu\u00eate se poursuit<\/p>\n<p>Lors de sa fuite, il s\u2019est d\u00e9lest\u00e9 d\u2019un sac contenant des v\u00eatements, des tablettes pour enfant et un chargeur de v\u00e9lo. Apr\u00e8s \u00e9tat des lieux, la propri\u00e9taire, qui a confirm\u00e9 que ces affaires lui appartenaient, a indiqu\u00e9 qu\u2019il manquait \u00e0 l\u2019appel des chaussures, des consoles de jeux et des t\u00e9l\u00e9phones portables.<\/p>\n<p>Plac\u00e9s en garde \u00e0 vue, si le majeur a reconnu les faits, l\u2019adolescent, en revanche, a ni\u00e9 toute implication, affirmant s\u2019\u00eatre trouv\u00e9 sur place uniquement \u00e0 la recherche d\u2019un endroit pour dormir. Il fait l\u2019objet d\u2019une convocation devant le juge des enfants.<\/p>\n<p>Quant au majeur, il a \u00e9t\u00e9 d\u00e9f\u00e9r\u00e9 ce lundi 15\u00a0d\u00e9cembre en vue d\u2019une comparution imm\u00e9diate. L\u2019enqu\u00eate se poursuit afin de d\u00e9terminer si les deux interpell\u00e9s, de nationalit\u00e9 alg\u00e9rienne, peuvent \u00eatre impliqu\u00e9s dans d\u2019autres vols par effraction commis r\u00e9cemment, au regard de leur mode op\u00e9ratoire.<\/p>\n","protected":false},"excerpt":{"rendered":"Les faits ont eu lieu ce vendredi 12\u00a0d\u00e9cembre en d\u00e9but de soir\u00e9e, dans le quartier Boutonnet \u00e0 Montpellier.&hellip;\n","protected":false},"author":2,"featured_media":602523,"comment_status":"","ping_status":"","sticky":false,"template":"","format":"standard","meta":{"footnotes":""},"categories":[9599],"tags":[1111,11,1777,674,118,1011,27,7089,2208,12,2680,25],"class_list":{"0":"post-602522","1":"post","2":"type-post","3":"status-publish","4":"format-standard","5":"has-post-thumbnail","7":"category-montpellier","8":"tag-actu","9":"tag-actualites","10":"tag-eu","11":"tag-europe","12":"tag-faits-divers","13":"tag-fr","14":"tag-france","15":"tag-herault","16":"tag-montpellier","17":"tag-news","18":"tag-occitanie","19":"tag-republique-francaise"},"share_on_mastodon":{"url":"https:\/\/pubeurope.com\/@fr\/115728073542621246","error":""},"_links":{"self":[{"href":"https:\/\/www.europesays.com\/fr\/wp-json\/wp\/v2\/posts\/602522","targetHints":{"allow":["GET"]}}],"collection":[{"href":"https:\/\/www.europesays.com\/fr\/wp-json\/wp\/v2\/posts"}],"about":[{"href":"https:\/\/www.europesays.com\/fr\/wp-json\/wp\/v2\/types\/post"}],"author":[{"embeddable":true,"href":"https:\/\/www.europesays.com\/fr\/wp-json\/wp\/v2\/users\/2"}],"replies":[{"embeddable":true,"href":"https:\/\/www.europesays.com\/fr\/wp-json\/wp\/v2\/comments?post=602522"}],"version-history":[{"count":0,"href":"https:\/\/www.europesays.com\/fr\/wp-json\/wp\/v2\/posts\/602522\/revisions"}],"wp:featuredmedia":[{"embeddable":true,"href":"https:\/\/www.europesays.com\/fr\/wp-json\/wp\/v2\/media\/602523"}],"wp:attachment":[{"href":"https:\/\/www.europesays.com\/fr\/wp-json\/wp\/v2\/media?parent=602522"}],"wp:term":[{"taxonomy":"category","embeddable":true,"href":"https:\/\/www.europesays.com\/fr\/wp-json\/wp\/v2\/categories?post=602522"},{"taxonomy":"post_tag","embeddable":true,"href":"https:\/\/www.europesays.com\/fr\/wp-json\/wp\/v2\/tags?post=602522"}],"curies":[{"name":"wp","href":"https:\/\/api.w.org\/{rel}","templated":true}]}}