{"id":602536,"date":"2025-12-16T07:37:12","date_gmt":"2025-12-16T07:37:12","guid":{"rendered":"https:\/\/www.europesays.com\/fr\/602536\/"},"modified":"2025-12-16T07:37:12","modified_gmt":"2025-12-16T07:37:12","slug":"le-centre-medico-psychologique-enfants-face-a-une-hausse-de-la-demande","status":"publish","type":"post","link":"https:\/\/www.europesays.com\/fr\/602536\/","title":{"rendered":"le centre m\u00e9dico-psychologique enfants face \u00e0 une hausse de la demande"},"content":{"rendered":"<p>Assis sur des chaises dispos\u00e9es autour d\u2019une table basse, parmi quelques livres et jouets, un gar\u00e7on d&rsquo;environ 10 ans et son p\u00e8re patientent dans la salle d\u2019attente du centre m\u00e9dico-psychologique enfants de Lingolsheim (CMP). Leur regard se pose sur les conseils aux parents, num\u00e9ros de t\u00e9l\u00e9phone et autres notes d\u2019information affich\u00e9s sur les vitres qui s\u00e9parent cette pi\u00e8ce ouverte d\u2019un secr\u00e9tariat voisin. En face, align\u00e9es sur le garde-corps d\u2019escalier, les visages photographi\u00e9s des membres de l\u2019\u00e9quipe sourient aux patients.<\/p>\n<p>Peu avant 16\u00a0h, vendredi 28\u00a0novembre, tous deux prennent place, seuls, sous cette nu\u00e9e de regards bienveillants, dans l\u2019attente de rencontrer l\u2019un des professionnels de sant\u00e9. Comme le gar\u00e7on, quelque 600 enfants et adolescents, de la naissance \u00e0 18 ans, sont suivis annuellement par&#8230;<\/p>\n","protected":false},"excerpt":{"rendered":"Assis sur des chaises dispos\u00e9es autour d\u2019une table basse, parmi quelques livres et jouets, un gar\u00e7on d&rsquo;environ 10&hellip;\n","protected":false},"author":2,"featured_media":602537,"comment_status":"","ping_status":"","sticky":false,"template":"","format":"standard","meta":{"footnotes":""},"categories":[2820],"tags":[1111,11,2880,1777,674,107,1011,27,775,24067,12,25,71,4604,801,640,3089],"class_list":{"0":"post-602536","1":"post","2":"type-post","3":"status-publish","4":"format-standard","5":"has-post-thumbnail","7":"category-strasbourg","8":"tag-actu","9":"tag-actualites","10":"tag-edition-strasbourg","11":"tag-eu","12":"tag-europe","13":"tag-fil-info","14":"tag-fr","15":"tag-france","16":"tag-grand-est","17":"tag-lingolsheim","18":"tag-news","19":"tag-republique-francaise","20":"tag-sante","21":"tag-selection-abonne","22":"tag-social","23":"tag-strasbourg","24":"tag-strasbourg-sud"},"share_on_mastodon":{"url":"https:\/\/pubeurope.com\/@fr\/115728105101344176","error":""},"_links":{"self":[{"href":"https:\/\/www.europesays.com\/fr\/wp-json\/wp\/v2\/posts\/602536","targetHints":{"allow":["GET"]}}],"collection":[{"href":"https:\/\/www.europesays.com\/fr\/wp-json\/wp\/v2\/posts"}],"about":[{"href":"https:\/\/www.europesays.com\/fr\/wp-json\/wp\/v2\/types\/post"}],"author":[{"embeddable":true,"href":"https:\/\/www.europesays.com\/fr\/wp-json\/wp\/v2\/users\/2"}],"replies":[{"embeddable":true,"href":"https:\/\/www.europesays.com\/fr\/wp-json\/wp\/v2\/comments?post=602536"}],"version-history":[{"count":0,"href":"https:\/\/www.europesays.com\/fr\/wp-json\/wp\/v2\/posts\/602536\/revisions"}],"wp:featuredmedia":[{"embeddable":true,"href":"https:\/\/www.europesays.com\/fr\/wp-json\/wp\/v2\/media\/602537"}],"wp:attachment":[{"href":"https:\/\/www.europesays.com\/fr\/wp-json\/wp\/v2\/media?parent=602536"}],"wp:term":[{"taxonomy":"category","embeddable":true,"href":"https:\/\/www.europesays.com\/fr\/wp-json\/wp\/v2\/categories?post=602536"},{"taxonomy":"post_tag","embeddable":true,"href":"https:\/\/www.europesays.com\/fr\/wp-json\/wp\/v2\/tags?post=602536"}],"curies":[{"name":"wp","href":"https:\/\/api.w.org\/{rel}","templated":true}]}}