{"id":602540,"date":"2025-12-16T07:39:22","date_gmt":"2025-12-16T07:39:22","guid":{"rendered":"https:\/\/www.europesays.com\/fr\/602540\/"},"modified":"2025-12-16T07:39:22","modified_gmt":"2025-12-16T07:39:22","slug":"nice-la-gare-du-sud-sera-metamorphosee-en-halle-de-la-decouverte","status":"publish","type":"post","link":"https:\/\/www.europesays.com\/fr\/602540\/","title":{"rendered":"Nice : La Gare du Sud sera m\u00e9tamorphos\u00e9e en \u00ab Halle de la D\u00e9couverte \u00bb (\u2026)"},"content":{"rendered":"<p>                    <img loading=\"lazy\" decoding=\"async\" src=\"https:\/\/www.europesays.com\/fr\/wp-content\/uploads\/2025\/12\/c9ebbee58578d311569ee83e317c7f.jpg\" class=\"img-responsive post-image\" width=\"680\" height=\"510\" alt=\"Nice : La Gare du Sud (\u2026)\" title=\"Nice : La Gare du Sud sera m\u00e9tamorphos\u00e9e en \u00ab Halle de la D\u00e9couverte \u00bb d\u00e9di\u00e9e \u00e0 la culture et \u00e0 l'innovation d\u00e8s f\u00e9vrier 2026\"\/><\/p>\n<p class=\"chapo\">Jeudi 11 d\u00e9cembre, le maire de Nice a d\u00e9voil\u00e9 les contours d\u2019un nouveau projet pour la Gare du Sud\u00a0: la cr\u00e9ation d\u2019une \u00ab\u00a0Halle de la D\u00e9couverte\u00a0\u00bb, un centre culturel ouvert \u00e0 tous, modulable et pens\u00e9 comme un lieu de vie quotidien pour le quartier et au-del\u00e0. Install\u00e9e dans ce b\u00e2timent embl\u00e9matique inscrit aux monuments historiques, la future halle marque un tournant apr\u00e8s l\u2019exp\u00e9rience de la halle gourmande lanc\u00e9e en 2019. Ce mod\u00e8le, jug\u00e9 aujourd\u2019hui d\u00e9pass\u00e9, n\u2019a pas pleinement r\u00e9pondu aux attentes des habitants. En septembre 2025, la Ville a donc rachet\u00e9 le bail emphyt\u00e9otique et repris la ma\u00eetrise du site, \u00e0 l\u2019exception d\u2019un restaurant conserv\u00e9.<\/p>\n<p>                    Un projet fond\u00e9 sur les usages et le quartier<\/p>\n<p>Pens\u00e9e \u00e0 partir des besoins exprim\u00e9s par les Ni\u00e7ois, et en particulier par les familles nombreuses du secteur, la Halle de la D\u00e9couverte vise quatre objectifs\u00a0: faire de la Gare du Sud un lieu vivant et interg\u00e9n\u00e9rationnel\u00a0; redonner vie \u00e0 un patrimoine prot\u00e9g\u00e9 en l\u2019adaptant \u00e0 des usages contemporains\u00a0; renforcer la coh\u00e9sion de quartier gr\u00e2ce \u00e0 un espace central ouvert\u00a0; et proposer une offre culturelle diversifi\u00e9e, inclusive et innovante.<br class=\"autobr\"\/><br \/>\nLe projet s\u2019organise autour d\u2019une place int\u00e9rieure centrale, con\u00e7ue comme un point de rencontre, autour de laquelle graviteront plusieurs espaces compl\u00e9mentaires. Parmi eux\u00a0: un espace d\u2019exposition accueillant des contenus patrimoniaux, contemporains ou interactifs\u00a0; des espaces documentaires pour adultes et jeunes\u00a0; une artoth\u00e8que permettant l\u2019emprunt d\u2019\u0153uvres d\u2019art\u00a0; une ludoth\u00e8que favorisant le partage interg\u00e9n\u00e9rationnel\u00a0; une BDth\u00e8que d\u00e9di\u00e9e au neuvi\u00e8me art\u00a0; un fablab \u00e9quip\u00e9 d\u2019outils num\u00e9riques et techniques\u00a0; ainsi qu\u2019une cuisine p\u00e9dagogique consacr\u00e9e \u00e0 la gastronomie ni\u00e7oise \u00e0 travers des ateliers.<\/p>\n<p>Patrimoine, culture et innovation<\/p>\n<p><strong>Christian Estrosi,<\/strong> maire de Nice, a rappel\u00e9 l\u2019attachement historique de la Ville \u00e0 ce site, sauv\u00e9 de la d\u00e9molition dans les ann\u00e9es 1990 et r\u00e9habilit\u00e9 dans le respect de son identit\u00e9 architecturale. L\u2019ambition affich\u00e9e est de conserver \u00ab\u00a0l\u2019ADN\u00a0\u00bb du lieu, tout en en faisant une p\u00e9pini\u00e8re culturelle et cr\u00e9ative accessible au plus grand nombre.<br class=\"autobr\"\/><br \/>\n<strong>Le co\u00fbt global du projet, incluant le rachat et les travaux, est estim\u00e9 \u00e0 environ 10 millions d\u2019euros. Une premi\u00e8re phase op\u00e9rationnelle est pr\u00e9vue d\u00e8s f\u00e9vrier 2026, avec l\u2019ouverture du caf\u00e9 central et de la ludoth\u00e8que, ainsi que l\u2019organisation des premi\u00e8res rencontres culturelles <\/strong><\/p>\n<p>Une grande exposition inaugurale <\/p>\n<p>Point d\u2019orgue de ce lancement\u00a0: l\u2019accueil d\u2019une grande exposition intitul\u00e9e \u00ab\u00a0<strong>L\u00e9onard de Vinci, \u00e0 la crois\u00e9e des Arts et des Sciences<\/strong>\u00a0\u00bb. Accessible d\u00e8s l\u2019\u00e2ge de 7 ans, elle proposera un parcours immersif m\u00ealant reproductions de dessins et de tableaux, maquettes, installations et animations en 3D. Les visiteurs pourront explorer les grandes th\u00e9matiques ch\u00e8res \u00e0 L\u00e9onard de Vinci, de la peinture \u00e0 l\u2019architecture, en passant par l\u2019ing\u00e9nierie, l\u2019anatomie et l\u2019art du vol.<\/p>\n<p>Visuel de Une\u00a0: Image de synth\u00e8se \u00a9Agence d\u2019Urbanisme Azur\u00e9enne<\/p>\n","protected":false},"excerpt":{"rendered":"Jeudi 11 d\u00e9cembre, le maire de Nice a d\u00e9voil\u00e9 les contours d\u2019un nouveau projet pour la Gare du&hellip;\n","protected":false},"author":2,"featured_media":602541,"comment_status":"","ping_status":"","sticky":false,"template":"","format":"standard","meta":{"footnotes":""},"categories":[2819],"tags":[1111,11,2408,1777,674,1011,27,12,2401,882,25],"class_list":{"0":"post-602540","1":"post","2":"type-post","3":"status-publish","4":"format-standard","5":"has-post-thumbnail","7":"category-nice","8":"tag-actu","9":"tag-actualites","10":"tag-appels-d","11":"tag-eu","12":"tag-europe","13":"tag-fr","14":"tag-france","15":"tag-news","16":"tag-nice","17":"tag-provence-alpes-cote-dazur","18":"tag-republique-francaise"},"share_on_mastodon":{"url":"https:\/\/pubeurope.com\/@fr\/115728113864605304","error":""},"_links":{"self":[{"href":"https:\/\/www.europesays.com\/fr\/wp-json\/wp\/v2\/posts\/602540","targetHints":{"allow":["GET"]}}],"collection":[{"href":"https:\/\/www.europesays.com\/fr\/wp-json\/wp\/v2\/posts"}],"about":[{"href":"https:\/\/www.europesays.com\/fr\/wp-json\/wp\/v2\/types\/post"}],"author":[{"embeddable":true,"href":"https:\/\/www.europesays.com\/fr\/wp-json\/wp\/v2\/users\/2"}],"replies":[{"embeddable":true,"href":"https:\/\/www.europesays.com\/fr\/wp-json\/wp\/v2\/comments?post=602540"}],"version-history":[{"count":0,"href":"https:\/\/www.europesays.com\/fr\/wp-json\/wp\/v2\/posts\/602540\/revisions"}],"wp:featuredmedia":[{"embeddable":true,"href":"https:\/\/www.europesays.com\/fr\/wp-json\/wp\/v2\/media\/602541"}],"wp:attachment":[{"href":"https:\/\/www.europesays.com\/fr\/wp-json\/wp\/v2\/media?parent=602540"}],"wp:term":[{"taxonomy":"category","embeddable":true,"href":"https:\/\/www.europesays.com\/fr\/wp-json\/wp\/v2\/categories?post=602540"},{"taxonomy":"post_tag","embeddable":true,"href":"https:\/\/www.europesays.com\/fr\/wp-json\/wp\/v2\/tags?post=602540"}],"curies":[{"name":"wp","href":"https:\/\/api.w.org\/{rel}","templated":true}]}}