{"id":602546,"date":"2025-12-16T07:42:13","date_gmt":"2025-12-16T07:42:13","guid":{"rendered":"https:\/\/www.europesays.com\/fr\/602546\/"},"modified":"2025-12-16T07:42:13","modified_gmt":"2025-12-16T07:42:13","slug":"fc-nantes-mercato-le-doute-est-leve-pour-cabella-rebondissement-pour-sotoca-rc-lens","status":"publish","type":"post","link":"https:\/\/www.europesays.com\/fr\/602546\/","title":{"rendered":"FC Nantes Mercato : le doute est lev\u00e9 pour Cabella, rebondissement pour Sotoca (RC Lens) !\u00a0"},"content":{"rendered":"<p><strong>Si des doutes avaient \u00e9t\u00e9 \u00e9mis autour du physique se R\u00e9my Cabella (35 ans), Mathieu Valbuena les a \u00e9loign\u00e9s : l\u2019arriv\u00e9e au FC Nantes du joueur de l\u2019Olympiakos est imminente. Florian Sotoca (RC Lens), lui, s\u2019\u00e9loigne.\u00a0<\/strong><\/p>\n<p>Le dossier R\u00e9my Cabella au <a href=\"https:\/\/www.butfootballclub.fr\/1634870-fc-nantes-un-premier-bemol-tombe-concernant-cabella\/\" target=\"_blank\" rel=\"noopener\">FC Nantes<\/a> est en train de basculer dans le concret. Et c\u2019est Mathieu Valbuena qui a dissip\u00e9 les derni\u00e8res interrogations autour de l\u2019\u00e9tat physique du joueur de l\u2019Olympiakos. \u00c0 35 ans, l\u2019int\u00e9ress\u00e9 tra\u00eene forc\u00e9ment avec lui son lot de questions. Peu utilis\u00e9 cette saison en Gr\u00e8ce, l\u2019ancien Montpelli\u00e9rain et St\u00e9phanois voyait son profil scrut\u00e9 \u00e0 la loupe, notamment sur le plan physique. Mais pour Valbuena, qui le c\u00f4toie au quotidien du c\u00f4t\u00e9 du Pir\u00e9e, le doute n\u2019a pas lieu d\u2019\u00eatre.\u00a0<\/p>\n<p>\u00ab\u00a0Physiquement, il est aff\u00fbt\u00e9\u00a0\u00bb<\/p>\n<p>Dans les colonnes de <a href=\"https:\/\/www.butfootballclub.fr\/1634911-stade-rennais-mercato-la-priorite-de-lhiver-est-connue-cest-le-dernier-bourreau-du-fc-nantes\/\" target=\"_blank\" rel=\"noopener\">L\u2019\u00c9quipe<\/a>, l\u2019ancien international fran\u00e7ais a tenu \u00e0 remettre les pendules \u00e0 l\u2019heure : \u00ab Il n\u2019a pas trop jou\u00e9 parce que l\u2019\u00e9quipe est un peu en place. Il \u00e9tait peut-\u00eatre d\u00e9\u00e7u de ne pas \u00eatre inscrit pour faire la Ligue des champions, on a tous \u00e9t\u00e9 surpris, et \u00e7a lui a peut-\u00eatre mis un petit coup au moral. Mais, \u00e0 chaque fois qu\u2019il jouait, \u00e7a restait un joueur inventif. Et, physiquement, il n\u2019a pas eu de blessure, il est aff\u00fbt\u00e9, bien, je l\u2019ai vu au quotidien. \u00bb Un t\u00e9moignage fort, presque d\u00e9cisif, qui balaie les craintes nantaises. Cabella n\u2019est pas diminu\u00e9, Cabella est pr\u00eat. Et surtout, Cabella a faim. Ce que confirme encore Valbuena, qui voit dans ce possible transfert un mariage logique entre un joueur en qu\u00eate de temps de jeu et un club en difficult\u00e9 : \u00ab Nantes vit une premi\u00e8re partie de Championnat compliqu\u00e9e. R\u00e9my pourrait apporter une vraie plus-value en termes d\u2019exp\u00e9rience, de qualit\u00e9 technique. Lui, ce qu\u2019il veut, c\u2019est juste jouer, prendre du plaisir, et ce sera un vrai challenge de pouvoir maintenir Nantes. \u00bb<\/p>\n<p>\u00c7a freine pour Sotoca\u00a0<\/p>\n<p>Les discussions avancent d\u2019autant plus sereinement que le <a href=\"https:\/\/www.butfootballclub.fr\/1634835-asse-luis-castro-ex-fc-nantes-on-prend-ou-pas\/\" target=\"_blank\" rel=\"noopener\">FC Nantes<\/a> peut compter sur un relais de poids en interne \u00e0 l\u2019Olympiakos. Christian Karembeu, ambassadeur et conseiller strat\u00e9gique du club grec, conna\u00eet parfaitement la maison nantaise et reste tr\u00e8s attentif \u00e0 ce dossier. Un atout relationnel non n\u00e9gligeable pour acc\u00e9l\u00e9rer les n\u00e9gociations et s\u00e9curiser l\u2019arriv\u00e9e du joueur. Et ce mouvement pourrait n\u2019\u00eatre qu\u2019un d\u00e9but. En interne, les dirigeants nantais savent que le mercato hivernal sera d\u00e9terminant pour le maintien. Ouest-France affirme d\u2019ailleurs que la piste menant \u00e0 Florian Sotoca ne devrait pas aboutir. Si L\u2019\u00c9quipe l\u2019avait lanc\u00e9 la rumeur ce week-end, David Phelippeau pr\u00e9voie que l\u2019attaquant de 35 ans) ne devrait pas quitter le RC Lens pour la Joneli\u00e8re cet hiver.<\/p>\n","protected":false},"excerpt":{"rendered":"Si des doutes avaient \u00e9t\u00e9 \u00e9mis autour du physique se R\u00e9my Cabella (35 ans), Mathieu Valbuena les a&hellip;\n","protected":false},"author":2,"featured_media":602547,"comment_status":"","ping_status":"","sticky":false,"template":"","format":"standard","meta":{"footnotes":""},"categories":[2818],"tags":[1111,11,1777,674,1011,27,766,12,2636,25],"class_list":{"0":"post-602546","1":"post","2":"type-post","3":"status-publish","4":"format-standard","5":"has-post-thumbnail","7":"category-nantes","8":"tag-actu","9":"tag-actualites","10":"tag-eu","11":"tag-europe","12":"tag-fr","13":"tag-france","14":"tag-nantes","15":"tag-news","16":"tag-pays-de-la-loire","17":"tag-republique-francaise"},"share_on_mastodon":{"url":"https:\/\/pubeurope.com\/@fr\/115728124822111741","error":""},"_links":{"self":[{"href":"https:\/\/www.europesays.com\/fr\/wp-json\/wp\/v2\/posts\/602546","targetHints":{"allow":["GET"]}}],"collection":[{"href":"https:\/\/www.europesays.com\/fr\/wp-json\/wp\/v2\/posts"}],"about":[{"href":"https:\/\/www.europesays.com\/fr\/wp-json\/wp\/v2\/types\/post"}],"author":[{"embeddable":true,"href":"https:\/\/www.europesays.com\/fr\/wp-json\/wp\/v2\/users\/2"}],"replies":[{"embeddable":true,"href":"https:\/\/www.europesays.com\/fr\/wp-json\/wp\/v2\/comments?post=602546"}],"version-history":[{"count":0,"href":"https:\/\/www.europesays.com\/fr\/wp-json\/wp\/v2\/posts\/602546\/revisions"}],"wp:featuredmedia":[{"embeddable":true,"href":"https:\/\/www.europesays.com\/fr\/wp-json\/wp\/v2\/media\/602547"}],"wp:attachment":[{"href":"https:\/\/www.europesays.com\/fr\/wp-json\/wp\/v2\/media?parent=602546"}],"wp:term":[{"taxonomy":"category","embeddable":true,"href":"https:\/\/www.europesays.com\/fr\/wp-json\/wp\/v2\/categories?post=602546"},{"taxonomy":"post_tag","embeddable":true,"href":"https:\/\/www.europesays.com\/fr\/wp-json\/wp\/v2\/tags?post=602546"}],"curies":[{"name":"wp","href":"https:\/\/api.w.org\/{rel}","templated":true}]}}