{"id":602550,"date":"2025-12-16T07:44:12","date_gmt":"2025-12-16T07:44:12","guid":{"rendered":"https:\/\/www.europesays.com\/fr\/602550\/"},"modified":"2025-12-16T07:44:12","modified_gmt":"2025-12-16T07:44:12","slug":"coup-de-coeur-pour-ce-vin-de-bordeaux-aux-fines-notes-de-champignons-des-bois","status":"publish","type":"post","link":"https:\/\/www.europesays.com\/fr\/602550\/","title":{"rendered":"Coup de c\u0153ur pour ce vin de Bordeaux aux fines notes de champignons des bois"},"content":{"rendered":"<p>    Le ch\u00e2teau Corbin \u00e0 Saint-\u00c9milion<br \/>\n                SDP<\/p>\n<p>\n    Une escapade de fin d\u2019automne avec la cuv\u00e9e 2020 du ch\u00e2teau Corbin \u00e0 la crois\u00e9e de Saint-\u00c9milion et Pomerol.<\/p>\n<p class=\"fig-paragraph\">On a chauss\u00e9 des bottes pour se tourner vers des activit\u00e9s de saison\u00a0: ramasser des ch\u00e2taignes, cueillir des champignons\u2026 Mais quel vin ouvrir pour accompagner sa moisson\u00a0? Le\u00a0<a href=\"https:\/\/avis-vin.lefigaro.fr\/domaines-et-vignerons\/o157195-chateau-corbin-une-progression-dictee-par-l-innovation\" target=\"_blank\" data-fig-type=\"Article\" rel=\"sponsored noopener\" data-gtm-custom-categorie=\"navigation\" data-gtm-custom-action=\"crossclick\" data-gtm-custom-label=\"Contextuel\" data-gtm-event=\"customEventSPE\" data-fig-domain=\"AVIS_VIN\">Ch\u00e2teau Corbin<\/a>, grand cru class\u00e9, de la famille Cruse-Bardinet. C\u2019est un vin de haut vol, issu de vignes situ\u00e9es au nord-ouest de l\u2019appellation\u00a0<a href=\"https:\/\/avis-vin.lefigaro.fr\/connaitre-deguster\/tout-savoir-sur-le-vin\/guide-des-regions-et-des-appellations\/bordeaux\/rive-droite\/appellation-saint-emilion\" target=\"_blank\" rel=\"sponsored noopener\" data-gtm-custom-categorie=\"navigation\" data-gtm-custom-action=\"crossclick\" data-gtm-custom-label=\"Contextuel\" data-gtm-event=\"customEventSPE\">Saint-\u00c9milion<\/a>, \u00e0 la limite de\u00a0<a href=\"https:\/\/avis-vin.lefigaro.fr\/connaitre-deguster\/tout-savoir-sur-le-vin\/guide-des-regions-et-des-appellations\/bordeaux\/rive-droite\/appellation-pomerol\" target=\"_blank\" rel=\"sponsored noopener\" data-gtm-custom-categorie=\"navigation\" data-gtm-custom-action=\"crossclick\" data-gtm-custom-label=\"Contextuel\" data-gtm-event=\"customEventSPE\">Pomerol<\/a>. Voil\u00e0 le nectar tout indiqu\u00e9 pour rendre hommage aux c\u00e8pes et autres morilles persill\u00e9es dans une po\u00eale qui chante. Est-ce incongru d\u2019associer un grand cru class\u00e9 \u00e0 une simple vol\u00e9e de champignons\u00a0? Inappropri\u00e9\u00a0? Non. Qui l\u2019interdit\u00a0? Au contraire, ce flacon haute couture \u2013 assemblage de\u00a0<a href=\"https:\/\/avis-vin.lefigaro.fr\/connaitre-deguster\/tout-savoir-sur-le-vin\/guide-des-cepages\/merlot\" target=\"_blank\" rel=\"sponsored noopener\" data-gtm-custom-categorie=\"navigation\" data-gtm-custom-action=\"crossclick\" data-gtm-custom-label=\"Contextuel\" data-gtm-event=\"customEventSPE\">merlot<\/a>\u00a0(95 %) et de\u00a0<a href=\"https:\/\/avis-vin.lefigaro.fr\/connaitre-deguster\/tout-savoir-sur-le-vin\/guide-des-cepages\/cabernet-franc\" target=\"_blank\" rel=\"sponsored noopener\" data-gtm-custom-categorie=\"navigation\" data-gtm-custom-action=\"crossclick\" data-gtm-custom-label=\"Contextuel\" data-gtm-event=\"customEventSPE\">cabernet franc<\/a>\u00a0(5 %) \u2013 aura toute la place pour prendre l\u2019importance qu\u2019il m\u00e9rite. Un grand vin n\u2019est jamais snob.<\/p>\n<p class=\"fig-body-link\">\n            \u00c0 lire aussi<br \/>\n        <a class=\"fig-body-link__link\" href=\"http:\/\/avis-vin.lefigaro.fr\/tops-selections-vins-spiritueux\/notre-selection-des-plus-beaux-vins-de-saint-emilion-du-millesime-2022-20250404\" target=\"_blank\" data-fig-type=\"Article\" rel=\"noopener\" data-gtm-custom-categorie=\"navigation\" data-gtm-custom-action=\"crossclick\" data-gtm-custom-label=\"Contextuel\" data-gtm-event=\"customEventSPE\" data-fig-domain=\"AVIS_VIN\"><\/p>\n<p>        Les 15 vins de Saint-\u00c9milion du mill\u00e9sime 2022 qui ont \u00e9poustoufl\u00e9 la r\u00e9daction<br \/>\n    <\/a>\n<\/p>\n<p class=\"fig-paragraph\">Il n\u2019a pas besoin de mise en sc\u00e8ne, d\u2019apparat ni de tapageuse compagnie pour briller. Ce Corbin 2020 offre un nez rac\u00e9, \u00e9pic\u00e9, des notes de paprika, de piment doux\u2026 En bouche une belle amplitude. \u00c9videmment des fruits noirs, puissants. Des notes giboyeuses, du poivre noir, des champignons sauvages (d\u00e9cid\u00e9ment\u00a0!). On retrouve nos \u00e9pices et un soup\u00e7on de confiture d\u2019orange. Simple et complexe \u00e0 la fois.<\/p>\n<p>                                                                <a class=\"fig-a11y-skip\" href=\"#fig-a11y-skip-main-inarticle\" data-module=\"a11y-skip\" data-context=\"was @visible\"><br \/>\n    Passer la publicit\u00e9<br \/>\n<\/a>            <\/p>\n<p class=\"fig-paragraph\">Ch\u00e2teau Corbin 2020, disponible chez les cavistes. Prix conseill\u00e9\u00a0: 45 \u20ac (Chateau-corbin.com).<\/p>\n","protected":false},"excerpt":{"rendered":"Le ch\u00e2teau Corbin \u00e0 Saint-\u00c9milion SDP Une escapade de fin d\u2019automne avec la cuv\u00e9e 2020 du ch\u00e2teau Corbin&hellip;\n","protected":false},"author":2,"featured_media":602551,"comment_status":"","ping_status":"","sticky":false,"template":"","format":"standard","meta":{"footnotes":""},"categories":[2817],"tags":[1111,11,1997,4462,1777,674,1011,27,12,2219,25,33919],"class_list":{"0":"post-602550","1":"post","2":"type-post","3":"status-publish","4":"format-standard","5":"has-post-thumbnail","7":"category-bordeaux","8":"tag-actu","9":"tag-actualites","10":"tag-bordeaux","11":"tag-degustation","12":"tag-eu","13":"tag-europe","14":"tag-fr","15":"tag-france","16":"tag-news","17":"tag-nouvelle-aquitaine","18":"tag-republique-francaise","19":"tag-saint-emilion"},"share_on_mastodon":{"url":"https:\/\/pubeurope.com\/@fr\/115728132872951378","error":""},"_links":{"self":[{"href":"https:\/\/www.europesays.com\/fr\/wp-json\/wp\/v2\/posts\/602550","targetHints":{"allow":["GET"]}}],"collection":[{"href":"https:\/\/www.europesays.com\/fr\/wp-json\/wp\/v2\/posts"}],"about":[{"href":"https:\/\/www.europesays.com\/fr\/wp-json\/wp\/v2\/types\/post"}],"author":[{"embeddable":true,"href":"https:\/\/www.europesays.com\/fr\/wp-json\/wp\/v2\/users\/2"}],"replies":[{"embeddable":true,"href":"https:\/\/www.europesays.com\/fr\/wp-json\/wp\/v2\/comments?post=602550"}],"version-history":[{"count":0,"href":"https:\/\/www.europesays.com\/fr\/wp-json\/wp\/v2\/posts\/602550\/revisions"}],"wp:featuredmedia":[{"embeddable":true,"href":"https:\/\/www.europesays.com\/fr\/wp-json\/wp\/v2\/media\/602551"}],"wp:attachment":[{"href":"https:\/\/www.europesays.com\/fr\/wp-json\/wp\/v2\/media?parent=602550"}],"wp:term":[{"taxonomy":"category","embeddable":true,"href":"https:\/\/www.europesays.com\/fr\/wp-json\/wp\/v2\/categories?post=602550"},{"taxonomy":"post_tag","embeddable":true,"href":"https:\/\/www.europesays.com\/fr\/wp-json\/wp\/v2\/tags?post=602550"}],"curies":[{"name":"wp","href":"https:\/\/api.w.org\/{rel}","templated":true}]}}