{"id":602554,"date":"2025-12-16T07:46:12","date_gmt":"2025-12-16T07:46:12","guid":{"rendered":"https:\/\/www.europesays.com\/fr\/602554\/"},"modified":"2025-12-16T07:46:12","modified_gmt":"2025-12-16T07:46:12","slug":"la-ligne-a-du-metro-partiellement-a-larret-les-stations-non-desservies","status":"publish","type":"post","link":"https:\/\/www.europesays.com\/fr\/602554\/","title":{"rendered":"la ligne A du m\u00e9tro partiellement \u00e0 l&rsquo;arr\u00eat, les stations non desservies"},"content":{"rendered":"<p>                    Par<br \/>\n        <strong><br \/>\n            <a href=\"https:\/\/actu.fr\/auteur\/guillaume-laurens\" title=\"Consulter tous les articles de Guillaume Laurens\" target=\"_blank\" rel=\"noopener\">Guillaume Laurens<\/a><br \/>\n                    <\/strong><\/p>\n<p>        Publi\u00e9 le<\/p>\n<p>            16 d\u00e9c. 2025 \u00e0 8h40<br \/>\n        ; mis \u00e0 jour le 16 d\u00e9c. 2025 \u00e0 8h45    <\/p>\n<p>Alors que <a href=\"https:\/\/actu.fr\/occitanie\/toulouse_31555\/colere-des-agriculteurs-routes-trains-autoroutes-nouvelle-journee-de-blocage-a-toulouse-et-aux-alentours_63581243.html\" target=\"_blank\" rel=\"noopener\">la mobilisation des agriculteurs entra\u00eene encore une <strong>certaine pagaille<\/strong><\/a> sur les <strong>grandes routes<\/strong> de la r\u00e9gion ce mardi 16 d\u00e9cembre 2025, la ligne A du <a href=\"https:\/\/actu.fr\/tag\/metro-de-toulouse\" target=\"_blank\" rel=\"noopener\">m\u00e9tro de <strong>Toulouse<\/strong><\/a> a aussi \u00e9t\u00e9 <strong>(partiellement) interrompue<\/strong> peu avant 8h30.<\/p>\n<p>Un bagage abandonn\u00e9 \u00e0 la station Argoulets<\/p>\n<p class=\" wall-content\">D\u2019apr\u00e8s <a href=\"https:\/\/actu.fr\/tag\/tisseo\" target=\"_blank\" rel=\"noopener\">Tiss\u00e9o<\/a>, la ligne A est partiellement \u00e0 l\u2019arr\u00eat entre les stations <strong>Balma-Gramont<\/strong> et <strong>Jolimont<\/strong>, en raison d\u2019un <strong>bagage abandonn\u00e9<\/strong> sur le quai de la station <strong>Argoulets<\/strong>. Le temps que les d\u00e9mineurs interviennent sur place, l\u2019autorit\u00e9 des transports en commun dans l\u2019agglo a d\u00fb se r\u00e9soudre \u00e0 <strong>interrompre le trafic<\/strong>.<\/p>\n<p>Trois stations non desservies<\/p>\n<p class=\" wall-content\">Les stations non desservies sont :<\/p>\n<ul class=\" wall-content\">\n<li><strong>Balma-Gramont<\/strong><\/li>\n<li><strong>Argoulets<\/strong><\/li>\n<li><strong>Roseraie<\/strong><\/li>\n<\/ul>\n<p class=\" wall-content\">La ligne A fonctionne normalement entre les stations Jolimont et Basso Cambo, selon Tiss\u00e9o, qui indique avoir prolong\u00e9 la ligne L14 en <strong>ligne A\u2019<\/strong> entre Marengo \u2013 SNCF et Balma \u2013 Gramont.\u00a0<\/p>\n<p class=\" wall-content\">Personnalisez votre actualit\u00e9 en ajoutant vos villes et m\u00e9dias en favori avec <a href=\"https:\/\/moncompte.actu.fr\" title=\"D\u00e9couvez Mon Actu\" rel=\"nofollow noopener\" data-trk=\"{&quot;cta&quot;:{&quot;action&quot;:&quot;https:\\\/\\\/moncompte.actu.fr&quot;,&quot;category&quot;:&quot;mon compte&quot;,&quot;from&quot;:&quot;article footer&quot;,&quot;name&quot;:&quot;Mon actu&quot;,&quot;type&quot;:&quot;cta&quot;}}\" target=\"_blank\">Mon Actu<\/a>.<\/p>\n","protected":false},"excerpt":{"rendered":"Par Guillaume Laurens Publi\u00e9 le 16 d\u00e9c. 2025 \u00e0 8h40 ; mis \u00e0 jour le 16 d\u00e9c. 2025&hellip;\n","protected":false},"author":2,"featured_media":602555,"comment_status":"","ping_status":"","sticky":false,"template":"","format":"standard","meta":{"footnotes":""},"categories":[2816],"tags":[1111,11,1777,674,1011,27,10596,12,2680,25,104,5400,2312],"class_list":{"0":"post-602554","1":"post","2":"type-post","3":"status-publish","4":"format-standard","5":"has-post-thumbnail","7":"category-toulouse","8":"tag-actu","9":"tag-actualites","10":"tag-eu","11":"tag-europe","12":"tag-fr","13":"tag-france","14":"tag-metro-de-toulouse","15":"tag-news","16":"tag-occitanie","17":"tag-republique-francaise","18":"tag-societe","19":"tag-tisseo","20":"tag-toulouse"},"share_on_mastodon":{"url":"https:\/\/pubeurope.com\/@fr\/115728140589303477","error":""},"_links":{"self":[{"href":"https:\/\/www.europesays.com\/fr\/wp-json\/wp\/v2\/posts\/602554","targetHints":{"allow":["GET"]}}],"collection":[{"href":"https:\/\/www.europesays.com\/fr\/wp-json\/wp\/v2\/posts"}],"about":[{"href":"https:\/\/www.europesays.com\/fr\/wp-json\/wp\/v2\/types\/post"}],"author":[{"embeddable":true,"href":"https:\/\/www.europesays.com\/fr\/wp-json\/wp\/v2\/users\/2"}],"replies":[{"embeddable":true,"href":"https:\/\/www.europesays.com\/fr\/wp-json\/wp\/v2\/comments?post=602554"}],"version-history":[{"count":0,"href":"https:\/\/www.europesays.com\/fr\/wp-json\/wp\/v2\/posts\/602554\/revisions"}],"wp:featuredmedia":[{"embeddable":true,"href":"https:\/\/www.europesays.com\/fr\/wp-json\/wp\/v2\/media\/602555"}],"wp:attachment":[{"href":"https:\/\/www.europesays.com\/fr\/wp-json\/wp\/v2\/media?parent=602554"}],"wp:term":[{"taxonomy":"category","embeddable":true,"href":"https:\/\/www.europesays.com\/fr\/wp-json\/wp\/v2\/categories?post=602554"},{"taxonomy":"post_tag","embeddable":true,"href":"https:\/\/www.europesays.com\/fr\/wp-json\/wp\/v2\/tags?post=602554"}],"curies":[{"name":"wp","href":"https:\/\/api.w.org\/{rel}","templated":true}]}}