{"id":602560,"date":"2025-12-16T07:49:13","date_gmt":"2025-12-16T07:49:13","guid":{"rendered":"https:\/\/www.europesays.com\/fr\/602560\/"},"modified":"2025-12-16T07:49:13","modified_gmt":"2025-12-16T07:49:13","slug":"un-accident-impliquant-2-vehicules-au-niveau-des-pennes-mirabeau-cree-un-gros-bouchon-en-direction-de-marseille","status":"publish","type":"post","link":"https:\/\/www.europesays.com\/fr\/602560\/","title":{"rendered":"un accident impliquant 2 v\u00e9hicules au niveau des Pennes-Mirabeau cr\u00e9e un gros bouchon en direction de Marseille"},"content":{"rendered":"<p>Aux alentours de 7h30 ce mardi matin 15 d\u00e9cembre, un accident s&rsquo;est produit entre deux v\u00e9hicules l\u00e9gers sur la voix de gauche sur l&rsquo;A7 en direction de Marseille, au niveau des Pennes-Mirabeau.<\/p>\n<p>Les pompiers sont actuellement sont place, les \u00e9quipes de la Dirmed et la police \u00e9galement. Pour l&rsquo;heure aucun bless\u00e9 n&rsquo;est \u00e0 d\u00e9plorer, mais la situation cr\u00e9e un embouteillage important sur l&rsquo;autoroute jusqu&rsquo;\u00e0 l&rsquo;entr\u00e9e de Marseille.\u00a0<\/p>\n","protected":false},"excerpt":{"rendered":"Aux alentours de 7h30 ce mardi matin 15 d\u00e9cembre, un accident s&rsquo;est produit entre deux v\u00e9hicules l\u00e9gers sur&hellip;\n","protected":false},"author":2,"featured_media":456406,"comment_status":"","ping_status":"","sticky":false,"template":"","format":"standard","meta":{"footnotes":""},"categories":[2814],"tags":[17,119,1111,11,11803,154,1777,674,1011,27,7726,884,12,4072,37365,882,25,104,7727],"class_list":{"0":"post-602560","1":"post","2":"type-post","3":"status-publish","4":"format-standard","5":"has-post-thumbnail","7":"category-marseille","8":"tag-17","9":"tag-accident","10":"tag-actu","11":"tag-actualites","12":"tag-cree","13":"tag-des","14":"tag-eu","15":"tag-europe","16":"tag-fr","17":"tag-france","18":"tag-impliquant","19":"tag-marseille","20":"tag-news","21":"tag-niveau","22":"tag-pennes-mirabeau","23":"tag-provence-alpes-cote-dazur","24":"tag-republique-francaise","25":"tag-societe","26":"tag-vehicules"},"share_on_mastodon":{"url":"https:\/\/pubeurope.com\/@fr\/115728152287104962","error":""},"_links":{"self":[{"href":"https:\/\/www.europesays.com\/fr\/wp-json\/wp\/v2\/posts\/602560","targetHints":{"allow":["GET"]}}],"collection":[{"href":"https:\/\/www.europesays.com\/fr\/wp-json\/wp\/v2\/posts"}],"about":[{"href":"https:\/\/www.europesays.com\/fr\/wp-json\/wp\/v2\/types\/post"}],"author":[{"embeddable":true,"href":"https:\/\/www.europesays.com\/fr\/wp-json\/wp\/v2\/users\/2"}],"replies":[{"embeddable":true,"href":"https:\/\/www.europesays.com\/fr\/wp-json\/wp\/v2\/comments?post=602560"}],"version-history":[{"count":0,"href":"https:\/\/www.europesays.com\/fr\/wp-json\/wp\/v2\/posts\/602560\/revisions"}],"wp:featuredmedia":[{"embeddable":true,"href":"https:\/\/www.europesays.com\/fr\/wp-json\/wp\/v2\/media\/456406"}],"wp:attachment":[{"href":"https:\/\/www.europesays.com\/fr\/wp-json\/wp\/v2\/media?parent=602560"}],"wp:term":[{"taxonomy":"category","embeddable":true,"href":"https:\/\/www.europesays.com\/fr\/wp-json\/wp\/v2\/categories?post=602560"},{"taxonomy":"post_tag","embeddable":true,"href":"https:\/\/www.europesays.com\/fr\/wp-json\/wp\/v2\/tags?post=602560"}],"curies":[{"name":"wp","href":"https:\/\/api.w.org\/{rel}","templated":true}]}}