{"id":602565,"date":"2025-12-16T07:52:26","date_gmt":"2025-12-16T07:52:26","guid":{"rendered":"https:\/\/www.europesays.com\/fr\/602565\/"},"modified":"2025-12-16T07:52:26","modified_gmt":"2025-12-16T07:52:26","slug":"toute-lactualite-de-ce-mardi-16-decembre-2025-a-lyon","status":"publish","type":"post","link":"https:\/\/www.europesays.com\/fr\/602565\/","title":{"rendered":"Toute l&rsquo;actualit\u00e9 de ce mardi 16 d\u00e9cembre 2025 \u00e0 Lyon"},"content":{"rendered":"<p>A la une de l\u2019info \u00e0 Lyon : explosion \u00e0 Tr\u00e9voux, manifestations des agriculteurs et des AESH (Assistants d\u2019Education), le budget 2026 de la M\u00e9tropole de Lyon, les \u00e9lections municipales et les candidatures de Georges K\u00e9p\u00e9n\u00e9kian \u00e0 Lyon et de Martin Sotton \u00e0 Thizy-les-Bourgs, Lutte Ouvri\u00e8re en campagne \u00e0 Lyon, et la concertation publique sur le tramway Cr\u00e9mieu-Lyon par Meyzieu\u2026<\/p>\n<p>ECOUTEZ LE 1\/4H LYONNAIS\u2026 Toute l\u2019actualit\u00e9 de ce mardi 16 d\u00e9cembre 2025<\/p>\n<p>LE 1\/4H LYONNAIS | mardi 16 d\u00e9cembre 2025<\/p>\n<p><strong>Explosion<\/strong> dans un immeuble \u00e0 <strong>Tr\u00e9voux<\/strong>: deux enfants d\u00e9c\u00e9d\u00e9s, une trentaine de victimes, bless\u00e9es ou choqu\u00e9es. Le ministre de l\u2019Int\u00e9rieur sur place\u2026<\/p>\n<p>Les <strong>syndicats agricoles<\/strong> appellent \u00e0 de <strong>nouvelles mobilisations<\/strong> cette semaine, \u00e0 la veille des f\u00eates de fin d\u2019ann\u00e9e. Vendredi, la <strong>Conf\u00e9d\u00e9ration paysanne<\/strong> appelle \u00e0 une \u00ab <strong>grande marche fun\u00e8bre<\/strong> \u00bb au d\u00e9part de la place Jean Mac\u00e9 <strong>\u00e0 Lyon<\/strong><\/p>\n<p>Les <strong>Assisatants d\u2019Education<\/strong> d\u00e9noncent leurs conditions de travail, de contrat, de salaire. Ce mardi, ils et elles manifesteront devant le <strong>rectorat de Lyon<\/strong>, pour manifester, \u00e0 l\u2019appel de la CGT Educ\u2019Action.<\/p>\n<p>Le <strong>budget<\/strong> de la <strong>M\u00e9tropole de Lyon<\/strong> au menu de l\u2019assembl\u00e9e pl\u00e9ni\u00e8re ce lundi (la derni\u00e8re avant les \u00e9lections de mars 2026). Budget largement contest\u00e9 par le groupe d\u2019opposition \u00ab\u00a0<strong>Grand c\u0153ur lyonnais<\/strong>\u00ab\u00a0<\/p>\n<p>Ecoutez aussi : <a href=\"https:\/\/www.lyondemain.fr\/cedric-van-styvendael-candidat-villeurbanne-municipales-2026\/\" target=\"_blank\" rel=\"noreferrer noopener\">C\u00e9dric van Styvendael candidat en 2026 \u00e0 Villeurbanne<\/a><\/p>\n<p>Egalement dans l\u2019actualit\u00e9 de ce mardi 16 d\u00e9cembre<\/p>\n<p><strong>Georges K\u00e9p\u00e9n\u00e9kian<\/strong>, candidat annonc\u00e9 depuis 1 an \u00e0 la mairie de Lyon, a officiellement lanc\u00e9 sa campagne. En appuyant sur la m\u00e9thode\u2026Un reportage de <strong>Louis Demeurs<\/strong><\/p>\n<p>Nos invit\u00e9s : <strong><a href=\"https:\/\/lyonquellenergie.fr\/\" target=\"_blank\" rel=\"noreferrer noopener\">Georges K\u00e9p\u00e9n\u00e9kian<\/a><\/strong> et <strong>Alexandre Chevalier<\/strong> qui a rejoint la liste \u00ab\u00a0<strong>Lyon Quelle Energie !<\/strong>\u00a0\u00bb et exclu de <strong>Place Publique<\/strong><\/p>\n<p><strong>Lutte Ouvri\u00e8re<\/strong> pr\u00e9sentera une liste aux <strong>\u00e9lections municipales 2026<\/strong> \u00e0 Lyon. Mais pas dans tous les arrondissements. La liste lyonnaise sera conduite par <strong>Delphine Briday<\/strong>, infirmi\u00e8re \u00e0 Lyon<\/p>\n<p><strong>Martin Sotton<\/strong> est de retour. Il sera <strong>t\u00eate de liste<\/strong> aux prochaines<strong> \u00e9lections municipales \u00e0 Thizy les Bourgs<\/strong>. Apr\u00e8s sa condamnation en 2023\u2026<\/p>\n<p>La <strong>R\u00e9gion Auvergne-Rh\u00f4ne-Alpes<\/strong> lance une <strong>concertation publique<\/strong> jusqu\u2019au 14 janvier sur le <strong><a href=\"https:\/\/www.auvergnerhonealpes.fr\/actualites\/liaison-cremieu-lyon-par-meyzieu-le-projet\" target=\"_blank\" rel=\"noreferrer noopener\">tramway Cr\u00e9mieu-Lyon<\/a> par Meyzieu<\/strong>. Un atelier interactif. ce soir \u00e0 <strong>Pusignan<\/strong><\/p>\n<p>Ecoutez aussi : <a href=\"https:\/\/www.lyondemain.fr\/actualite-de-ce-lundi-15-decembre-elections-municipales-villeurbanne\/\" target=\"_blank\" rel=\"noreferrer noopener\">Toute l\u2019actualit\u00e9 de ce lundi 15 d\u00e9cembre 2025 \u00e0 Lyon<\/a><\/p>\n<p><img fetchpriority=\"high\" decoding=\"async\" width=\"1200\" height=\"675\" src=\"https:\/\/www.europesays.com\/fr\/wp-content\/uploads\/2025\/12\/actualite-de-ce-mardi-16-decembre-2025.jpg\" alt=\"actualit\u00e9 de ce mardi 16 d\u00e9cembre  2025 info \u00e0 Lyon\" class=\"wp-image-252787\"  \/>Retrouvez aussi le Quart d\u2019Heure Lyonnais de Lyon Demain sur les antennes de Radio Pluriel (Lyon). Radio Salam (Lyon, Saint-Etienne et Bourg) et Radio Arm\u00e9nie (Lyon et Vienne)<br \/>\nJ\u2019aime \u00e7a\u00a0:<\/p>\n<p>J\u2019aime chargement\u2026<\/p>\n<p><a class=\"sd-link-color\"\/><\/p>\n<p>\n\tArticles similaires\n<\/p>\n<p>\t\t\t\t<img decoding=\"async\" src=\"https:\/\/www.europesays.com\/fr\/wp-content\/uploads\/2025\/12\/1765871546_16_7866158698e17e8ed633c05e8f8e7fe5d9e057ad78661c4dc34e413abb6b9f19\" alt=\"G\u00e9rald Bouchon\"\/><\/p>\n<p>Pionnier des radios libres, passionn\u00e9 de radio, journaliste et dirigeant de m\u00e9dias \u00e9co-responsables..<\/p>\n","protected":false},"excerpt":{"rendered":"A la une de l\u2019info \u00e0 Lyon : explosion \u00e0 Tr\u00e9voux, manifestations des agriculteurs et des AESH (Assistants&hellip;\n","protected":false},"author":2,"featured_media":602566,"comment_status":"","ping_status":"","sticky":false,"template":"","format":"standard","meta":{"footnotes":""},"categories":[1889],"tags":[1111,11,30198,2572,43700,2430,18352,16834,34638,71519,1777,674,2688,1011,27,71520,69688,1943,70772,2428,71521,10510,3434,12,4289,71522,13386,25,71523,4109,71514],"class_list":{"0":"post-602565","1":"post","2":"type-post","3":"status-publish","4":"format-standard","5":"has-post-thumbnail","7":"category-lyon","8":"tag-actu","9":"tag-actualites","10":"tag-aesh","11":"tag-agriculteurs","12":"tag-alexandre-chevalier","13":"tag-auvergne-rhone-alpes","14":"tag-budget-2026","15":"tag-concertation","16":"tag-confederation-paysanne","17":"tag-cremieu-lyon","18":"tag-eu","19":"tag-europe","20":"tag-explosion","21":"tag-fr","22":"tag-france","23":"tag-georges-kepenekian","24":"tag-grand-coeur-lyonnais","25":"tag-handicap","26":"tag-lutte-ouvriere","27":"tag-lyon","28":"tag-martin-sotton","29":"tag-metropole-de-lyon","30":"tag-municipales-2026","31":"tag-news","32":"tag-place-publique","33":"tag-quelle-energie","34":"tag-region-auvergne-rhone-alpes","35":"tag-republique-francaise","36":"tag-thizy","37":"tag-tramway","38":"tag-trevoux"},"share_on_mastodon":{"url":"https:\/\/pubeurope.com\/@fr\/115728164773569457","error":""},"_links":{"self":[{"href":"https:\/\/www.europesays.com\/fr\/wp-json\/wp\/v2\/posts\/602565","targetHints":{"allow":["GET"]}}],"collection":[{"href":"https:\/\/www.europesays.com\/fr\/wp-json\/wp\/v2\/posts"}],"about":[{"href":"https:\/\/www.europesays.com\/fr\/wp-json\/wp\/v2\/types\/post"}],"author":[{"embeddable":true,"href":"https:\/\/www.europesays.com\/fr\/wp-json\/wp\/v2\/users\/2"}],"replies":[{"embeddable":true,"href":"https:\/\/www.europesays.com\/fr\/wp-json\/wp\/v2\/comments?post=602565"}],"version-history":[{"count":0,"href":"https:\/\/www.europesays.com\/fr\/wp-json\/wp\/v2\/posts\/602565\/revisions"}],"wp:featuredmedia":[{"embeddable":true,"href":"https:\/\/www.europesays.com\/fr\/wp-json\/wp\/v2\/media\/602566"}],"wp:attachment":[{"href":"https:\/\/www.europesays.com\/fr\/wp-json\/wp\/v2\/media?parent=602565"}],"wp:term":[{"taxonomy":"category","embeddable":true,"href":"https:\/\/www.europesays.com\/fr\/wp-json\/wp\/v2\/categories?post=602565"},{"taxonomy":"post_tag","embeddable":true,"href":"https:\/\/www.europesays.com\/fr\/wp-json\/wp\/v2\/tags?post=602565"}],"curies":[{"name":"wp","href":"https:\/\/api.w.org\/{rel}","templated":true}]}}