{"id":602567,"date":"2025-12-16T07:54:19","date_gmt":"2025-12-16T07:54:19","guid":{"rendered":"https:\/\/www.europesays.com\/fr\/602567\/"},"modified":"2025-12-16T07:54:19","modified_gmt":"2025-12-16T07:54:19","slug":"le-talent-dentrepreneurs-devry-courcouronnes-devoile","status":"publish","type":"post","link":"https:\/\/www.europesays.com\/fr\/602567\/","title":{"rendered":"Le talent d\u2019entrepreneurs d\u2019\u00c9vry-Courcouronnes d\u00e9voil\u00e9"},"content":{"rendered":"<p><img loading=\"lazy\" decoding=\"async\" alt=\"DR - Les laur\u00e9ats montrent que \u201cle talent n\u2019a pas d\u2019adresse, mais les opportunit\u00e9s, si\u201d.\u00a0\" data-zoom-src=\"https:\/\/www.europesays.com\/fr\/wp-content\/uploads\/2025\/12\/initial-diversidays-evry-promotion-speciale-leadership-program-2.jpg\" data-zoomable=\"\" height=\"702\" src=\"https:\/\/www.europesays.com\/fr\/wp-content\/uploads\/2025\/12\/initial-diversidays-evry-promotion-speciale-leadership-program-2.jpg\" width=\"1248\"\/>  <\/p>\n<p class=\"article-desc\">DR &#8211; Les laur\u00e9ats montrent que \u201cle talent n\u2019a pas d\u2019adresse, mais les opportunit\u00e9s, si\u201d.\u00a0 <\/p>\n<p>Engag\u00e9e pour l\u2019\u00e9galit\u00e9 des chances dans le num\u00e9rique, l\u2019association <a href=\"https:\/\/mesinfos.fr\/78580-jumeauville\/jumeauville-la-start-up-autypik-laureate-du-programme-diversidays-ia-216284.html\" rel=\"noopener\" target=\"_blank\">Diversidays<\/a> a annonc\u00e9 les six laur\u00e9ats de la promotion sp\u00e9ciale <strong>\u00c9vry-Courcouronnes <\/strong>de son<strong> Leadership Program<\/strong>, pr\u00e9sent\u00e9s le 10 d\u00e9cembre lors du \u201cTremplin\u201d, soir\u00e9e qui cl\u00f4ture ce dispositif. <\/p>\n<p>Destin\u00e9 aux entrepreneurs sous-repr\u00e9sent\u00e9s (issus de quartiers populaires, de zones rurales, en reconversion ou en situation de handicap), le Leadership\u202fProgram propose <strong>120\u202fheures d\u2019accompagnement intensif <\/strong>pour structurer et d\u00e9velopper des <a href=\"https:\/\/mesinfos.fr\/69000-lyon\/en-2025-le-reseau-entreprendre-rhone-tourne-vers-les-projets-a-impact-213385.html\" rel=\"noopener\" target=\"_blank\">projets \u00e0 impact<\/a> dans le num\u00e9rique et la tech. <\/p>\n<p> La promotion sp\u00e9ciale d\u2019\u00c9vry-Courcouronnes <\/p>\n<p>Cette promotion met en lumi\u00e8re <a href=\"https:\/\/mesinfos.fr\/78280-guyancourt\/entrepreneuriat-pour-tous-on-arrive-avec-une-idee-mais-on-a-la-trouille-214987.html\" rel=\"noopener\" target=\"_blank\">six parcours inspirants<\/a>. Avec son application <strong>Famiko, Maxime\u202fBoutevillain<\/strong> aide les parents \u00e0 recr\u00e9er des moments de qualit\u00e9 avec leurs enfants au c\u0153ur de journ\u00e9es charg\u00e9es. <strong>Ana\u00efs\u202fIndzembis<\/strong>, fondatrice de<strong> L\u2019Audacieux\u202fParis<\/strong>, d\u00e9fend une mode responsable, inclusive et intemporelle. <strong>Jade\u202fPaz <\/strong>signe avec \u201cJe n\u2019arrive plus \u00e0 respirer ou la m\u00e9tamorphose\u201d un documentaire qui explore la justice restaurative \u00e0 travers la danse et la parole.\u00a0<\/p>\n<p>De son c\u00f4t\u00e9, <strong>Florian\u202fGomis d\u00e9veloppe Moonlie<\/strong>, une application qui rassemble les \u00e9tudiant autour de la vie associative et culturelle de leur campus. <strong>Christelle\u202fKatanga<\/strong>, porteuse du projet<strong> Les\u202fSpeakeuses<\/strong>, \u0153uvre \u00e0 la cr\u00e9ation d\u2019une plateforme num\u00e9rique favorisant l\u2019entraide et la formation des femmes. Enfin, <strong>Mahamoudou\u202fSiby<\/strong>, \u00e0 la t\u00eate de <strong>Smart\u202fVision\u202f360,<\/strong> met son expertise du storytelling et du digital au service de la visibilit\u00e9 des marques et porteurs de projets. <\/p>\n<p>\u201cCe dispositif offre \u00e0 des entrepreneurs sous-repr\u00e9sent\u00e9s les codes, les r\u00e9seaux, et la confiance n\u00e9cessaires pour franchir un cap. Le Tremplin, c\u2019est le moment o\u00f9 le territoire d\u00e9couvre ses talents\u2026 Et o\u00f9, pour beaucoup d\u2019entre eux, une nouvelle aventure commence\u201d, souligne <strong>Iris Avital<\/strong>, d\u00e9l\u00e9gu\u00e9e g\u00e9n\u00e9rale adjointe de Diversidays. Cette \u00e9dition sp\u00e9ciale du Leadership Program est parrain\u00e9e par <strong>Arthur\u202fPerticoz<\/strong>, directeur g\u00e9n\u00e9ral de la <strong>Karmine\u202fCorp<\/strong>, figure de l\u2019esport fran\u00e7ais.<\/p>\n","protected":false},"excerpt":{"rendered":"DR &#8211; Les laur\u00e9ats montrent que \u201cle talent n\u2019a pas d\u2019adresse, mais les opportunit\u00e9s, si\u201d.\u00a0 Engag\u00e9e pour l\u2019\u00e9galit\u00e9&hellip;\n","protected":false},"author":2,"featured_media":602568,"comment_status":"","ping_status":"","sticky":false,"template":"","format":"standard","meta":{"footnotes":""},"categories":[1592],"tags":[1111,11,2855,1777,674,1011,27,662,12,626,25],"class_list":{"0":"post-602567","1":"post","2":"type-post","3":"status-publish","4":"format-standard","5":"has-post-thumbnail","7":"category-ile-de-france","8":"tag-actu","9":"tag-actualites","10":"tag-entrepreneuriat","11":"tag-eu","12":"tag-europe","13":"tag-fr","14":"tag-france","15":"tag-ile-de-france","16":"tag-news","17":"tag-paris","18":"tag-republique-francaise"},"share_on_mastodon":{"url":"https:\/\/pubeurope.com\/@fr\/115728172660903787","error":""},"_links":{"self":[{"href":"https:\/\/www.europesays.com\/fr\/wp-json\/wp\/v2\/posts\/602567","targetHints":{"allow":["GET"]}}],"collection":[{"href":"https:\/\/www.europesays.com\/fr\/wp-json\/wp\/v2\/posts"}],"about":[{"href":"https:\/\/www.europesays.com\/fr\/wp-json\/wp\/v2\/types\/post"}],"author":[{"embeddable":true,"href":"https:\/\/www.europesays.com\/fr\/wp-json\/wp\/v2\/users\/2"}],"replies":[{"embeddable":true,"href":"https:\/\/www.europesays.com\/fr\/wp-json\/wp\/v2\/comments?post=602567"}],"version-history":[{"count":0,"href":"https:\/\/www.europesays.com\/fr\/wp-json\/wp\/v2\/posts\/602567\/revisions"}],"wp:featuredmedia":[{"embeddable":true,"href":"https:\/\/www.europesays.com\/fr\/wp-json\/wp\/v2\/media\/602568"}],"wp:attachment":[{"href":"https:\/\/www.europesays.com\/fr\/wp-json\/wp\/v2\/media?parent=602567"}],"wp:term":[{"taxonomy":"category","embeddable":true,"href":"https:\/\/www.europesays.com\/fr\/wp-json\/wp\/v2\/categories?post=602567"},{"taxonomy":"post_tag","embeddable":true,"href":"https:\/\/www.europesays.com\/fr\/wp-json\/wp\/v2\/tags?post=602567"}],"curies":[{"name":"wp","href":"https:\/\/api.w.org\/{rel}","templated":true}]}}