{"id":602569,"date":"2025-12-16T07:55:17","date_gmt":"2025-12-16T07:55:17","guid":{"rendered":"https:\/\/www.europesays.com\/fr\/602569\/"},"modified":"2025-12-16T07:55:17","modified_gmt":"2025-12-16T07:55:17","slug":"la-renovation-de-lhistorique-chateau-de-la-muette-a-paris-veritable-casse-tete","status":"publish","type":"post","link":"https:\/\/www.europesays.com\/fr\/602569\/","title":{"rendered":"la r\u00e9novation de l&rsquo;historique ch\u00e2teau de la Muette \u00e0 Paris, v\u00e9ritable casse-t\u00eate"},"content":{"rendered":"<p>                    Par<br \/>\n        <strong><br \/>\n            <a href=\"https:\/\/actu.fr\/auteur\/ines-cussac-actu-fr\" title=\"Consulter tous les articles de In\u00e8s Cussac\" target=\"_blank\" rel=\"noopener\">In\u00e8s Cussac<\/a><br \/>\n                    <\/strong><\/p>\n<p>        Publi\u00e9 le<\/p>\n<p>            16 d\u00e9c. 2025 \u00e0 8h26        <\/p>\n<p>Dans les entrailles de l\u2019Organisation de coop\u00e9ration et de d\u00e9veloppement \u00e9conomiques (OCDE), une ruche en cache une autre. Le bourdonnement du <strong>si\u00e8ge de l\u2019OCDE<\/strong>, situ\u00e9 dans le 16e arrondissement de <a href=\"https:\/\/actu.fr\/paris\/dernieres-actus\" target=\"_blank\" rel=\"noopener\">Paris<\/a>, ne vient pas seulement des milliers d\u2019experts <a href=\"https:\/\/actu.fr\/paris\/economie\" target=\"_blank\" rel=\"noopener\">\u00e9conomiques<\/a> des 38 pays membres. Les abeilles du projet Stone sont aussi \u00e0 l\u2019ouvrage pour restaurer le ch\u00e2teau de la Muette. Pendant que les uns planchent \u00e0 l\u2019int\u00e9rieur, les autres s\u2019appliquent \u00e0 l\u2019ext\u00e9rieur. Depuis 2024, un m\u00e9ticuleux chantier s\u2019est organis\u00e9 pour r\u00e9nover les fa\u00e7ades et les toitures de cet ancien pavillon de chasse construit en 1549 tout en pr\u00e9servant l\u2019activit\u00e9 du site. \u00ab\u2009Il y a quatre chantiers en un, r\u00e9sume Mirela Marcon, directrice du patrimoine immobilier \u00e0 l\u2019OCDE. Tout au long des travaux, <strong>le ch\u00e2teau reste occup\u00e9<\/strong>.\u2009\u00bb<\/p>\n<p class=\" wall-content\">Autour de ce monument bordant le bois de Boulogne, les artisans sp\u00e9cialistes de la pierre, de la couverture et de la peinture travaillent c\u00f4te \u00e0 c\u00f4te pour mener ce chantier d\u00e9coup\u00e9 en trois phases. Quand l\u2019une est en cours, une autre se pr\u00e9pare avec l\u2019installation hors-norme des \u00e9chafaudages. \u00ab\u2009Pour ce chantier complexe, nous avons tout fait pour minimiser la dur\u00e9e et les risques de s\u00e9curit\u00e9\u2009\u00bb, assure Elena Perez Palacios, cheffe de projet charg\u00e9e de l\u2019architecture des espaces de travail \u00e0 l\u2019OCDE. La fin des travaux est pr\u00e9vue pour 2027.<\/p>\n<p>Des chutes de pierres<\/p>\n<p class=\" wall-content\">\u00ab\u2009Depuis cinq ou six ans, il y avait des chutes de pierres de la fa\u00e7ade. Des marquises avaient donc \u00e9t\u00e9 install\u00e9es au-dessus des portes en attendant les expertises et le lancement de l\u2019appel d\u2019offres en 2024\u2009\u00bb, relate Mirela Marcon. Des r\u00e9novations de la couverture des pierres avaient \u00e9t\u00e9 r\u00e9alis\u00e9es en 2006 mais certaines malfa\u00e7ons auraient fragilis\u00e9 les cimaises des fa\u00e7ades. \u00ab\u2009Les clous en acier qui avaient \u00e9t\u00e9 utilis\u00e9s ont fini par rouiller. Ce qui les a fait grossir et donc exploser dans la pierre\u2009\u00bb, \u00e9claire Gauthier Debray, couvreur sur le chantier. \u00ab\u2009On partait de la pierre \u00e0 r\u00e9nover mais on s\u2019est rendu compte qu\u2019il y avait les ch\u00e9neaux \u00e0 restaurer et donc la toiture et les ardoises \u00e0 changer. Avec la couverture, il a aussi fallu adapter les \u00e9chafaudages\u2026 En fait, <strong>on a tir\u00e9 sur la pelote<\/strong> d\u2019un chantier qu\u2019on ne penserait pas si cons\u00e9quent. La partie \u00e9merg\u00e9e de l\u2019iceberg ne nous faisait pas penser \u00e0 tout cela\u2009\u00bb, liste Loup d\u2019Avezac de Cast\u00e9ra, architecte du patrimoine pour le cabinet Lacaa.<\/p>\n<p>    <img   decoding=\"async\" loading=\"lazy\" src=\"https:\/\/www.europesays.com\/fr\/wp-content\/uploads\/2025\/12\/20251215-112409-960x640.jpg\" alt=\"Les chutes de pierres \u00e9taient r\u00e9guli\u00e8res donc des marquises ont \u00e9t\u00e9 install\u00e9es au dessus des portes du si\u00e8ge de l'OCDE.\" width=\"960\" height=\"640\"\/><br \/>\n    Les chutes de pierres \u00e9taient r\u00e9guli\u00e8res donc des marquises ont \u00e9t\u00e9 install\u00e9es au dessus des portes du si\u00e8ge de l\u2019OCDE. (\u00a9IC \/ actu Paris)<\/p>\n<p class=\" wall-content\">Sous ses pieds, \u00e0 travers l\u2019\u00e9chafaudage m\u00e9tallique, Gauthier Debray peut apercevoir Tom Dreyfus. Lui, travaille \u00e0 la restauration d\u2019un mascaron, ornement en forme de masque install\u00e9 au-dessus d\u2019une fen\u00eatre. \u00ab\u2009Les pierres ont \u00e9t\u00e9 alt\u00e9r\u00e9es par l\u2019\u00e9rosion, c\u2019est ce qui conduit \u00e0 un vieillissement naturel de la pierre. D\u2019abord, on consolide les fissures, ensuite on restitue les volumes et apr\u00e8s on patine pour harmoniser la sculpture\u2009\u00bb, d\u00e9taille-t-il sous son \u00e9paisse barbe rousse.<\/p>\n<p>    <img   decoding=\"async\" loading=\"lazy\" src=\"https:\/\/www.europesays.com\/fr\/wp-content\/uploads\/2025\/12\/20251215-103341-960x640.jpg\" alt=\"Avant de travaux sur le chantier du ch\u00e2teau de la Muette, Tom Dreyfus a d\u00e9j\u00e0 restaur\u00e9 le Grand Palais et le Panth\u00e9on.\" width=\"960\" height=\"640\"\/><br \/>\n    Avant de se lancer sur le chantier du ch\u00e2teau de la Muette, Tom Dreyfus avait d\u00e9j\u00e0 particip\u00e9 \u00e0 la r\u00e9novation du Grand Palais et du Panth\u00e9on. (\u00a9IC \/ actu Paris)<\/p>\n<p class=\" wall-content\">Deux \u00e9tages plus haut, la pierre en calcaire est \u00e9galement retouch\u00e9e apr\u00e8s avoir \u00e9t\u00e9 fragilis\u00e9e par l\u2019eau. Celle-ci est d\u2019abord \u00e9vid\u00e9e puis recoul\u00e9e avec de la chaux. \u00ab\u2009Les pierres viennent de <a href=\"https:\/\/actu.fr\/hauts-de-france\/saint-maximin_60589\/ce-musee-a-20-metres-sous-terre-est-ouvert-tout-l-ete-dans-l-oise-il-n-y-fait-que-11-c_62899482.html\" target=\"_blank\" rel=\"noopener\">la carri\u00e8re de Saint-Maximin<\/a>, en r\u00e9gion parisienne et sont taill\u00e9es dans les Hauts-de-Seine\u2009\u00bb, souligne Alexandre Sares, conducteur de travaux pour la soci\u00e9t\u00e9 Lefevre. \u00ab\u2009On travaille sur les corniches mais aussi sur les balustrades. Elles sont d\u00e9pos\u00e9es, repos\u00e9es et restaur\u00e9es, le temps que les couvreurs puissent travailler\u2009\u00bb, ajoute-t-il. Au niveau du toit, les balustrades ont effectivement \u00e9t\u00e9 retir\u00e9es pour la r\u00e9novation des ch\u00e9neaux, les \u00e9paisses goutti\u00e8res du ch\u00e2teau.<\/p>\n<p>Votre r\u00e9gion, votre actu !<\/p>\n<p>Recevez chaque jour les infos qui comptent pour vous.<\/p>\n<p>\t<a href=\"https:\/\/actu.fr\/newsletter\" class=\"ac-btn ac-btn--corner ac-btn--medium ac-btn--blue800\" target=\"_blank\" rel=\"noopener\">S&rsquo;incrire<\/a><br \/>\nDes \u00e9chafaudages flexibles<\/p>\n<p class=\" wall-content\">Si tous ces corps de m\u00e9tiers parviennent \u00e0 \u0153uvrer en simultan\u00e9, c\u2019est notamment gr\u00e2ce \u00e0 une installation des \u00e9chafaudages audacieuse. D\u2019une part, la flexibilit\u00e9 du syst\u00e8me Layher permet de le moduler suivant les phases et les complexit\u00e9s du projet. Cela permet par la m\u00eame occasion de limiter la dur\u00e9e de sa mise en place pour les personnes qui travaillent \u00e0 l\u2019int\u00e9rieur.<\/p>\n<p class=\" wall-content\">D\u2019autre part, <strong>le site n\u2019a pas \u00e9t\u00e9 con\u00e7u pour accueillir de tels \u00e9quipements<\/strong>. Des salles de conf\u00e9rences souterraines ou la terrasse fragile du XVIe si\u00e8cle imposent certaines limites de poids \u00e0 respecter. Ajout\u00e9s \u00e0 cela la haute s\u00e9curit\u00e9 mise en place \u00e0 l\u2019OCDE, o\u00f9 des chefs d\u2019\u00c9tats et ministres se rendent r\u00e9guli\u00e8rement, cela implique un chantier particuli\u00e8rement complexe \u00e0 mener. \u00ab\u2009Il y a plus de 2\u2009000 personnes qui travaillent ici, sans compter tous les visiteurs qui viennent pour les conf\u00e9rences, les ministres et les pr\u00e9sidents\u2026 Il peut y avoir des pauses ponctuelles d\u00e9cid\u00e9es en derni\u00e8re minute. Cela fait donc un contexte complexe pour le chantier\u2009\u00bb, fait savoir Loup d\u2019Avezac de Cast\u00e9ra, s\u2019\u00e9chinant \u00e0 faire fonctionner une ruche \u00e0 c\u00f4t\u00e9 d\u2019une autre.<\/p>\n<p>    <img   decoding=\"async\" loading=\"lazy\" src=\"https:\/\/www.europesays.com\/fr\/wp-content\/uploads\/2025\/12\/ocde-960x640.jpg\" alt=\"Le ch\u00e2teau de la Muette abrite l'OCDE depuis sa cr\u00e9ation en 1960.\" width=\"960\" height=\"640\"\/><br \/>\n    Dans le 16e arrondissement, le ch\u00e2teau de la Muette abrite l\u2019OCDE depuis sa cr\u00e9ation en 1960. (\u00a9IC \/ actu Paris)<\/p>\n<p class=\" wall-content\">.<\/p>\n<p class=\" wall-content\">Personnalisez votre actualit\u00e9 en ajoutant vos villes et m\u00e9dias en favori avec <a href=\"https:\/\/moncompte.actu.fr\" title=\"D\u00e9couvez Mon Actu\" rel=\"nofollow noopener\" data-trk=\"{&quot;cta&quot;:{&quot;action&quot;:&quot;https:\\\/\\\/moncompte.actu.fr&quot;,&quot;category&quot;:&quot;mon compte&quot;,&quot;from&quot;:&quot;article footer&quot;,&quot;name&quot;:&quot;Mon actu&quot;,&quot;type&quot;:&quot;cta&quot;}}\" target=\"_blank\">Mon Actu<\/a>.<\/p>\n","protected":false},"excerpt":{"rendered":"Par In\u00e8s Cussac Publi\u00e9 le 16 d\u00e9c. 2025 \u00e0 8h26 Dans les entrailles de l\u2019Organisation de coop\u00e9ration et&hellip;\n","protected":false},"author":2,"featured_media":602570,"comment_status":"","ping_status":"","sticky":false,"template":"","format":"standard","meta":{"footnotes":""},"categories":[1888],"tags":[1111,1928,11,1927,1477,1777,674,1011,27,12,1926,626,1925,2551,25,104],"class_list":{"0":"post-602569","1":"post","2":"type-post","3":"status-publish","4":"format-standard","5":"has-post-thumbnail","7":"category-paris","8":"tag-actu","9":"tag-actu-paris","10":"tag-actualites","11":"tag-actualites-paris","12":"tag-artisanat","13":"tag-eu","14":"tag-europe","15":"tag-fr","16":"tag-france","17":"tag-news","18":"tag-news-paris","19":"tag-paris","20":"tag-paris-news","21":"tag-patrimoine","22":"tag-republique-francaise","23":"tag-societe"},"share_on_mastodon":{"url":"https:\/\/pubeurope.com\/@fr\/115728176708629192","error":""},"_links":{"self":[{"href":"https:\/\/www.europesays.com\/fr\/wp-json\/wp\/v2\/posts\/602569","targetHints":{"allow":["GET"]}}],"collection":[{"href":"https:\/\/www.europesays.com\/fr\/wp-json\/wp\/v2\/posts"}],"about":[{"href":"https:\/\/www.europesays.com\/fr\/wp-json\/wp\/v2\/types\/post"}],"author":[{"embeddable":true,"href":"https:\/\/www.europesays.com\/fr\/wp-json\/wp\/v2\/users\/2"}],"replies":[{"embeddable":true,"href":"https:\/\/www.europesays.com\/fr\/wp-json\/wp\/v2\/comments?post=602569"}],"version-history":[{"count":0,"href":"https:\/\/www.europesays.com\/fr\/wp-json\/wp\/v2\/posts\/602569\/revisions"}],"wp:featuredmedia":[{"embeddable":true,"href":"https:\/\/www.europesays.com\/fr\/wp-json\/wp\/v2\/media\/602570"}],"wp:attachment":[{"href":"https:\/\/www.europesays.com\/fr\/wp-json\/wp\/v2\/media?parent=602569"}],"wp:term":[{"taxonomy":"category","embeddable":true,"href":"https:\/\/www.europesays.com\/fr\/wp-json\/wp\/v2\/categories?post=602569"},{"taxonomy":"post_tag","embeddable":true,"href":"https:\/\/www.europesays.com\/fr\/wp-json\/wp\/v2\/tags?post=602569"}],"curies":[{"name":"wp","href":"https:\/\/api.w.org\/{rel}","templated":true}]}}