{"id":602577,"date":"2025-12-16T07:59:14","date_gmt":"2025-12-16T07:59:14","guid":{"rendered":"https:\/\/www.europesays.com\/fr\/602577\/"},"modified":"2025-12-16T07:59:14","modified_gmt":"2025-12-16T07:59:14","slug":"la-russie-se-dit-prete-a-discuter-dune-eventuelle-participation-au-projet-tripp-de-larmenie","status":"publish","type":"post","link":"https:\/\/www.europesays.com\/fr\/602577\/","title":{"rendered":"La Russie se dit pr\u00eate \u00e0 discuter d&rsquo;une \u00e9ventuelle participation au projet TRIPP de l&rsquo;Arm\u00e9nie"},"content":{"rendered":"<p>Un responsable russe a d\u00e9clar\u00e9 que Moscou \u00e9tait pr\u00eat \u00e0 discuter avec l\u2019Arm\u00e9nie de sa participation \u00e9ventuelle au projet TRIPP.Mikhail Kalugin, directeur du 4e d\u00e9partement de la CEI au minist\u00e8re russe des Affaires \u00e9trang\u00e8res, a d\u00e9clar\u00e9 que, bien que les d\u00e9tails du \u00ab projet arm\u00e9no-am\u00e9ricain n\u2019aient pas encore \u00e9t\u00e9 \u00e9tudi\u00e9s, la Russie est pr\u00eate \u00e0 consulter ses partenaires arm\u00e9niens pour discuter des param\u00e8tres de l\u2019initiative, ainsi que de la participation \u00e9ventuelle de la Russie \u00bb, selon l\u2019agence de presse officielle russe RIA Novosti.Il a ajout\u00e9 qu\u2019\u00ab il existe des raisons suffisantes pour que la Russie participe \u00bb au projet.\u00ab Notre soci\u00e9t\u00e9, South Caucasian Railways, filiale de Russian Railways, d\u00e9tient la concession de gestion du r\u00e9seau ferroviaire arm\u00e9nien. La r\u00e9gion utilise les lignes ferroviaires russes \u00bb, a d\u00e9clar\u00e9 le responsable.Selon le responsable russe, la route Trump traverserait principalement un territoire relevant de la responsabilit\u00e9 des gardes-fronti\u00e8res russes.\u00ab Nous devons \u00e9galement tenir compte de l\u2019adh\u00e9sion de l\u2019Arm\u00e9nie \u00e0 l\u2019Union \u00e9conomique eurasienne. Il est \u00e9vident que nos partenaires ne peuvent se passer de la Russie \u00bb, a d\u00e9clar\u00e9 le responsable du minist\u00e8re russe des Affaires \u00e9trang\u00e8res.La Route Trump pour la paix et la prosp\u00e9rit\u00e9 internationales (TRIPP) est un projet de connectivit\u00e9 en Arm\u00e9nie envisag\u00e9 dans le cadre de la d\u00e9claration commune arm\u00e9no-azerba\u00efdjanaise n\u00e9goci\u00e9e par les \u00c9tats-Unis et sign\u00e9e \u00e0 Washington, D.C. Ce projet devrait ouvrir des opportunit\u00e9s \u00e9conomiques strat\u00e9giques, cr\u00e9er des avantages \u00e0 long terme en favorisant les investissements dans les infrastructures et am\u00e9liorer la connectivit\u00e9 r\u00e9gionale. TRIPP fait partie du projet Crossroads of Peace (Carrefour de la paix) et une entreprise conjointe arm\u00e9no-am\u00e9ricaine devrait d\u00e9velopper cette route.Le Premier ministre arm\u00e9nien Nikol Pashinyan a d\u00e9clar\u00e9 que la construction de la route devrait commencer au cours du second semestre 2026, tandis que les param\u00e8tres et les d\u00e9tails doivent \u00eatre finalis\u00e9s d\u2019ici la fin 2025.<\/p>\n","protected":false},"excerpt":{"rendered":"Un responsable russe a d\u00e9clar\u00e9 que Moscou \u00e9tait pr\u00eat \u00e0 discuter avec l\u2019Arm\u00e9nie de sa participation \u00e9ventuelle au&hellip;\n","protected":false},"author":2,"featured_media":602578,"comment_status":"","ping_status":"","sticky":false,"template":"","format":"standard","meta":{"footnotes":""},"categories":[1591],"tags":[11,1887,12,1885,1886,132],"class_list":{"0":"post-602577","1":"post","2":"type-post","3":"status-publish","4":"format-standard","5":"has-post-thumbnail","7":"category-russie","8":"tag-actualites","9":"tag-federation-de-russie","10":"tag-news","11":"tag-russia","12":"tag-russian-federation","13":"tag-russie"},"share_on_mastodon":{"url":"https:\/\/pubeurope.com\/@fr\/115728191693711431","error":""},"_links":{"self":[{"href":"https:\/\/www.europesays.com\/fr\/wp-json\/wp\/v2\/posts\/602577","targetHints":{"allow":["GET"]}}],"collection":[{"href":"https:\/\/www.europesays.com\/fr\/wp-json\/wp\/v2\/posts"}],"about":[{"href":"https:\/\/www.europesays.com\/fr\/wp-json\/wp\/v2\/types\/post"}],"author":[{"embeddable":true,"href":"https:\/\/www.europesays.com\/fr\/wp-json\/wp\/v2\/users\/2"}],"replies":[{"embeddable":true,"href":"https:\/\/www.europesays.com\/fr\/wp-json\/wp\/v2\/comments?post=602577"}],"version-history":[{"count":0,"href":"https:\/\/www.europesays.com\/fr\/wp-json\/wp\/v2\/posts\/602577\/revisions"}],"wp:featuredmedia":[{"embeddable":true,"href":"https:\/\/www.europesays.com\/fr\/wp-json\/wp\/v2\/media\/602578"}],"wp:attachment":[{"href":"https:\/\/www.europesays.com\/fr\/wp-json\/wp\/v2\/media?parent=602577"}],"wp:term":[{"taxonomy":"category","embeddable":true,"href":"https:\/\/www.europesays.com\/fr\/wp-json\/wp\/v2\/categories?post=602577"},{"taxonomy":"post_tag","embeddable":true,"href":"https:\/\/www.europesays.com\/fr\/wp-json\/wp\/v2\/tags?post=602577"}],"curies":[{"name":"wp","href":"https:\/\/api.w.org\/{rel}","templated":true}]}}