{"id":602583,"date":"2025-12-16T08:03:12","date_gmt":"2025-12-16T08:03:12","guid":{"rendered":"https:\/\/www.europesays.com\/fr\/602583\/"},"modified":"2025-12-16T08:03:12","modified_gmt":"2025-12-16T08:03:12","slug":"nouvelle-greve-des-medecins-britanniques-en-pleine-epidemie-de-grippe","status":"publish","type":"post","link":"https:\/\/www.europesays.com\/fr\/602583\/","title":{"rendered":"Nouvelle gr\u00e8ve des m\u00e9decins britanniques en pleine \u00e9pid\u00e9mie de grippe"},"content":{"rendered":"<p>Des milliers de m\u00e9decins anglais ont vot\u00e9 lundi en faveur d&rsquo;une nouvelle gr\u00e8ve de cinq jours pour r\u00e9clamer une augmentation de salaire, juste avant No\u00ebl et en pleine \u00e9pid\u00e9mie de grippe qui surcharge les urgences britanniques<\/p>\n<p>Le syndicat British Medical Association (BMA) a annonc\u00e9 que les m\u00e9decins r\u00e9sidents avaient vot\u00e9 \u00e0 83% en faveur de ce mouvement de gr\u00e8ve, le quatorzi\u00e8me depuis mars 2023, refusant une nouvelle offre du gouvernement travailliste qui n&rsquo;incluait pas de hausse de salaire mais une prise en charge de certains frais.<\/p>\n<p>La gr\u00e8ve de ces m\u00e9decins, au statut proche de celui des internes en France, doit d\u00e9buter mercredi \u00e0 07H00 locales (08h00 en Suisse) et durer jusqu&rsquo;\u00e0 lundi.<\/p>\n<p>Le Premier ministre Keir Starmer, qui s&rsquo;exprimait devant une commission parlementaire, a jug\u00e9 cette nouvelle gr\u00e8ve \u00ab\u00a0irresponsable\u00a0\u00bb, estimant que les m\u00e9decins \u00e9taient en train de perdre le soutien du public apr\u00e8s avoir d\u00e9j\u00e0 obtenu une \u00ab\u00a0augmentation salariale tr\u00e8s substantielle\u00a0\u00bb cette ann\u00e9e.<\/p>\n<p>Une \u00ab\u00a0super grippe\u00a0\u00bb qui traverse le pays<\/p>\n<p>Cette gr\u00e8ve intervient en pleine \u00e9pid\u00e9mie de ce que le service de sant\u00e9 public, le NHS, a qualifi\u00e9 de \u00ab\u00a0super grippe\u00a0\u00bb, avec un nombre de cas record \u00e0 l&rsquo;h\u00f4pital pour cette p\u00e9riode de l&rsquo;ann\u00e9e en Angleterre.<\/p>\n<p>Selon des chiffres publi\u00e9s jeudi, ces cas ont bondi de 55% en une semaine, avec une moyenne de 2660 patients hospitalis\u00e9s chaque jour entre le 1er et le 7 d\u00e9cembre.<\/p>\n<p>Le NHS est d\u00e9j\u00e0 en crise avec des listes d&rsquo;attente interminables et une h\u00e9morragie de professionnels. \u00ab\u00a0Le syndicat BMA a choisi de faire gr\u00e8ve \u00e0 No\u00ebl pour infliger des dommages au NHS dans un moment de danger maximum\u00a0\u00bb, a fustig\u00e9 le ministre de la Sant\u00e9, Wes Streeting.<\/p>\n<p>Seul un tiers des sond\u00e9s soutiennent ces gr\u00e8ves<\/p>\n<p>Ces m\u00e9decins r\u00e9sident constituent un peu moins de la moiti\u00e9 du personnel m\u00e9dical en Angleterre. Leur syndicat r\u00e9clame une augmentation de salaire d&rsquo;environ 26% pour compenser la perte de pouvoir d&rsquo;achat li\u00e9e \u00e0 l&rsquo;inflation.<\/p>\n<p>\u00ab\u00a0Le ministre de la Sant\u00e9 devrait maintenant travailler avec nous dans le peu de temps qu&rsquo;il nous reste pour \u00e9laborer une offre cr\u00e9dible\u00a0\u00bb, a r\u00e9pondu Jack Fletcher, pr\u00e9sident de leur comit\u00e9 au sein du BMA.<\/p>\n<p>Selon un sondage YouGov publi\u00e9 vendredi, seul un tiers du public britannique dit aujourd&rsquo;hui soutenir ces gr\u00e8ves de m\u00e9decins.<\/p>\n<p class=\"sources\">afp\/ther<\/p>\n","protected":false},"excerpt":{"rendered":"Des milliers de m\u00e9decins anglais ont vot\u00e9 lundi en faveur d&rsquo;une nouvelle gr\u00e8ve de cinq jours pour r\u00e9clamer&hellip;\n","protected":false},"author":2,"featured_media":602584,"comment_status":"","ping_status":"","sticky":false,"template":"","format":"standard","meta":{"footnotes":""},"categories":[1588],"tags":[11,16862,5873,9671,434,1777,674,6151,18677,29786,5874,71524,33202,6339,74,12,71525,71526,71527,473,1853,14099,71,801,1851,1850,1852,5995],"class_list":{"0":"post-602583","1":"post","2":"type-post","3":"status-publish","4":"format-standard","5":"has-post-thumbnail","7":"category-royaume-uni","8":"tag-actualites","9":"tag-augmentation","10":"tag-centre-de-soins","11":"tag-conflit-social","12":"tag-epidemie","13":"tag-eu","14":"tag-europe","15":"tag-greve","16":"tag-greves","17":"tag-grippe","18":"tag-hopitaux-et-cliniques","19":"tag-maitre-architecte-pour-la-region-bruxelloise","20":"tag-maladies-et-etat-de-sante","21":"tag-medecin","22":"tag-monde","23":"tag-news","24":"tag-personnel-medical","25":"tag-profession-medicale","26":"tag-relations-du-travail","27":"tag-royaume-uni","28":"tag-royaume-uni-de-grande-bretagne-et-dirlande-du-nord","29":"tag-salaire","30":"tag-sante","31":"tag-social","32":"tag-uk","33":"tag-united-kingdom","34":"tag-united-kingdom-of-great-britain-and-northern-ireland","35":"tag-vote"},"share_on_mastodon":{"url":"","error":"Validation failed: Text character limit of 500 exceeded"},"_links":{"self":[{"href":"https:\/\/www.europesays.com\/fr\/wp-json\/wp\/v2\/posts\/602583","targetHints":{"allow":["GET"]}}],"collection":[{"href":"https:\/\/www.europesays.com\/fr\/wp-json\/wp\/v2\/posts"}],"about":[{"href":"https:\/\/www.europesays.com\/fr\/wp-json\/wp\/v2\/types\/post"}],"author":[{"embeddable":true,"href":"https:\/\/www.europesays.com\/fr\/wp-json\/wp\/v2\/users\/2"}],"replies":[{"embeddable":true,"href":"https:\/\/www.europesays.com\/fr\/wp-json\/wp\/v2\/comments?post=602583"}],"version-history":[{"count":0,"href":"https:\/\/www.europesays.com\/fr\/wp-json\/wp\/v2\/posts\/602583\/revisions"}],"wp:featuredmedia":[{"embeddable":true,"href":"https:\/\/www.europesays.com\/fr\/wp-json\/wp\/v2\/media\/602584"}],"wp:attachment":[{"href":"https:\/\/www.europesays.com\/fr\/wp-json\/wp\/v2\/media?parent=602583"}],"wp:term":[{"taxonomy":"category","embeddable":true,"href":"https:\/\/www.europesays.com\/fr\/wp-json\/wp\/v2\/categories?post=602583"},{"taxonomy":"post_tag","embeddable":true,"href":"https:\/\/www.europesays.com\/fr\/wp-json\/wp\/v2\/tags?post=602583"}],"curies":[{"name":"wp","href":"https:\/\/api.w.org\/{rel}","templated":true}]}}