{"id":602593,"date":"2025-12-16T08:08:26","date_gmt":"2025-12-16T08:08:26","guid":{"rendered":"https:\/\/www.europesays.com\/fr\/602593\/"},"modified":"2025-12-16T08:08:26","modified_gmt":"2025-12-16T08:08:26","slug":"sur-la-mort-de-rob-reiner-donald-trump-a-une-theorie-consternante","status":"publish","type":"post","link":"https:\/\/www.europesays.com\/fr\/602593\/","title":{"rendered":"Sur la mort de Rob Reiner, Donald Trump a une th\u00e9orie consternante"},"content":{"rendered":"<p>        <img decoding=\"async\" loading=\"lazy\" src=\"https:\/\/www.europesays.com\/fr\/wp-content\/uploads\/2025\/07\/b2ecd81_upload-1-w9mhhw7ikbpp-000-63rr6ac.jpg\"  width=\"728\" height=\"409\" alt=\"Sur la mort de Rob Reiner, Donald Trump a une th\u00e9orie compl\u00e8tement fumeuse, digne de lui\"\/>  <\/p>\n<p>REMKO DE WAAL \/ AFP<\/p>\n<p>Sur la mort de Rob Reiner, Donald Trump a une th\u00e9orie compl\u00e8tement fumeuse, digne de lui<\/p>\n<p>      <strong>EN BREF<\/strong> <strong>\u2022 <\/strong>Rob Reiner et Michele Singer ont \u00e9t\u00e9 retrouv\u00e9s morts \u00e0 leur domicile, leur fils Nick a \u00e9t\u00e9 arr\u00eat\u00e9.<br \/><strong>\u2022 <\/strong>Les circonstances du drame restent encore floues.<br \/><strong>\u2022 <\/strong>Pour Donald Trump, la mort du couple est li\u00e9 \u00e0 l\u2019opposition de Reiner \u00e0 sa pr\u00e9sidence.                         <\/p>\n<p class=\"asset asset-text\">Sans honte. Alors que Hollywood<a href=\"https:\/\/www.huffingtonpost.fr\/culture\/article\/mort-de-rob-reiner-barack-obama-et-hollywood-pleurent-la-disparition-brutale-du-cineaste_258232.html\" target=\"_blank\" rel=\"noopener\"> pleure la mort du r\u00e9alisateur <\/a>am\u00e9ricain Rob Reiner et sa femme Michele Singer, <a href=\"https:\/\/www.huffingtonpost.fr\/culture\/article\/le-realisateur-hollywoodien-rob-reiner-et-sa-femme-retrouves-morts-dans-leur-maison-de-los-angeles_258228.html\" target=\"_blank\" rel=\"noopener\">retrouv\u00e9s morts chez eux \u00e0 Los Angeles<\/a> dimanche 14\u00a0d\u00e9cembre, Donald Trump n\u2019a, une fois encore, pas pu s\u2019emp\u00eacher de ramener cet \u00e9v\u00e9nement \u00e0 sa propre personne.<\/p>\n<p class=\"asset asset-text\">\u00c0 l\u2019heure actuelle, les causes exactes de la mort n\u2019ont pas officiellement \u00e9t\u00e9 communiqu\u00e9es. Selon la cha\u00eene\u00a0NBC, le couple serait mort des suites de coups de couteau, la police confirmant la th\u00e8se d\u2019un \u00ab\u00a0homicide apparent\u00a0\u00bb. <a href=\"https:\/\/www.huffingtonpost.fr\/international\/article\/apres-la-mort-de-rob-reiner-et-michele-singer-leur-fils-nick-arrete-par-la-police_258260.html\" target=\"_blank\" rel=\"noopener\" title=\"Nouvelle fen\u00eatre\">Leur fils Nick, 32\u00a0ans, a \u00e9t\u00e9 interpell\u00e9 et incarc\u00e9r\u00e9<\/a> quelques heures apr\u00e8s la d\u00e9couverte des corps, selon les m\u00e9dias locaux. Le <a href=\"https:\/\/www.latimes.com\/california\/story\/2025-12-14\/2-found-dead-at-home-of-rob-reiner\" target=\"_blank\" rel=\"noopener\" title=\"Nouvelle fen\u00eatre\">Los Angeles Times<\/a> pr\u00e9cise que Nick Reiner a subi plusieurs cures de d\u00e9sintoxication et a connu des p\u00e9riodes de sans-abrisme \u00e0 l\u2019adolescence.<\/p>\n<p class=\"asset asset-text\">Malgr\u00e9 ces premiers \u00e9l\u00e9ments qui ne dissipent en rien le flou autour des circonstances de ce drame, Donald Trump pr\u00e9f\u00e8re mettre la mort de Rob Reiner et Michele Singer sur le fait que le r\u00e9alisateur \u00e9tait l\u2019un de ses opposants les plus farouches. Ce serait pour cela, selon lui, qu\u2019il serait mort.<\/p>\n<p>                     Mort \u00e0 cause de son soi-disant \u00ab\u00a0TDS\u00a0\u00bb    <\/p>\n<p class=\"asset asset-text\">Sur son r\u00e9seau social \u00ab\u00a0Truth\u00a0\u00bb, le pr\u00e9sident a \u00e9voqu\u00e9 ce lundi 15\u00a0d\u00e9cembre un \u00ab\u00a0\u00e9v\u00e9nement tragique\u00a0\u00bb o\u00f9 Rob Reiner, \u00ab\u00a0r\u00e9alisateur et acteur comique autrefois tr\u00e8s talentueux\u00a0\u00bb, est d\u00e9c\u00e9d\u00e9, ainsi que son \u00e9pouse Michele. Pour lui \u00ab\u00a0leur d\u00e9c\u00e8s serait d\u00fb \u00e0 la col\u00e8re qu\u2019il a suscit\u00e9e chez son entourage par son trouble mental profond et incurable\u00a0: le syndrome de d\u00e9rangement trumpien, parfois appel\u00e9 TDS.\u00a0\u00bb<\/p>\n<p class=\"asset asset-text\">Ce terme a \u00e9t\u00e9 popularis\u00e9 par ses partisans pour d\u00e9signer ce qu\u2019ils jugent \u00eatre une hostilit\u00e9 irrationnelle contre Donald Trump, au point d\u2019\u00eatre comparable \u00e0 une maladie mentale.<\/p>\n<p class=\"asset asset-text\">Le r\u00e9publicain l\u2019affirme sans scrupule\u00a0: le cin\u00e9aste \u00ab\u00a0\u00e9tait connu pour rendre les gens FOUS par son obsession enrag\u00e9e contre le pr\u00e9sident Donald J. Trump\u00a0\u00bb. Il va m\u00eame jusqu\u2019\u00e0 affirmer que \u00ab\u00a0sa parano\u00efa, manifeste, a atteint des sommets lorsque l\u2019administration Trump a d\u00e9pass\u00e9 toutes les attentes, et que l\u2019Am\u00e9rique a connu un \u00e2ge d\u2019or sans pr\u00e9c\u00e9dent.\u00a0\u00bb Il conclut son message naus\u00e9abond par\u00a0: \u00ab\u00a0Que Rob et Michele reposent en paix.\u00a0\u00bb<\/p>\n<p>                     Engag\u00e9 contre Trump depuis 2017    <\/p>\n<p class=\"asset asset-text\">Rob Reiner \u00e9tait certes cin\u00e9aste, mais il \u00e9tait \u00e9galement une figure politique de premier plan \u00e0 Hollywood, souligne le Los Angeles Times. Il a \u00e9t\u00e9 cofondateur de l\u2019American Foundation for Equal Rights, une organisation qui a men\u00e9 une lutte pour l\u2019abrogation de la Proposition 8, interdisant le mariage homosexuel. Selon le m\u00e9dia local, il \u00e9tait \u00e9galement impliqu\u00e9 dans la d\u00e9fense des droits des enfants et a aid\u00e9 \u00e0 la cr\u00e9ation d\u2019un programme de services de d\u00e9veloppement de la petite enfance.<\/p>\n<p class=\"asset asset-text\">Depuis la victoire surprise de Trump en 2017, il s\u2019\u00e9tait impos\u00e9 comme une figure majeure de l\u2019opposition \u00e0 Hollywood, note <a href=\"https:\/\/deadline.com\/2025\/12\/rob-reiner-political-impact-1236648606\/\" target=\"_blank\" rel=\"noopener\" title=\"Nouvelle fen\u00eatre\">Deadline<\/a>. Il s\u2019est mobilis\u00e9 contre l\u2019administration Trump, d\u00e9non\u00e7ant l\u2019influence de la Russie sur les \u00e9lections am\u00e9ricaines.<\/p>\n<p class=\"asset asset-text\">Selon le m\u00e9dia, en 2017, avec plusieurs universitaires de droite et de gauche, il a particip\u00e9 au Comit\u00e9 d\u2019enqu\u00eate sur la Russie, un groupe centralisant les informations et les enqu\u00eates en cours. Au retour du r\u00e9publicain \u00e0 la t\u00eate du pays, il a poursuivi sa mobilisation, ne cessant de mettre en garde contre la menace qui p\u00e8se sur l\u2019\u00e9tat de droit am\u00e9ricain.<\/p>\n<p class=\"asset asset-text\">A l\u2019annonce de sa mort, d\u2019\u00e9minents d\u00e9mocrates dont l\u2019ancien pr\u00e9sident Barack Obama et l\u2019ancienne vice-pr\u00e9sidente Kamala Harris, lui ont rendu hommage.<\/p>\n","protected":false},"excerpt":{"rendered":"REMKO DE WAAL \/ AFP Sur la mort de Rob Reiner, Donald Trump a une th\u00e9orie compl\u00e8tement fumeuse,&hellip;\n","protected":false},"author":2,"featured_media":393350,"comment_status":"","ping_status":"","sticky":false,"template":"","format":"standard","meta":{"footnotes":""},"categories":[2],"tags":[11,650,75,73,1011,27,14,12,25],"class_list":{"0":"post-602593","1":"post","2":"type-post","3":"status-publish","4":"format-standard","5":"has-post-thumbnail","7":"category-actualites","8":"tag-actualites","9":"tag-cinema","10":"tag-donald-trump","11":"tag-etats-unis","12":"tag-fr","13":"tag-france","14":"tag-international","15":"tag-news","16":"tag-republique-francaise"},"share_on_mastodon":{"url":"https:\/\/pubeurope.com\/@fr\/115728227122291636","error":""},"_links":{"self":[{"href":"https:\/\/www.europesays.com\/fr\/wp-json\/wp\/v2\/posts\/602593","targetHints":{"allow":["GET"]}}],"collection":[{"href":"https:\/\/www.europesays.com\/fr\/wp-json\/wp\/v2\/posts"}],"about":[{"href":"https:\/\/www.europesays.com\/fr\/wp-json\/wp\/v2\/types\/post"}],"author":[{"embeddable":true,"href":"https:\/\/www.europesays.com\/fr\/wp-json\/wp\/v2\/users\/2"}],"replies":[{"embeddable":true,"href":"https:\/\/www.europesays.com\/fr\/wp-json\/wp\/v2\/comments?post=602593"}],"version-history":[{"count":0,"href":"https:\/\/www.europesays.com\/fr\/wp-json\/wp\/v2\/posts\/602593\/revisions"}],"wp:featuredmedia":[{"embeddable":true,"href":"https:\/\/www.europesays.com\/fr\/wp-json\/wp\/v2\/media\/393350"}],"wp:attachment":[{"href":"https:\/\/www.europesays.com\/fr\/wp-json\/wp\/v2\/media?parent=602593"}],"wp:term":[{"taxonomy":"category","embeddable":true,"href":"https:\/\/www.europesays.com\/fr\/wp-json\/wp\/v2\/categories?post=602593"},{"taxonomy":"post_tag","embeddable":true,"href":"https:\/\/www.europesays.com\/fr\/wp-json\/wp\/v2\/tags?post=602593"}],"curies":[{"name":"wp","href":"https:\/\/api.w.org\/{rel}","templated":true}]}}