{"id":602596,"date":"2025-12-16T08:11:13","date_gmt":"2025-12-16T08:11:13","guid":{"rendered":"https:\/\/www.europesays.com\/fr\/602596\/"},"modified":"2025-12-16T08:11:13","modified_gmt":"2025-12-16T08:11:13","slug":"une-occasion-a-ne-pas-rater-pour-lalterna-stade-poitevin-attendu-a-paris","status":"publish","type":"post","link":"https:\/\/www.europesays.com\/fr\/602596\/","title":{"rendered":"Une occasion \u00e0 ne pas rater pour l\u2019Alterna Stade Poitevin attendu \u00e0 Paris"},"content":{"rendered":"<p><strong>Paris\u00a0&#8211; Alterna Stade Poitevin<\/strong><\/p>\n<p>Tout est une question de temps en ce moment \u00e0 l\u2019Alterna Stade Poitevin. Ou plut\u00f4t de manque de temps. Samedi soir, apr\u00e8s la d\u00e9faite face \u00e0 Nice, Dusan Nikolic n\u2019en avait pas \u00ab\u00a0beaucoup pour \u00eatre triste\u00a0\u00bb alors que Tom Picard n\u2019en avait pas, tout court, \u00ab\u00a0pour r\u00e9fl\u00e9chir\u00a0\u00bb. Peu importe la formule utilis\u00e9e, les matchs s\u2019encha\u00eenent et les Poitevins doivent tenir le rythme.<\/p>\n<p>En regardant devant eux plus qu\u2019en se retournant sur leurs derni\u00e8res prestations, qu\u2019elle soit tr\u00e8s convaincante comme ce fut le cas, en Coupe CEV, mardi dernier, face au Panathina\u00efkos (3-0), ou terriblement frustrante \u00e0 l\u2019instar du revers conc\u00e9d\u00e9 il y a trois jours contre les Azur\u00e9ens que Dan Lewis et ses prot\u00e9g\u00e9s n\u2019\u00e9taient pas loin de renverser avant de craquer dans le tie-break (2-3).<\/p>\n","protected":false},"excerpt":{"rendered":"Paris\u00a0&#8211; Alterna Stade Poitevin Tout est une question de temps en ce moment \u00e0 l\u2019Alterna Stade Poitevin. Ou&hellip;\n","protected":false},"author":2,"featured_media":602597,"comment_status":"","ping_status":"","sticky":false,"template":"","format":"standard","meta":{"footnotes":""},"categories":[1417],"tags":[1392,1654,1011,27,1655,1653,60,1584,1470,1469],"class_list":{"0":"post-602596","1":"post","2":"type-post","3":"status-publish","4":"format-standard","5":"has-post-thumbnail","7":"category-volley","8":"tag-a-la-une-local","9":"tag-alterna-stade-poitevin-volley-ball","10":"tag-fr","11":"tag-france","12":"tag-ligue-a","13":"tag-poitiers","14":"tag-sports","15":"tag-vienne","16":"tag-volley","17":"tag-volleyball"},"share_on_mastodon":{"url":"","error":""},"_links":{"self":[{"href":"https:\/\/www.europesays.com\/fr\/wp-json\/wp\/v2\/posts\/602596","targetHints":{"allow":["GET"]}}],"collection":[{"href":"https:\/\/www.europesays.com\/fr\/wp-json\/wp\/v2\/posts"}],"about":[{"href":"https:\/\/www.europesays.com\/fr\/wp-json\/wp\/v2\/types\/post"}],"author":[{"embeddable":true,"href":"https:\/\/www.europesays.com\/fr\/wp-json\/wp\/v2\/users\/2"}],"replies":[{"embeddable":true,"href":"https:\/\/www.europesays.com\/fr\/wp-json\/wp\/v2\/comments?post=602596"}],"version-history":[{"count":0,"href":"https:\/\/www.europesays.com\/fr\/wp-json\/wp\/v2\/posts\/602596\/revisions"}],"wp:featuredmedia":[{"embeddable":true,"href":"https:\/\/www.europesays.com\/fr\/wp-json\/wp\/v2\/media\/602597"}],"wp:attachment":[{"href":"https:\/\/www.europesays.com\/fr\/wp-json\/wp\/v2\/media?parent=602596"}],"wp:term":[{"taxonomy":"category","embeddable":true,"href":"https:\/\/www.europesays.com\/fr\/wp-json\/wp\/v2\/categories?post=602596"},{"taxonomy":"post_tag","embeddable":true,"href":"https:\/\/www.europesays.com\/fr\/wp-json\/wp\/v2\/tags?post=602596"}],"curies":[{"name":"wp","href":"https:\/\/api.w.org\/{rel}","templated":true}]}}