{"id":602598,"date":"2025-12-16T08:12:20","date_gmt":"2025-12-16T08:12:20","guid":{"rendered":"https:\/\/www.europesays.com\/fr\/602598\/"},"modified":"2025-12-16T08:12:20","modified_gmt":"2025-12-16T08:12:20","slug":"equipe-de-france-romain-maillot-je-pense-avoir-repondu-avec-engagement-et-sincerite-aux-missions-qui-metaient-confiees-rugby-a-xiii","status":"publish","type":"post","link":"https:\/\/www.europesays.com\/fr\/602598\/","title":{"rendered":"Equipe de France &#8211; Romain Maillot : \u00ab\u00a0Je pense avoir r\u00e9pondu avec engagement et sinc\u00e9rit\u00e9 aux missions qui m\u2019\u00e9taient confi\u00e9es\u00a0\u00bb &#8211; Rugby \u00e0 XIII"},"content":{"rendered":"<p style=\"text-align: justify;\"><strong>Romain Maillot, d\u00e9sormais ancien s\u00e9lectionneur du XIII de France f\u00e9minin, a r\u00e9pondu \u00e0 nos questions en toute franchise.<\/strong><\/p>\n<p style=\"text-align: justify;\"><strong>Quel est le sentiment qui vous domine ?<\/strong><\/p>\n<p style=\"text-align: justify;\">Plusieurs sentiments m\u2019ont travers\u00e9 ces derniers temps, principalement l\u2019incompr\u00e9hension, la frustration et la d\u00e9ception. Ces \u00e9motions sont \u00e9videmment \u00e9troitement li\u00e9es aux \u00e9v\u00e9nements r\u00e9cents. \u00c0 l\u2019issue de la derni\u00e8re Coupe du monde, il m\u2019a \u00e9t\u00e9 confi\u00e9 la reprise d\u2019un groupe profond\u00e9ment renouvel\u00e9, dans un contexte d\u00e9licat, marqu\u00e9 notamment par un changement de staff intervenu juste avant cette \u00e9ch\u00e9ance.<\/p>\n<p style=\"text-align: justify;\"><strong>Quel a \u00e9t\u00e9 le cheminement et les r\u00e9sultats obtenus jusqu\u2019\u00e0 pr\u00e9sent avec cette s\u00e9lection ?<\/strong><\/p>\n<p style=\"text-align: justify;\">Tout d\u2019abord, il fallut r\u00e9instaurer un climat de confiance, redonner un cadre, du sens et une dynamique collective. Depuis trois ann\u00e9es, j\u2019ai consacr\u00e9 toute mon \u00e9nergie \u00e0 la construction d\u2019un staff solide, \u00e0 l\u2019instauration de valeurs fortes, d\u2019h\u00e9ritage, de culture de la performance et de consid\u00e9ration, ainsi qu\u2019au d\u00e9veloppement de principes de jeu clairs, toujours dans l\u2019int\u00e9r\u00eat de cette \u00e9quipe de France.<\/p>\n<p style=\"text-align: justify;\">Ce travail s\u2019est traduit par des r\u00e9sultats concrets. L\u2019\u00e9quipe s\u2019est qualifi\u00e9e pour la Coupe du monde, a remport\u00e9 des victoires importantes face \u00e0 des concurrents directs comme le Pays de Galles, et plus r\u00e9cemment contre l\u2019Irlande. Bien s\u00fbr, il reste une marche significative \u00e0 franchir pour rivaliser avec des nations comme l\u2019Angleterre. N\u00e9anmoins, nous avons su r\u00e9duire l\u2019\u00e9cart entre nos deux confrontations (-22 points), en nous procurant de r\u00e9elles occasions de marquer. Il est \u00e9galement essentiel de rappeler que les contextes du rugby f\u00e9minin anglais et fran\u00e7ais sont profond\u00e9ment diff\u00e9rents. Nos performances s\u2019inscrivent d\u2019ailleurs dans une dynamique comparable \u00e0 celle observ\u00e9e chez les gar\u00e7ons.<\/p>\n<p style=\"text-align: justify;\"><strong>La FFR XIII vous avait propos\u00e9 de rester dans le staff mais vous avez refus\u00e9. Pourriez-vous nous en dire plus ?<\/strong><\/p>\n<p style=\"text-align: justify;\">\u00c0 dix mois seulement de la Coupe du monde, les instances f\u00e9d\u00e9rales ont fait le choix d\u2019int\u00e9grer au staff de l\u2019\u00e9quipe de France f\u00e9minine une nouvelle personne, pr\u00e9sent\u00e9e comme apportant des \u00ab comp\u00e9tences techniques \u00bb, \u00e0 qui seront confi\u00e9es les fonctions de head coach ainsi que la responsabilit\u00e9 d\u00e9cisionnelle. Il m\u2019a \u00e9t\u00e9 propos\u00e9 de rester au sein du staff dans un autre r\u00f4le afin de l\u2019accompagner. Cette r\u00e9organisation ne rel\u00e8ve pas de mon choix. Cette d\u00e9cision me questionne profond\u00e9ment, tant sur le fond que sur la forme et le timing. Un s\u00e9minaire des staffs des \u00e9quipes de France s\u2019est tenu \u00e0 Albi en janvier dernier, puis une r\u00e9union a eu lieu \u00e0 l\u2019issue du match contre l\u2019Irlande en juillet. Lors de cet \u00e9change, nous avons d\u00e9brief\u00e9 la rencontre et nous nous sommes projet\u00e9s vers la Coupe du monde.<\/p>\n<p style=\"text-align: justify;\">Un plan d\u2019action annuel a alors \u00e9t\u00e9 construit avec mon staff, sans que je n\u2019aie jamais eu le moindre retour ou signal remettant en cause cette trajectoire. L\u2019ensemble de ces \u00e9l\u00e9ments ne peut que me conduire \u00e0 \u00eatre en total d\u00e9saccord avec la d\u00e9cision de nommer une personne en position de num\u00e9ro un sans concertation pr\u00e9alable. Je n\u2019en per\u00e7ois ni la l\u00e9gitimit\u00e9 ni la coh\u00e9rence au regard du travail engag\u00e9, d\u2019autant qu\u2019il existait de nombreuses autres mani\u00e8res d\u2019int\u00e9grer une comp\u00e9tence suppl\u00e9mentaire au sein du staff. Dans ces conditions, il m\u2019est impossible de poursuivre au sein du staff dans un r\u00f4le diff\u00e9rent. Et ce qui me d\u00e9sole, c\u2019est qu\u2019une fois encore, ce sont malheureusement les joueuses qui devront en subir les cons\u00e9quences.<\/p>\n<p style=\"text-align: justify;\"><strong>Que retiendrez-vous de ces ann\u00e9es en tant que s\u00e9lectionneur ?<\/strong><\/p>\n<p style=\"text-align: justify;\">Je pense avoir r\u00e9pondu avec engagement et sinc\u00e9rit\u00e9 aux missions qui m\u2019\u00e9taient confi\u00e9es, m\u00eame si l\u2019on peut toujours faire mieux. Ce que je retiendrai, malgr\u00e9 tout, de ces trois derni\u00e8res ann\u00e9es est avant tout le positif. Cette qualification pour la Coupe du monde, bien s\u00fbr, mais surtout l\u2019accompagnement de joueuses qui m\u00e9ritent consid\u00e9ration et respect. Elles sont 100 % amatrices, tout en faisant preuve d\u2019un investissement digne du plus haut niveau professionnel. Je suis \u00e9galement fier de l\u2019\u00e9volution affich\u00e9e par le groupe France, tant dans son jeu que dans sa capacit\u00e9 \u00e0 s\u00e9duire le public fran\u00e7ais.<\/p>\n<p style=\"text-align: justify;\">Le rugby \u00e0 XIII f\u00e9minin m\u00e9rite de se d\u00e9velopper et d\u2019\u00eatre pleinement mis en lumi\u00e8re. Je suis extr\u00eamement fier de l\u2019image que ces joueuses ont su renvoyer, sur le terrain comme en dehors. C\u2019est un groupe profond\u00e9ment attachant, qui sait vous le rendre d\u00e8s lors que l\u2019on fait preuve d\u2019honn\u00eatet\u00e9 et de justesse \u00e0 son \u00e9gard. Je leur souhaite sinc\u00e8rement le meilleur pour la suite et je les soutiendrai avec un attachement tout particulier.<\/p>\n","protected":false},"excerpt":{"rendered":"Romain Maillot, d\u00e9sormais ancien s\u00e9lectionneur du XIII de France f\u00e9minin, a r\u00e9pondu \u00e0 nos questions en toute franchise.&hellip;\n","protected":false},"author":2,"featured_media":602599,"comment_status":"","ping_status":"","sticky":false,"template":"","format":"standard","meta":{"footnotes":""},"categories":[1416],"tags":[14146,1011,27,70651,479,2228,1468,2229,60,70652],"class_list":{"0":"post-602598","1":"post","2":"type-post","3":"status-publish","4":"format-standard","5":"has-post-thumbnail","7":"category-rugby","8":"tag-ffr-xiii","9":"tag-fr","10":"tag-france","11":"tag-romain-maillot","12":"tag-rugby","13":"tag-rugby-a-xiii","14":"tag-rugby-football","15":"tag-rugby-league","16":"tag-sports","17":"tag-xiii-de-france-feminin"},"share_on_mastodon":{"url":"https:\/\/pubeurope.com\/@fr\/115728242789712755","error":""},"_links":{"self":[{"href":"https:\/\/www.europesays.com\/fr\/wp-json\/wp\/v2\/posts\/602598","targetHints":{"allow":["GET"]}}],"collection":[{"href":"https:\/\/www.europesays.com\/fr\/wp-json\/wp\/v2\/posts"}],"about":[{"href":"https:\/\/www.europesays.com\/fr\/wp-json\/wp\/v2\/types\/post"}],"author":[{"embeddable":true,"href":"https:\/\/www.europesays.com\/fr\/wp-json\/wp\/v2\/users\/2"}],"replies":[{"embeddable":true,"href":"https:\/\/www.europesays.com\/fr\/wp-json\/wp\/v2\/comments?post=602598"}],"version-history":[{"count":0,"href":"https:\/\/www.europesays.com\/fr\/wp-json\/wp\/v2\/posts\/602598\/revisions"}],"wp:featuredmedia":[{"embeddable":true,"href":"https:\/\/www.europesays.com\/fr\/wp-json\/wp\/v2\/media\/602599"}],"wp:attachment":[{"href":"https:\/\/www.europesays.com\/fr\/wp-json\/wp\/v2\/media?parent=602598"}],"wp:term":[{"taxonomy":"category","embeddable":true,"href":"https:\/\/www.europesays.com\/fr\/wp-json\/wp\/v2\/categories?post=602598"},{"taxonomy":"post_tag","embeddable":true,"href":"https:\/\/www.europesays.com\/fr\/wp-json\/wp\/v2\/tags?post=602598"}],"curies":[{"name":"wp","href":"https:\/\/api.w.org\/{rel}","templated":true}]}}