{"id":602602,"date":"2025-12-16T08:17:18","date_gmt":"2025-12-16T08:17:18","guid":{"rendered":"https:\/\/www.europesays.com\/fr\/602602\/"},"modified":"2025-12-16T08:17:18","modified_gmt":"2025-12-16T08:17:18","slug":"des-debuts-a-domicile-lenny-martinez-devoile-son-programme-pour-2026-actualite","status":"publish","type":"post","link":"https:\/\/www.europesays.com\/fr\/602602\/","title":{"rendered":"Des d\u00e9buts \u00e0 domicile : Lenny Martinez d\u00e9voile son programme pour 2026 &#8211; Actualit\u00e9"},"content":{"rendered":"<p style=\"text-align: justify;\">Le programme de premi\u00e8re partie de saison est connu pour <strong><a href=\"https:\/\/www.directvelo.com\/coureur\/38332\/lenny-martinez\" target=\"_blank\" rel=\"noopener\">Lenny Martinez<\/a><\/strong>. Le grimpeur de poche de la Bahrain Victorious a en effet d\u00e9voil\u00e9 ses plans pour 2026 aupr\u00e8s de nos confr\u00e8res de\u00a0<strong><a href=\"https:\/\/www.lequipe.fr\/Cyclisme-sur-route\/Actualites\/Le-tour-de-france-comme-point-cle-de-la-saison-lenny-martinez-devoile-son-programme-pour-2026\/1617232\" target=\"_blank\" rel=\"noopener\">L&rsquo;Equipe.<br \/><\/a><\/strong><\/p>\n<p style=\"text-align: justify;\">Alors qu&rsquo;il avait retrouv\u00e9 la comp\u00e9tition d\u00e8s fin janvier, en Espagne, l&rsquo;an pass\u00e9, l&rsquo;Azur\u00e9en attendra cette fois-ci le week-end de comp\u00e9titions \u00e0 domicile, \u00e0 la Classic Var et au Tour des Alpes-Maritimes, pour lancer son exercice 2026. Pour rappel,\u00a0<strong><a href=\"https:\/\/www.directvelo.com\/actualite\/124733\/du-changement-pour-le-tour-des-alpes-maritimes\" target=\"_blank\" rel=\"noopener\">le Tour des Alpes-Maritimes n&rsquo;est d\u00e9sormais plus une course par \u00e9tapes<\/a><\/strong> mais une course d&rsquo;un jour. En 2025, l&rsquo;athl\u00e8te de 22 ans avait pris la troisi\u00e8me place finale de l&rsquo;\u00e9preuve.<\/p>\n<p>Lenny Martinez retrouvera ensuite Paris-Nice, <strong><a href=\"https:\/\/www.directvelo.com\/actualite\/119272\/lenny-martinez-ca-ne-me-semblait-pas-possible\" target=\"_blank\" rel=\"noopener\">dont il avait remport\u00e9 une \u00e9tape l&rsquo;an pass\u00e9 \u00e0 la-C\u00f4te-Saint-Andr\u00e9<\/a><\/strong>. Puis il encha\u00eenera avec d&rsquo;autres courses qui lui ont d\u00e9j\u00e0 r\u00e9ussi en 2025 : la Fl\u00e8che Wallonne (4e) et le Tour de Romandie (2e), o\u00f9 il avait port\u00e9 le maillot de leader et d\u00e9croch\u00e9 une victoire d&rsquo;\u00e9tape.\u00a0<\/p>\n<p>En revanche, le Tour de Suisse &#8211;\u00a0<strong><a href=\"https:\/\/www.directvelo.com\/actualite\/124180\/tour-de-suisse-3-jours-de-moins-pour-les-hommes-1-de-plus-chez-les-femmes\" target=\"_blank\" rel=\"noopener\">r\u00e9duit \u00e0 cinq journ\u00e9es<\/a><\/strong> &#8211; est cette fois-ci pr\u00e9f\u00e9r\u00e9 au Crit\u00e9rium du Dauphin\u00e9 en pr\u00e9paration d&rsquo;un nouveau Tour de France en juillet prochain.<\/p>\n<p><strong><a href=\"https:\/\/www.lequipe.fr\/Cyclisme-sur-route\/Article\/-soit-premier-soit-rien-lenny-martinez-grimpeur-indomptable\/1617289\" target=\"_blank\" rel=\"noopener\">Interrog\u00e9 sur son bilan 2025 et ses projections pour 2026<\/a><\/strong>, avec en toile de fond ses succ\u00e8s mais aussi son irr\u00e9gularit\u00e9, Lenny Martinez a d\u00e9clar\u00e9 que \u00ab\u00a0remporter des courses, c&rsquo;est le but ultime. Et pour l&rsquo;instant, je m&rsquo;\u00e9panouis \u00e0 fond l\u00e0-dedans. Quand on me dit sur une course de chasser les \u00e9tapes, c&rsquo;est soit tout, soit rien\u00a0(&#8230;) Un classement g\u00e9n\u00e9ral, c&rsquo;est beau, mais c&rsquo;est diff\u00e9rent\u00a0\u00bb. En n&rsquo;excluant donc pas de continuer de cibler en priorit\u00e9 les victoires d&rsquo;\u00e9tapes sur les grosses courses WorldTour, et en\u00a0conc\u00e9dant\u00a0la possibilit\u00e9 de se montrer toujours irr\u00e9gulier d&rsquo;une journ\u00e9e \u00e0 l&rsquo;autre.\u00a0<\/p>\n<p><strong>Le programme de Lenny Martinez pour la premi\u00e8re partie de saison :<\/strong>\u00a0<br \/>21.02 : Classic Var (1.1)<br \/>22.02 : Tour des Alpes-Maritimes (1.1)<br \/>08.03 &#8211; 15.03 : Paris-Nice (2.UWT)<br \/>23.04 : La Fl\u00e8che Wallonne (1.UWT)<br \/>29.04 &#8211; 04.05 : Tour de Romandie (2.UWT)<br \/>17.06 &#8211; 21.06 : Tour de Suisse (2.UWT)<br \/>04.07 &#8211; 26.07 : Tour de France (2.UWT)\u00a0<br \/>\u00a0<\/p>\n","protected":false},"excerpt":{"rendered":"Le programme de premi\u00e8re partie de saison est connu pour Lenny Martinez. Le grimpeur de poche de la&hellip;\n","protected":false},"author":2,"featured_media":602603,"comment_status":"","ping_status":"","sticky":false,"template":"","format":"standard","meta":{"footnotes":""},"categories":[1411],"tags":[834,828,836,829,837,827,83,826,824,823,1154,207,814,817,815,816,822,821,832,211,839,1011,27,820,818,819,835,831,830,833,838,60,212,208,825],"class_list":{"0":"post-602602","1":"post","2":"type-post","3":"status-publish","4":"format-standard","5":"has-post-thumbnail","7":"category-cyclisme","8":"tag-attaque","9":"tag-belgique","10":"tag-braquet","11":"tag-bretagne","12":"tag-chute","13":"tag-competition","14":"tag-coupe-de-france","15":"tag-coureur","16":"tag-course-cyclisme","17":"tag-course-cycliste","18":"tag-cycling","19":"tag-cyclisme","20":"tag-direct","21":"tag-direct-velo","22":"tag-directvelo","23":"tag-directvelo-com","24":"tag-epreuve","25":"tag-epreuve-cycliste","26":"tag-federation-francaise-de-cyclisme","27":"tag-ffc","28":"tag-flandres","29":"tag-fr","30":"tag-france","31":"tag-live","32":"tag-live-course","33":"tag-live-epreuve","34":"tag-peloton","35":"tag-radio-peloton","36":"tag-radio-tour","37":"tag-ravitaillement","38":"tag-relance","39":"tag-sports","40":"tag-uci","41":"tag-velo","42":"tag-velos"},"share_on_mastodon":{"url":"https:\/\/pubeurope.com\/@fr\/115728262353643858","error":""},"_links":{"self":[{"href":"https:\/\/www.europesays.com\/fr\/wp-json\/wp\/v2\/posts\/602602","targetHints":{"allow":["GET"]}}],"collection":[{"href":"https:\/\/www.europesays.com\/fr\/wp-json\/wp\/v2\/posts"}],"about":[{"href":"https:\/\/www.europesays.com\/fr\/wp-json\/wp\/v2\/types\/post"}],"author":[{"embeddable":true,"href":"https:\/\/www.europesays.com\/fr\/wp-json\/wp\/v2\/users\/2"}],"replies":[{"embeddable":true,"href":"https:\/\/www.europesays.com\/fr\/wp-json\/wp\/v2\/comments?post=602602"}],"version-history":[{"count":0,"href":"https:\/\/www.europesays.com\/fr\/wp-json\/wp\/v2\/posts\/602602\/revisions"}],"wp:featuredmedia":[{"embeddable":true,"href":"https:\/\/www.europesays.com\/fr\/wp-json\/wp\/v2\/media\/602603"}],"wp:attachment":[{"href":"https:\/\/www.europesays.com\/fr\/wp-json\/wp\/v2\/media?parent=602602"}],"wp:term":[{"taxonomy":"category","embeddable":true,"href":"https:\/\/www.europesays.com\/fr\/wp-json\/wp\/v2\/categories?post=602602"},{"taxonomy":"post_tag","embeddable":true,"href":"https:\/\/www.europesays.com\/fr\/wp-json\/wp\/v2\/tags?post=602602"}],"curies":[{"name":"wp","href":"https:\/\/api.w.org\/{rel}","templated":true}]}}