{"id":602612,"date":"2025-12-16T08:24:13","date_gmt":"2025-12-16T08:24:13","guid":{"rendered":"https:\/\/www.europesays.com\/fr\/602612\/"},"modified":"2025-12-16T08:24:13","modified_gmt":"2025-12-16T08:24:13","slug":"avengers-doomsday-tout-savoir-sur-le-futur-blockbuster-de-marvel","status":"publish","type":"post","link":"https:\/\/www.europesays.com\/fr\/602612\/","title":{"rendered":"Avengers\u00a0:\u00a0Doomsday\u00a0:\u00a0tout savoir sur le futur blockbuster de Marvel"},"content":{"rendered":"<p>\n    <strong>R\u00c9CIT\u00a0&#8211;<\/strong>\u00a0Acteurs, plausibles sc\u00e9narios, production pharaonique&#8230; Le 16 d\u00e9cembre 2026 para\u00eetra le cinqui\u00e8me volet de la saga Avengers avec, en prime, le grand retour de Robert Downey Jr. Le Figaro fait le point.<\/p>\n<p class=\"fig-paragraph\">Il y a un peu plus de six ans, les<a href=\"https:\/\/www.lefigaro.fr\/cinema\/kit-harington-black-panther-ii-she-hulk-les-grandes-annonces-de-marvel-studios-20190827\" data-fig-type=\"Article\" data-gtm-custom-categorie=\"navigation\" data-gtm-custom-action=\"crossclick\" data-gtm-custom-label=\"Contextuel\" data-gtm-event=\"customEventSPE\" data-fig-domain=\"LEFIGARO\" target=\"_blank\" rel=\"noopener\">\u00a0studios Marvel\u00a0<\/a>d\u00e9voilaient au monde entier leur blockbuster ultime,\u00a0<a href=\"http:\/\/www.lefigaro.fr\/cinema\/dossier\/avengers-infinity-wars\" data-fig-type=\"Topic\" data-gtm-custom-categorie=\"navigation\" data-gtm-custom-action=\"crossclick\" data-gtm-custom-label=\"Contextuel\" data-gtm-event=\"customEventSPE\" data-fig-domain=\"LEFIGARO\" target=\"_blank\" rel=\"noopener\">Avengers &#8211; Endgame<\/a> , aujourd\u2019hui r\u00e9f\u00e9rence moderne du cin\u00e9ma de super-h\u00e9ros et deuxi\u00e8me plus gros succ\u00e8s de l\u2019histoire du box-office international, derri\u00e8re\u00a0<a href=\"http:\/\/www.lefigaro.fr\/cinema\/avatar-de-feu-et-de-cendres-devoile-une-nouvelle-bande-annonce-epique-et-dramatique-20251125\" data-fig-type=\"Article\" data-gtm-custom-categorie=\"navigation\" data-gtm-custom-action=\"crossclick\" data-gtm-custom-label=\"Contextuel\" data-gtm-event=\"customEventSPE\" data-fig-domain=\"LEFIGARO\" target=\"_blank\" rel=\"noopener\">Avatar de James Cameron<\/a>. Un point d\u2019orgue sur lequel la franchise n\u2019a pas r\u00e9ussi \u00e0 capitaliser dans l\u2019\u00e8re post-covid, o\u00f9 les publications de\u00a0<a href=\"https:\/\/www.lefigaro.fr\/cinema\/marvel-la-melancolie-combative-de-la-veuve-noire-20210706\" data-fig-type=\"Article\" data-gtm-custom-categorie=\"navigation\" data-gtm-custom-action=\"crossclick\" data-gtm-custom-label=\"Contextuel\" data-gtm-event=\"customEventSPE\" data-fig-domain=\"LEFIGARO\" target=\"_blank\" rel=\"noopener\">Black Widow<\/a>, des\u00a0<a href=\"http:\/\/www.lefigaro.fr\/cinema\/les-eternels-l-offrande-mystique-de-chloe-zao-a-l-univers-marvel-20211103\" data-fig-type=\"Article\" data-gtm-custom-categorie=\"navigation\" data-gtm-custom-action=\"crossclick\" data-gtm-custom-label=\"Contextuel\" data-gtm-event=\"customEventSPE\" data-fig-domain=\"LEFIGARO\" target=\"_blank\" rel=\"noopener\">\u00c9ternels<\/a> , de\u00a0<a href=\"https:\/\/www.lefigaro.fr\/cinema\/notre-critique-de-thor-love-and-thunder-taika-waititi-a-thor-et-a-raison-20220712\" data-fig-type=\"Article\" data-gtm-custom-categorie=\"navigation\" data-gtm-custom-action=\"crossclick\" data-gtm-custom-label=\"Contextuel\" data-gtm-event=\"customEventSPE\" data-fig-domain=\"LEFIGARO\" target=\"_blank\" rel=\"noopener\">Thor\u00a0: Love and Thunder\u00a0<\/a>ou encore d\u2019Ant-Man et la Gu\u00eape\u00a0:\u00a0Quantumania ont pein\u00e9 \u00e0 convaincre la critique et le public. Dans un an jour pour jour, le 16 d\u00e9cembre 2026, le Marvel Cinematic Universe\u00a0&#8211;\u00a0dit MCU &#8211;\u00a0pourrait inverser la tendance avec\u00a0<a href=\"http:\/\/www.lefigaro.fr\/cinema\/avengers-doomsday-va-rapporter-quelques-millions-de-livres-a-charles-iii-20250626\" data-fig-type=\"Article\" data-gtm-custom-categorie=\"navigation\" data-gtm-custom-action=\"crossclick\" data-gtm-custom-label=\"Contextuel\" data-gtm-event=\"customEventSPE\" data-fig-domain=\"LEFIGARO\" target=\"_blank\" rel=\"noopener\">l\u2019arriv\u00e9e en salles de Doomsday<\/a>, cinqui\u00e8me volet de la saga Avengers, qui pr\u00e9c\u00e9dera la sortie, un an plus tard, de Secret Wars.<\/p>\n<p class=\"fig-paragraph\">\u00ab\u00a0Pendant longtemps, Marvel a \u00e9t\u00e9 l\u2019enfant surdou\u00e9 du lyc\u00e9e, celui qui a 22\/20 de moyenne g\u00e9n\u00e9rale, mais l\u00e0, il n\u2019a plus cette r\u00e9ussite automatique et le public l\u2019attend au tournant\u00a0\u00bb, commente Xavier Fournier, journaliste sp\u00e9cialis\u00e9 dans les comics depuis 1993 et ancien r\u00e9dacteur en chef du magazine Comic Box. Avec Doomsday et Secret Wars, les studios affichent de grandes ambitions. Les frais de production des deux films pourraient d\u00e9passer la bagatelle de deux milliards de dollars, selon les estimations de Screen Rant. Du jamais vu. Une partie de ce budget est promise\u00a0<a href=\"http:\/\/www.lefigaro.fr\/cinema\/c-est-un-outil-qui-pourrait-s-averer-tres-precieux-les-freres-russo-utiliseront-l-ia-dans-les-prochains-avengers-20250319\" data-fig-type=\"Article\" data-gtm-custom-categorie=\"navigation\" data-gtm-custom-action=\"crossclick\" data-gtm-custom-label=\"Contextuel\" data-gtm-event=\"customEventSPE\" data-fig-domain=\"LEFIGARO\" target=\"_blank\" rel=\"noopener\">aux fr\u00e8res Russo<\/a>, rappel\u00e9s en sauveur pour cette nouvelle aventure apr\u00e8s avoir sign\u00e9 les quatre pr\u00e9c\u00e9dents \u00e9pisodes.\u00a0<a href=\"http:\/\/www.lefigaro.fr\/bons-plans\/avengers-doomsday-devoile-une-distribution-dementielle-marvel-prepare-sa-plus-grande-bataille-20250327\" data-fig-type=\"Article\" rel=\"sponsored noopener\" data-gtm-custom-categorie=\"navigation\" data-gtm-custom-action=\"crossclick\" data-gtm-custom-label=\"Contextuel\" data-gtm-event=\"customEventSPE\" data-fig-domain=\"LEFIGARO\" target=\"_blank\">Le casting, aussi, semble d\u00e9mesur\u00e9<\/a>, conviant \u00e0 sa table des dizaines de stars du cin\u00e9ma am\u00e9ricain.<\/p>\n<p>    Avengers\u00a0: Doomsday est attendu en salles le 16 d\u00e9cembre 2026.<br \/>\n                Marvel Studios<\/p>\n<p>                                            <a class=\"fig-a11y-skip\" href=\"#fig-a11y-skip-main-inarticle\" data-module=\"a11y-skip\" data-context=\"was @visible\"><br \/>\n    Passer la publicit\u00e9<br \/>\n<\/a>            <\/p>\n<p>                                            Robert Downey Jr.: de super-h\u00e9ros \u00e0 super-vilain<\/p>\n<p class=\"fig-paragraph\">Marvel a notamment fait appel \u00e0 l\u2019un de ses plus fid\u00e8les collaborateurs. L\u2019homme qui a lanc\u00e9 la glorieuse \u00e8re du MCU, en 2008, dans son armure d\u2019Iron Man.\u00a0<a href=\"http:\/\/www.lefigaro.fr\/cinema\/les-nouvelles-recrues-marvel-moins-bien-payees-que-leurs-aines-tels-que-robert-downey-jr-20250801\" data-fig-type=\"Article\" data-gtm-custom-categorie=\"navigation\" data-gtm-custom-action=\"crossclick\" data-gtm-custom-label=\"Contextuel\" data-gtm-event=\"customEventSPE\" data-fig-domain=\"LEFIGARO\" target=\"_blank\" rel=\"noopener\">Robert Downey Jr.<\/a>, dont le personnage Tony Stark s\u2019est pourtant sacrifi\u00e9 pour sauver le monde des mains de Thanos dans Endgame, marquera son grand retour dans la franchise avec Doomsday. Cette fois, l\u2019Am\u00e9ricain ne sera pas dans la peau du super-h\u00e9ros, mais dans celle du super-vilain.<a href=\"http:\/\/www.lefigaro.fr\/culture\/j-aime-jouer-des-personnages-complexes-au-comic-con-robert-downey-jr-annonce-son-retour-chez-marvel-20240728\" data-fig-type=\"NewsFlash\" data-gtm-custom-categorie=\"navigation\" data-gtm-custom-action=\"crossclick\" data-gtm-custom-label=\"Contextuel\" data-gtm-event=\"customEventSPE\" data-fig-domain=\"LEFIGARO\" target=\"_blank\" rel=\"noopener\">\u00a0Il enfilera la capuche verte et l\u2019armure argent\u00e9e du Docteur Fatalis<\/a>, dit aussi Doctor Doom dans sa version originale. Les fans se posent d\u00e9j\u00e0 de nombreuses questions sur son int\u00e9gration dans l\u2019univers. Sera-t-il une version alternative d\u2019Iron Man, inspir\u00e9e du Comics de 2005 Marvel Team up, ou l\u2019inqui\u00e9tant Victor Von Doom, l\u2019ennemi jur\u00e9 des\u00a0<a href=\"http:\/\/www.lefigaro.fr\/cinema\/notre-critique-des-4-fantastiques-marvel-a-t-il-retrouve-la-magie-de-ses-meilleurs-avengers-ou-gardiens-de-la-galaxie-20250722\" data-fig-type=\"Article\" data-gtm-custom-categorie=\"navigation\" data-gtm-custom-action=\"crossclick\" data-gtm-custom-label=\"Contextuel\" data-gtm-event=\"customEventSPE\" data-fig-domain=\"LEFIGARO\" target=\"_blank\" rel=\"noopener\">4 Fantastiques<\/a>\u00a0?<\/p>\n<blockquote class=\"fig-quote&#10;    \">\n<p class=\"fig-quote__text\">Les 4 Fantastiques et Dr Doom sont aussi indissociables que Batman et le Joker<\/p>\n<p>            Xavier Fournier, journaliste sp\u00e9cialiste des Comics\n    <\/p><\/blockquote>\n<p class=\"fig-paragraph\">\u00ab\u00a0Marvel a le mat\u00e9riel pour envisager ces deux sc\u00e9narios et justifier ou non une ressemblance avec l\u2019ancien personnage de Robert Downey Jr. dans le MCU\u00a0\u00bb, nous \u00e9claire Xavier Fournier. Quoi qu\u2019il en soit, les studios de production am\u00e9ricains devraient accorder une grande importance aux 4 Fantastiques,\u00a0<a href=\"http:\/\/www.lefigaro.fr\/cinema\/premiers-pas-reussis-pour-les-4-fantastiques-aux-box-offices-francais-et-americains-20250728\" data-fig-type=\"Article\" data-gtm-custom-categorie=\"navigation\" data-gtm-custom-action=\"crossclick\" data-gtm-custom-label=\"Contextuel\" data-gtm-event=\"customEventSPE\" data-fig-domain=\"LEFIGARO\" target=\"_blank\" rel=\"noopener\">qui ont fait leurs \u00ab premiers pas\u00a0\u00bb dans la franchise<\/a>\u00a0en juillet dernier avec Pedro Pascal dans le costume de Mr Fantastique, Vanessa Kirby dans celui de Jane Storm, Joseph Quinn dans celui de la Torche Humaine et Ebon Moss-Bachrach dans la carcasse de la Chose. Une hypoth\u00e8se bien encourag\u00e9e par la sc\u00e8ne post-g\u00e9n\u00e9rique de ce m\u00eame long-m\u00e9trage, o\u00f9 appara\u00eet pour la premi\u00e8re fois dans le MCU le Dr Doom. \u00ab\u00a0Ces diff\u00e9rents personnages sont historiquement associ\u00e9s, remarque le passionn\u00e9. Ils sont aussi indissociables que Batman et le Joker.\u00a0\u00bb\u00a0<\/p>\n<p class=\"fig-paragraph\">Si Marvel s\u2019en tient \u00e0 l\u2019histoire originale des Comics, le sc\u00e9nario des deux prochains Avengers devrait se calquer\u00a0&#8211;\u00a0en partie\u00a0&#8211;\u00a0sur la saga Secret Wars, sortie en 2015 outre-Atlantique. \u00ab\u00a0Dans cette suite de livres, le Dr Doom remod\u00e8le l\u2019univers pour en \u00eatre le ma\u00eetre, raconte Xavier Fournier. C\u2019est un chaos organis\u00e9 et, \u00e0 la fin de cette saga, les Fantastiques sauvent l\u2019univers et le relancent.\u00a0\u00bb Si cette hypoth\u00e8se se v\u00e9rifie, les spectateurs doivent s\u2019attendre \u00e0 ce que Doomsday soit, \u00e0 l\u2019image d\u2019Infinity War, ponctu\u00e9 par un \u00ab\u00a0\u00e9v\u00e9nement absolument dramatique\u00a0\u00bb qui justifierait la sortie du sixi\u00e8me volet des Avengers l\u2019ann\u00e9e suivante.<\/p>\n<p class=\"fig-paragraph\"><strong>Bande-annonce des <\/strong><strong>4 Fantastiques\u00a0:\u00a0Premiers pas<\/strong> <strong>\u00a0(2025)<\/strong><\/p>\n<p>                                            Ouvrir la voie<\/p>\n<p class=\"fig-paragraph\">Les spectateurs devront aussi attendre de Secret Wars qu\u2019il ouvre la voie aux prochaines productions du MCU, parmi lesquelles Blade ou Black Panther 3. Car pas question pour Marvel, sauf \u00e9chec notable au box-office, de mettre un terme \u00e0 son univers port\u00e9 depuis presque 20 ans sur le petit et le grand \u00e9cran. Doomsday devrait, de ce fait, acter l\u2019arriv\u00e9e des\u00a0<a href=\"http:\/\/www.lefigaro.fr\/cinema\/le-realisateur-de-thunderbolts-devoile-ses-intentions-pour-les-prochains-films-x-men-20250731\" data-fig-type=\"Article\" data-gtm-custom-categorie=\"navigation\" data-gtm-custom-action=\"crossclick\" data-gtm-custom-label=\"Contextuel\" data-gtm-event=\"customEventSPE\" data-fig-domain=\"LEFIGARO\" target=\"_blank\" rel=\"noopener\">X-Men<\/a>, anciennes propri\u00e9t\u00e9s de la Fox dont Marvel pr\u00e9voit \u00ab\u00a0un plan sur dix ans\u00a0\u00bb dans le MCU. Et donc un avenir apr\u00e8s Cette \u00e9quipe de super-h\u00e9ros, introduite \u00e0 la fois dans Doctor Strange\u00a0:\u00a0The Multiverse of Madness et dans Deadpool et Wolverine, est d\u00e9j\u00e0 annonc\u00e9 au casting des deux blockbusters.<\/p>\n<blockquote class=\"fig-quote&#10;    \">\n<p class=\"fig-quote__text\">Il faut de la chair \u00e0 canon \u00e0 Marvel pour faire quelque chose d\u2019encore plus impressionnant qu\u2019Endgame et c\u2019est pour cela que l\u2019affiche est aussi exhaustive.<\/p>\n<p>            Xavier Fournier, journaliste sp\u00e9cialiste des Comics\n    <\/p><\/blockquote>\n<p>                                            <a class=\"fig-a11y-skip\" href=\"#fig-a11y-skip-main-inarticle_mtf\" data-module=\"a11y-skip\" data-context=\"was @visible\"><br \/>\n    Passer la publicit\u00e9<br \/>\n<\/a>            <\/p>\n<p class=\"fig-paragraph\">La survenue des \u00e9l\u00e8ves du professeur X t\u00e9moigne de la volont\u00e9 des studios de d\u00e9cr\u00e9ter la mobilisation g\u00e9n\u00e9rale d\u2019une arm\u00e9e de super-h\u00e9ros capable de d\u00e9faire ce qui semble \u00eatre la plus grande menace jamais rencontr\u00e9e par les Avengers. \u00ab\u00a0Marvel s\u2019est retrouv\u00e9 face \u00e0 ce d\u00e9fi apr\u00e8s la sc\u00e8ne des portails dans Endgame, o\u00f9 les super-h\u00e9ros arrivent tous en m\u00eame temps, constate Xavier Fournier. Et aujourd\u2019hui, il lui faut de la chair \u00e0 canon pour faire quelque chose d\u2019encore plus impressionnant. C\u2019est pour cela que l\u2019affiche est aussi exhaustive.\u00a0\u00bb<\/p>\n<p class=\"fig-body-link\">\n            \u00c0 lire aussi<br \/>\n        <a class=\"fig-body-link__link fig-premium-mark\" href=\"http:\/\/www.lefigaro.fr\/cinema\/des-derniers-avengers-a-black-panther-wakanda-forever-comment-marvel-prepare-l-avenir-de-sa-saga-20221112\" target=\"_blank\" data-fig-type=\"Article\" rel=\"noopener\" data-gtm-custom-categorie=\"navigation\" data-gtm-custom-action=\"crossclick\" data-gtm-custom-label=\"Contextuel\" data-gtm-event=\"customEventSPE\" data-fig-domain=\"LEFIGARO\"><\/p>\n<p>        Des derniers Avengers \u00e0 Black Panther: Wakanda Forever, comment Marvel pr\u00e9pare l&rsquo;avenir de sa saga<br \/>\n    <\/a>\n<\/p>\n<p>                                            Sc\u00e9nario \u00e0 g\u00e9om\u00e9trie super-variable<\/p>\n<p class=\"fig-paragraph\">Dans le pr\u00e9c\u00e9dent Avengers, on comptait quelque 32 super-h\u00e9ros et super-vilains. Pour Doomsday, il y en a d\u00e9j\u00e0 35, sous r\u00e9serve de surprises. Comme Spider-Man, par exemple, qui ne figure pas sur les affiches. Les observateurs tableraient plut\u00f4t sur une apparition du tisseur de toiles dans Secret Wars. \u00ab\u00a0Ils sont quand m\u00eame capables de tout, se m\u00e9fie Xavier Fournier. Ils peuvent rajouter des plans \u00e0 la derni\u00e8re minute et l\u2019int\u00e9grer dans Doomsday.\u00a0\u00bb<\/p>\n<p class=\"fig-paragraph\">Preuve en est, Marvel a r\u00e9\u00e9crit tout son sc\u00e9nario en 2023, lorsque\u00a0<a href=\"http:\/\/www.lefigaro.fr\/culture\/verdict-du-proces-jonathan-majors-l-acteur-condamne-a-suivre-un-an-de-programme-sur-les-violences-conjugales-20240409\" data-fig-type=\"NewsFlash\" data-gtm-custom-categorie=\"navigation\" data-gtm-custom-action=\"crossclick\" data-gtm-custom-label=\"Contextuel\" data-gtm-event=\"customEventSPE\" data-fig-domain=\"LEFIGARO\" target=\"_blank\" rel=\"noopener\">Jonathan Majors,<\/a>\u00a0alors pr\u00e9vu pour jouer le grand m\u00e9chant des \u00e9pisodes 6 et 7 des Avengers, a \u00e9t\u00e9 reconnu coupable d\u2019agression sur une ex-petite amie.\u00a0<a href=\"http:\/\/www.lefigaro.fr\/cinema\/kang-le-nouveau-mechant-marvel-est-l-incarnation-du-temps-selon-jonathan-majors-20230216\" data-fig-type=\"Article\" data-gtm-custom-categorie=\"navigation\" data-gtm-custom-action=\"crossclick\" data-gtm-custom-label=\"Contextuel\" data-gtm-event=\"customEventSPE\" data-fig-domain=\"LEFIGARO\" target=\"_blank\" rel=\"noopener\">Il devait jouer Kang le conqu\u00e9rant<\/a>, un scientifique ayant voyag\u00e9 dans le royaume quantique. La suite des \u00e9v\u00e9nements du MCU aurait d\u00fb, elle, s\u2019appuyer sur Avengers\u00a0:\u00a0The Kang Dynasty plut\u00f4t qu\u2019Avengers\u00a0:\u00a0Doomsday. \u00ab\u00a0Marvel a mis \u00e7a sur le dos de la condamnation de l\u2019acteur, mais c\u2019est aussi parce que le film qui l\u2019a introduit dans le MCU, Ant-Man et la Gu\u00eape\u00a0: Quantumania, n\u2019a pas march\u00e9 au box-office, temp\u00e8re Xavier Founier. Ils nous l\u2019avaient vendu comme le nouveau Thanos, mais \u00e7a n\u2019a pas pris aupr\u00e8s du public et ils ont d\u00fb se replier sur leur plan B ou C.\u00a0\u00bb\u00a0<\/p>\n<p class=\"fig-paragraph\"><strong>Bande-annonce d\u2019<\/strong><strong>Ant-Man et La Gu\u00eape\u00a0:\u00a0Quantumania<\/strong> <strong>\u00a0(2023)<\/strong><\/p>\n<p class=\"fig-paragraph\">Ces derni\u00e8res ann\u00e9es, les studios de production am\u00e9ricains ont assur\u00e9 leurs arri\u00e8res en doublant ou triplant presque tous les r\u00f4les de la franchise. Trois Spider-Man diff\u00e9rents ont \u00e9t\u00e9 aper\u00e7us dans\u00a0<a href=\"https:\/\/www.lefigaro.fr\/cinema\/spider-man-no-way-home-un-super-heros-dans-tous-ses-etats-20211214\" data-fig-type=\"Article\" data-gtm-custom-categorie=\"navigation\" data-gtm-custom-action=\"crossclick\" data-gtm-custom-label=\"Contextuel\" data-gtm-event=\"customEventSPE\" data-fig-domain=\"LEFIGARO\" target=\"_blank\" rel=\"noopener\">No Way Home<\/a> \u00a0en 2021. Ceux de\u00a0<a href=\"http:\/\/www.lefigaro.fr\/cinema\/tom-holland-victime-d-une-chute-sur-le-plateau-du-prochain-spider-man-interrompt-le-tournage-20250922\" data-fig-type=\"Article\" data-gtm-custom-categorie=\"navigation\" data-gtm-custom-action=\"crossclick\" data-gtm-custom-label=\"Contextuel\" data-gtm-event=\"customEventSPE\" data-fig-domain=\"LEFIGARO\" target=\"_blank\" rel=\"noopener\">Tom Holland<\/a>, Tobey Maguire et Andrew Garfield. Doctor Strange\u00a0&#8211;\u00a0et son curieux troisi\u00e8me \u0153il apparu \u00e0 la fin de\u00a0<a href=\"http:\/\/www.lefigaro.fr\/cinema\/doctor-strange-in-the-multiverse-of-madness-toujours-en-tete-du-box-office-20220519\" data-fig-type=\"NewsFlash\" data-gtm-custom-categorie=\"navigation\" data-gtm-custom-action=\"crossclick\" data-gtm-custom-label=\"Contextuel\" data-gtm-event=\"customEventSPE\" data-fig-domain=\"LEFIGARO\" target=\"_blank\" rel=\"noopener\">The Multiverse of Madness\u00a0<\/a>-, mais aussi le nouveau\u00a0<a href=\"http:\/\/www.lefigaro.fr\/culture\/notre-critique-de-captain-america-brave-new-world-les-etats-unis-de-trump-et-musk-dans-un-miroir-a-peine-deforme-20250211\" data-fig-type=\"Article\" data-gtm-custom-categorie=\"navigation\" data-gtm-custom-action=\"crossclick\" data-gtm-custom-label=\"Contextuel\" data-gtm-event=\"customEventSPE\" data-fig-domain=\"LEFIGARO\" target=\"_blank\" rel=\"noopener\">Captain America<\/a>\u00a0Sam Wilson (Anthony Mackie), le nouveau Falcon (Danny Ramirez) ou encore Thor (Chris Hemsworth) et Ant-Man (Paul Rudd) ont tous une version alternative dans le MCU, en cas d\u2019accident ou d\u2019emp\u00eachement.<\/p>\n<p>                                            <a class=\"fig-a11y-skip\" href=\"#fig-a11y-skip-main-inarticle_btf\" data-module=\"a11y-skip\" data-context=\"was @visible\"><br \/>\n    Passer la publicit\u00e9<br \/>\n<\/a>            <\/p>\n<p>                                            Le multivers de nouveau au centre de l\u2019intrigue<\/p>\n<p class=\"fig-paragraph\">Cela est rendu possible gr\u00e2ce au concept de multivers, introduit \u00e0 la fin d\u2019Avengers Endgame. Il sugg\u00e8re que notre r\u00e9alit\u00e9 en est une parmi tant d\u2019autres et que de multiples versions de nous-m\u00eames existeraient dans un ou plusieurs univers parall\u00e8les. Ces derniers temps, Marvel en a fait sa signature. Au point de perdre, parfois, une partie de son public. Mais les studios am\u00e9ricains ne comptent pas s\u2019en d\u00e9tacher. Il faudrait m\u00eame s\u2019attendre \u00e0 voir \u00ab\u00a0beaucoup de multivers\u00a0\u00bb dans Doomsday et Secret Wars, assure Xavier Fournier. Ce serait, de toute fa\u00e7on, le seul moyen de convier \u00e0 la table des Avengers des personnages comme les 4 Fantastiques et les X-Men, issus de temporalit\u00e9s et d\u2019univers bien diff\u00e9rents.<\/p>\n<p class=\"fig-paragraph\">Un tel sc\u00e9nario devrait accorder une place importante \u00e0\u00a0<a href=\"http:\/\/www.lefigaro.fr\/cinema\/loki-tom-hiddleston-et-owen-wilson-font-souffler-un-genial-vent-de-zizanie-sur-marvel-20210609\" data-fig-type=\"Article\" data-gtm-custom-categorie=\"navigation\" data-gtm-custom-action=\"crossclick\" data-gtm-custom-label=\"Contextuel\" data-gtm-event=\"customEventSPE\" data-fig-domain=\"LEFIGARO\" target=\"_blank\" rel=\"noopener\">Loki\u00a0<\/a>(Tom Hiddleston), jadis ennemi jur\u00e9 de la troupe de super-h\u00e9ros. Apr\u00e8s avoir combattu contre les lignes temporelles du Tribunal des Variations Anachroniques (TVA) pendant les deux saisons d\u2019une s\u00e9rie qui lui \u00e9tait consacr\u00e9e sur Disney+, le malicieux fr\u00e8re de Thor devrait faire son retour dans Doomsday. Cependant, au vu de sa derni\u00e8re apparition sur le petit \u00e9cran, difficile d\u2019imaginer le r\u00f4le qu\u2019il y tiendra. \u00ab\u00a0C\u2019est le fondateur des Avengers, mais dans quelle version le d\u00e9couvrirons-nous\u00a0?\u00a0\u00bb, s\u2019interroge Xavier Fournier.<\/p>\n<p class=\"fig-body-link\">\n            \u00c0 lire aussi<br \/>\n        <a class=\"fig-body-link__link\" href=\"http:\/\/www.lefigaro.fr\/cinema\/tom-holland-tom-hiddleston-florence-pugh-les-visages-qui-doivent-incarner-le-renouveau-de-marvel-20250718\" target=\"_blank\" data-fig-type=\"Article\" rel=\"noopener\" data-gtm-custom-categorie=\"navigation\" data-gtm-custom-action=\"crossclick\" data-gtm-custom-label=\"Contextuel\" data-gtm-event=\"customEventSPE\" data-fig-domain=\"LEFIGARO\"><\/p>\n<p>        Tom Holland, Tom Hiddleston, Florence Pugh&#8230; Les visages qui doivent incarner le renouveau de Marvel<br \/>\n    <\/a>\n<\/p>\n<p class=\"fig-paragraph\">Ces diff\u00e9rentes questions devraient \u00eatre \u00e9clair\u00e9es dans les prochains jours avec la potentielle diffusion d\u2019une premi\u00e8re bande-annonce de Doomsday, le mercredi 17 d\u00e9cembre, en amont de la projection d\u2019Avatar\u00a0&#8211;\u00a0De feu et de cendres. Les spectateurs pourraient alors d\u00e9couvrir le sort r\u00e9serv\u00e9 aux\u00a0<a href=\"http:\/\/www.lefigaro.fr\/cinema\/marvel-change-le-titre-de-thunderbolts-pour-les-nouveaux-avengers-20250506\" data-fig-type=\"Article\" data-gtm-custom-categorie=\"navigation\" data-gtm-custom-action=\"crossclick\" data-gtm-custom-label=\"Contextuel\" data-gtm-event=\"customEventSPE\" data-fig-domain=\"LEFIGARO\" target=\"_blank\" rel=\"noopener\">Thunderbolts\u00a0<\/a>de Yelena Belova (Florence Pugh), Bucky Barnes (Sebastian Stan), Alexei Shostakov (David Harbour) et John Walker (Wyatt Russel). Lors de la promotion du film, en mai, les antih\u00e9ros s\u2019\u00e9taient renomm\u00e9s \u00ab\u00a0Les Nouveaux Avengers\u00a0\u00bb. Et connaissant Marvel, cela n\u2019a rien d\u2019un hasard.<\/p>\n<p class=\"fig-paragraph\">Quid aussi de savoir quels r\u00f4les joueront certains personnages, \u00e0 premi\u00e8re vue plus secondaires, comme Shuri (Laetitia Wright),<a href=\"https:\/\/www.lefigaro.fr\/cinema\/notre-critique-de-black-panther-wakanda-forever-le-deuil-impossible-20221108\" data-fig-type=\"Article\" data-gtm-custom-categorie=\"navigation\" data-gtm-custom-action=\"crossclick\" data-gtm-custom-label=\"Contextuel\" data-gtm-event=\"customEventSPE\" data-fig-domain=\"LEFIGARO\" target=\"_blank\" rel=\"noopener\">\u00a0la nouvelle Black Panther,<\/a>\u00a0et Shang-Shi (Simu Li). Car c\u2019est finalement tout ce casting \u00ab\u00a0multiversel\u00a0\u00bb qui justifie la somme colossale d\u00e9bours\u00e9e par Marvel. Avec tous ces moyens d\u00e9ploy\u00e9s, l\u2019objectif des studios est simple\u00a0:\u00a0produire les deux plus grands longs-m\u00e9trages de super-h\u00e9ros de tous les temps. Pour Xavier Fournier, ex\u00e9g\u00e8te reconnu de la geste comics, l\u2019ambition de Marvel se r\u00e9sume ainsi\u00a0:\u00a0\u00ab\u00a0Faire en sorte que les prochains Avengers soient le Super Bowl du cin\u00e9ma.\u00a0\u00bb<\/p>\n","protected":false},"excerpt":{"rendered":"R\u00c9CIT\u00a0&#8211;\u00a0Acteurs, plausibles sc\u00e9narios, production pharaonique&#8230; Le 16 d\u00e9cembre 2026 para\u00eetra le cinqui\u00e8me volet de la saga Avengers avec,&hellip;\n","protected":false},"author":2,"featured_media":602613,"comment_status":"","ping_status":"","sticky":false,"template":"","format":"standard","meta":{"footnotes":""},"categories":[1354],"tags":[11320,58,59,1346,1011,27,2135,1360,35469],"class_list":{"0":"post-602612","1":"post","2":"type-post","3":"status-publish","4":"format-standard","5":"has-post-thumbnail","7":"category-films","8":"tag-avengers","9":"tag-divertissement","10":"tag-entertainment","11":"tag-films","12":"tag-fr","13":"tag-france","14":"tag-marvel","15":"tag-movies","16":"tag-robert-downey-jr"},"share_on_mastodon":{"url":"https:\/\/pubeurope.com\/@fr\/115728289913745761","error":""},"_links":{"self":[{"href":"https:\/\/www.europesays.com\/fr\/wp-json\/wp\/v2\/posts\/602612","targetHints":{"allow":["GET"]}}],"collection":[{"href":"https:\/\/www.europesays.com\/fr\/wp-json\/wp\/v2\/posts"}],"about":[{"href":"https:\/\/www.europesays.com\/fr\/wp-json\/wp\/v2\/types\/post"}],"author":[{"embeddable":true,"href":"https:\/\/www.europesays.com\/fr\/wp-json\/wp\/v2\/users\/2"}],"replies":[{"embeddable":true,"href":"https:\/\/www.europesays.com\/fr\/wp-json\/wp\/v2\/comments?post=602612"}],"version-history":[{"count":0,"href":"https:\/\/www.europesays.com\/fr\/wp-json\/wp\/v2\/posts\/602612\/revisions"}],"wp:featuredmedia":[{"embeddable":true,"href":"https:\/\/www.europesays.com\/fr\/wp-json\/wp\/v2\/media\/602613"}],"wp:attachment":[{"href":"https:\/\/www.europesays.com\/fr\/wp-json\/wp\/v2\/media?parent=602612"}],"wp:term":[{"taxonomy":"category","embeddable":true,"href":"https:\/\/www.europesays.com\/fr\/wp-json\/wp\/v2\/categories?post=602612"},{"taxonomy":"post_tag","embeddable":true,"href":"https:\/\/www.europesays.com\/fr\/wp-json\/wp\/v2\/tags?post=602612"}],"curies":[{"name":"wp","href":"https:\/\/api.w.org\/{rel}","templated":true}]}}