{"id":602614,"date":"2025-12-16T08:25:13","date_gmt":"2025-12-16T08:25:13","guid":{"rendered":"https:\/\/www.europesays.com\/fr\/602614\/"},"modified":"2025-12-16T08:25:13","modified_gmt":"2025-12-16T08:25:13","slug":"ce-lien-surprenant-avec-lanxiete-et-la-depression","status":"publish","type":"post","link":"https:\/\/www.europesays.com\/fr\/602614\/","title":{"rendered":"ce lien surprenant avec l\u2019anxi\u00e9t\u00e9 et la d\u00e9pression"},"content":{"rendered":"<p>Acn\u00e9, ecz\u00e9ma ou psoriasis touchent pr\u00e8s de 2 milliards de personnes dans le monde et g\u00e9n\u00e8rent souvent un mal-\u00eatre profond. Ces affections visibles cr\u00e9ent un cercle vicieux o\u00f9 stress et sympt\u00f4mes s\u2019alimentent mutuellement.<\/p>\n<p>Une \u00e9tude europ\u00e9enne majeure<\/p>\n<p><a href=\"https:\/\/pmc.ncbi.nlm.nih.gov\/articles\/PMC4378256\/\" target=\"_blank\" rel=\"noopener\">L\u2019\u00e9tude \u00ab The Psychological Burden of Skin Diseases \u00bb<\/a>, publi\u00e9e dans le Journal of Investigative Dermatology\u00a0, a interrog\u00e9 3 635 patients dermatologiques et 1 359 t\u00e9moins dans 13 pays europ\u00e9ens. Men\u00e9e par F.J. Dalgard et al., elle montre que 10,1% des patients cutan\u00e9s pr\u00e9sentent une d\u00e9pression clinique (vs 4,3% chez les t\u00e9moins), 17,2% une anxi\u00e9t\u00e9 (vs 11,1%) et 12,7% des id\u00e9es suicidaires (vs 8,3%).<\/p>\n<p>Le cercle vicieux peau-stress<\/p>\n<p>Le cortisol lib\u00e9r\u00e9 par le stress aggrave l\u2019inflammation cutan\u00e9e (psoriasis, ecz\u00e9ma), tandis que les l\u00e9sions visibles provoquent honte, isolement et perte de confiance. Chez les jeunes avec acn\u00e9 s\u00e9v\u00e8re, le risque de d\u00e9pression double ; l\u2019ecz\u00e9ma chronique triple les troubles anxieux. Jusqu\u2019\u00e0 5% des cas graves m\u00e8nent \u00e0 des pens\u00e9es suicidaires.<\/p>\n<p>Donn\u00e9es chocs par pathologie<\/p>\n<p>Psoriasis (17,4% des cas), infections cutan\u00e9es (6,8%), ecz\u00e9ma (6,4%) et acn\u00e9 (5,9%) dominent. Les femmes (56,5% des patients) sont surrepr\u00e9sent\u00e9es, avec un \u00e2ge moyen de 47 ans. Stress r\u00e9cent (35,6%) et comorbidit\u00e9s physiques (28,8%) amplifient le fardeau psychologique.<\/p>\n<p>Repenser la sant\u00e9 au-del\u00e0 de la peau<\/p>\n<p>Les probl\u00e8mes cutan\u00e9s comme l\u2019acn\u00e9, l\u2019ecz\u00e9ma ou le psoriasis ne se r\u00e9sument pas \u00e0 des questions esth\u00e9tiques ou dermatologiques : ils r\u00e9v\u00e8lent un lien profond et bidirectionnel avec notre sant\u00e9 mentale, o\u00f9 stress et sympt\u00f4mes s\u2019entrechoquent dans un cercle vicieux destructeur. Les chiffres appellent \u00e0 une r\u00e9volution dans la prise en charge : il ne suffit plus de prescrire cr\u00e8mes ou antibiotiques, il faut int\u00e9grer syst\u00e9matiquement un volet psychologique pour briser cette spirale.<\/p>\n<p>Vers une psycho-dermatologie int\u00e9gr\u00e9e<\/p>\n<p>Th\u00e9rapies cognitivo-comportementales, mindfulness et soutien psychologique, associ\u00e9s \u00e0 des traitements cutan\u00e9s adapt\u00e9s, restaurent non seulement l\u2019\u00e9piderme mais aussi l\u2019estime de soi, permettant aux patients de retrouver confiance et s\u00e9r\u00e9nit\u00e9. Cosm\u00e9tiques apaisants et routines bien-\u00eatre jouent un r\u00f4le cl\u00e9 pour apaiser l\u2019inflammation comme l\u2019anxi\u00e9t\u00e9 quotidienne. \u00c0 l\u2019\u00e9chelle soci\u00e9tale, d\u00e9stigmatiser ces affections visibles \u2013 via campagnes publiques et \u00e9ducation \u2013 est essentiel pour que les 2 milliards de personnes touch\u00e9es ne se sentent plus isol\u00e9es ou jug\u00e9es.<\/p>\n<p>En fin de compte, prendre soin de sa peau, c\u2019est aussi choyer son esprit : une approche holistique non seulement gu\u00e9rit les l\u00e9sions superficielles, mais pr\u00e9vient les blessures profondes, favorisant un bien-\u00eatre global o\u00f9 beaut\u00e9 ext\u00e9rieure et int\u00e9rieure se rejoignent harmonieusement.<\/p>\n","protected":false},"excerpt":{"rendered":"Acn\u00e9, ecz\u00e9ma ou psoriasis touchent pr\u00e8s de 2 milliards de personnes dans le monde et g\u00e9n\u00e8rent souvent un&hellip;\n","protected":false},"author":2,"featured_media":602615,"comment_status":"","ping_status":"","sticky":false,"template":"","format":"standard","meta":{"footnotes":""},"categories":[10],"tags":[1111,1011,27,72,9854,71],"class_list":{"0":"post-602614","1":"post","2":"type-post","3":"status-publish","4":"format-standard","5":"has-post-thumbnail","7":"category-sante","8":"tag-actu","9":"tag-fr","10":"tag-france","11":"tag-health","12":"tag-peau","13":"tag-sante"},"share_on_mastodon":{"url":"https:\/\/pubeurope.com\/@fr\/115728293864087688","error":""},"_links":{"self":[{"href":"https:\/\/www.europesays.com\/fr\/wp-json\/wp\/v2\/posts\/602614","targetHints":{"allow":["GET"]}}],"collection":[{"href":"https:\/\/www.europesays.com\/fr\/wp-json\/wp\/v2\/posts"}],"about":[{"href":"https:\/\/www.europesays.com\/fr\/wp-json\/wp\/v2\/types\/post"}],"author":[{"embeddable":true,"href":"https:\/\/www.europesays.com\/fr\/wp-json\/wp\/v2\/users\/2"}],"replies":[{"embeddable":true,"href":"https:\/\/www.europesays.com\/fr\/wp-json\/wp\/v2\/comments?post=602614"}],"version-history":[{"count":0,"href":"https:\/\/www.europesays.com\/fr\/wp-json\/wp\/v2\/posts\/602614\/revisions"}],"wp:featuredmedia":[{"embeddable":true,"href":"https:\/\/www.europesays.com\/fr\/wp-json\/wp\/v2\/media\/602615"}],"wp:attachment":[{"href":"https:\/\/www.europesays.com\/fr\/wp-json\/wp\/v2\/media?parent=602614"}],"wp:term":[{"taxonomy":"category","embeddable":true,"href":"https:\/\/www.europesays.com\/fr\/wp-json\/wp\/v2\/categories?post=602614"},{"taxonomy":"post_tag","embeddable":true,"href":"https:\/\/www.europesays.com\/fr\/wp-json\/wp\/v2\/tags?post=602614"}],"curies":[{"name":"wp","href":"https:\/\/api.w.org\/{rel}","templated":true}]}}