{"id":602618,"date":"2025-12-16T08:27:13","date_gmt":"2025-12-16T08:27:13","guid":{"rendered":"https:\/\/www.europesays.com\/fr\/602618\/"},"modified":"2025-12-16T08:27:13","modified_gmt":"2025-12-16T08:27:13","slug":"le-loup-mal-aime-dintermarche-en-peluche-ne-sera-pas-vendu-avant-2026","status":"publish","type":"post","link":"https:\/\/www.europesays.com\/fr\/602618\/","title":{"rendered":"Le loup \u00ab\u00a0Mal-aim\u00e9\u00a0\u00bb d\u2019Intermarch\u00e9 en peluche ne sera pas vendu avant\u00a02026"},"content":{"rendered":"<p>Il faudra encore un peu de patience avant de pouvoir s\u2019offrir le d\u00e9sormais c\u00e9l\u00e8bre <a href=\"https:\/\/www.20minutes.fr\/societe\/4191310-20251213-loup-mal-aime-intermarche-va-avoir-vraie-peluche-temps-noel\" class=\"c-link c-link--is-underlined\" target=\"_blank\" rel=\"noopener\">loup en peluche<\/a> d\u2019<a href=\"https:\/\/www.20minutes.fr\/dossier\/intermarche\" class=\"c-link c-link--is-underlined\" target=\"_blank\" rel=\"noopener\">Intermarch\u00e9<\/a>. La cha\u00eene de supermarch\u00e9s ne commercialisera pas avant l\u2019ann\u00e9e prochaine la <a href=\"https:\/\/www.20minutes.fr\/arts-stars\/4191555-20251215-magnifique-plaidoyer-publicite-noel-intermarche-seduit-patron-leclerc\" class=\"c-link c-link--is-underlined\" target=\"_blank\" rel=\"noopener\">peluche star<\/a> d\u2019une pub de <a href=\"https:\/\/www.20minutes.fr\/noel\/\" class=\"c-link c-link--is-underlined\" target=\"_blank\" rel=\"noopener\">No\u00ebl<\/a> qui a fait le tour du monde, a annonc\u00e9 lundi Thierry Cotillard, patron du Groupement Mousquetaires\/Intermarch\u00e9.<\/p>\n<p>\u00ab\u00a0La v\u00e9rit\u00e9, c\u2019est qu\u2019on a \u00e9t\u00e9 pris de court\u00a0\u00bb, a d\u00e9clar\u00e9 Thierry Cotillard dans le journal de 20\u00a0heures de France 2. \u00ab\u00a0Dans la semaine, on aura un milliard de vues dans le monde\u00a0\u00bb, pour la publicit\u00e9 Intermarch\u00e9 mettant en sc\u00e8ne un loup, selon lui, \u00ab\u00a0il y a une vraie \u00ab\u00a0Loup mania\u00a0\u00bb. On ne s\u2019y attendait pas\u00a0\u00bb, a-t-il ajout\u00e9.<\/p>\n<\/p>\n<p>\u00ab\u00a0On va pouvoir en produire une centaine d\u2019ici la fin de l\u2019ann\u00e9e\u00a0\u00bb, a pr\u00e9cis\u00e9 Thierry Cotillard qui ajoute que la peluche sera \u00ab\u00a0fran\u00e7aise et europ\u00e9enne\u00a0\u00bb. \u00ab\u00a0On a fait le choix justement d\u2019\u00eatre coh\u00e9rent et de ne pas importer \u00e7a de Chine\u00a0\u00bb, a-t-il pr\u00e9cis\u00e9.<\/p>\n<p>Au pied du sapin en\u00a02026<\/p>\n<p>La centaine de peluches produite cette ann\u00e9e seront offertes \u00ab\u00a0\u00e0 des associations pour les enfants\u00a0\u00bb, a ajout\u00e9 Thierry Cotillard. \u00ab\u00a0Mais on prend surtout l\u2019engagement que l\u2019ann\u00e9e prochaine au pied du sapin en\u00a02026 il y aura bien cette petite peluche &lsquo;made in France&rsquo;\u00a0\u00bb, a-t-il dit.<\/p>\n<p>Dimanche, Intermarch\u00e9 avait mis en garde contre des <a href=\"https:\/\/www.20minutes.fr\/societe\/4191413-20251215-alors-loup-mal-aime-encore-disponible-intermarche-alerte-ventes-frauduleuses\" class=\"c-link c-link--is-underlined\" target=\"_blank\" rel=\"noopener\">ventes frauduleuses de peluches<\/a> de son loup. \u00ab\u00a0Attention, soyez prudents, Il y aura bien \u00e9videmment des arnaques, voire de la fraude. Intermarch\u00e9 ne va pas le commercialiser sur cette fin d\u2019ann\u00e9e\u00a0\u00bb, a insist\u00e9 Thierry Cotillard.<\/p>\n<p>Dans le spot publicitaire sign\u00e9 du studio d\u2019animation fran\u00e7ais Illogic Studios, un loup se met \u00e0 cuisiner des l\u00e9gumes pour se faire accepter des autres animaux de la for\u00eat et partager un repas de f\u00eates avec eux. Les \u00e9coutes de la chanson\u00a0<a href=\"https:\/\/www.20minutes.fr\/arts-stars\/television\/4191187-20251212-grace-publicite-intermarche-tube-mal-aime-claude-francois-cartonne-spotify\" class=\"c-link c-link--is-underlined\" target=\"_blank\" rel=\"noopener\">Le mal-aim\u00e9 de Claude Fran\u00e7ois<\/a>, qui accompagne les aventures du loup, ont \u00e9t\u00e9 multipli\u00e9es par quatre depuis le lancement du spot publicitaire, selon le porte-parole.<\/p>\n","protected":false},"excerpt":{"rendered":"Il faudra encore un peu de patience avant de pouvoir s\u2019offrir le d\u00e9sormais c\u00e9l\u00e8bre loup en peluche d\u2019Intermarch\u00e9.&hellip;\n","protected":false},"author":2,"featured_media":602619,"comment_status":"","ping_status":"","sticky":false,"template":"","format":"standard","meta":{"footnotes":""},"categories":[8],"tags":[47,58,59,1011,27,2529,7105,15830,1834,104],"class_list":{"0":"post-602618","1":"post","2":"type-post","3":"status-publish","4":"format-standard","5":"has-post-thumbnail","7":"category-divertissement","8":"tag-actualite","9":"tag-divertissement","10":"tag-entertainment","11":"tag-fr","12":"tag-france","13":"tag-intermarche","14":"tag-jouet","15":"tag-noel","16":"tag-publicite","17":"tag-societe"},"share_on_mastodon":{"url":"https:\/\/pubeurope.com\/@fr\/115728301730636506","error":""},"_links":{"self":[{"href":"https:\/\/www.europesays.com\/fr\/wp-json\/wp\/v2\/posts\/602618","targetHints":{"allow":["GET"]}}],"collection":[{"href":"https:\/\/www.europesays.com\/fr\/wp-json\/wp\/v2\/posts"}],"about":[{"href":"https:\/\/www.europesays.com\/fr\/wp-json\/wp\/v2\/types\/post"}],"author":[{"embeddable":true,"href":"https:\/\/www.europesays.com\/fr\/wp-json\/wp\/v2\/users\/2"}],"replies":[{"embeddable":true,"href":"https:\/\/www.europesays.com\/fr\/wp-json\/wp\/v2\/comments?post=602618"}],"version-history":[{"count":0,"href":"https:\/\/www.europesays.com\/fr\/wp-json\/wp\/v2\/posts\/602618\/revisions"}],"wp:featuredmedia":[{"embeddable":true,"href":"https:\/\/www.europesays.com\/fr\/wp-json\/wp\/v2\/media\/602619"}],"wp:attachment":[{"href":"https:\/\/www.europesays.com\/fr\/wp-json\/wp\/v2\/media?parent=602618"}],"wp:term":[{"taxonomy":"category","embeddable":true,"href":"https:\/\/www.europesays.com\/fr\/wp-json\/wp\/v2\/categories?post=602618"},{"taxonomy":"post_tag","embeddable":true,"href":"https:\/\/www.europesays.com\/fr\/wp-json\/wp\/v2\/tags?post=602618"}],"curies":[{"name":"wp","href":"https:\/\/api.w.org\/{rel}","templated":true}]}}