{"id":602624,"date":"2025-12-16T08:30:16","date_gmt":"2025-12-16T08:30:16","guid":{"rendered":"https:\/\/www.europesays.com\/fr\/602624\/"},"modified":"2025-12-16T08:30:16","modified_gmt":"2025-12-16T08:30:16","slug":"les-deux-assaillants-sont-alles-sur-une-ile-des-philippines-qui-abrite-des-combattants-islamistes-selon-les-enqueteurs","status":"publish","type":"post","link":"https:\/\/www.europesays.com\/fr\/602624\/","title":{"rendered":"les deux assaillants sont all\u00e9s sur une \u00eele des Philippines qui abrite des combattants islamistes, selon les enqu\u00eateurs"},"content":{"rendered":"<p>   Naveed Akram, l\u2019un des auteurs de l\u2019attentat de Sydney, n\u2019avait pas \u00e9t\u00e9 consid\u00e9r\u00e9 comme une menace par les renseignements australiens, confirme Anthony Albanese             <\/p>\n<p class=\"post__live-container--answer-text post__space-node\">Le premier ministre australien, Anthony\u00a0Albanese, a d\u00e9clar\u00e9 mardi que l\u2019un des auteurs de l\u2019attentat de Sydney, Naveed Akram, 24\u00a0ans, avait fait l\u2019objet de v\u00e9rifications des renseignements australiens en\u00a02019, sans para\u00eetre constituer \u00e0 l\u2019\u00e9poque de menace imm\u00e9diate.<\/p>\n<p class=\"post__live-container--answer-text post__space-node\">\u00ab\u00a0Il a attir\u00e9 leur attention en raison de ses relations avec d\u2019autres\u00a0\u00bb, \u00ab\u00a0deux des personnes avec lesquelles il \u00e9tait associ\u00e9 ont \u00e9t\u00e9 inculp\u00e9es et sont all\u00e9es en prison, mais il n\u2019a pas \u00e9t\u00e9 consid\u00e9r\u00e9 \u00e0 l\u2019\u00e9poque comme un potentiel suspect\u00a0\u00bb, a d\u00e9clar\u00e9 M.\u00a0Albanese.<\/p>\n<p class=\"post__live-container--answer-text post__space-node\">\u00ab\u00a0Il semblerait que cela [l\u2019attentat] ait \u00e9t\u00e9 motiv\u00e9 par l\u2019id\u00e9ologie de l\u2019Etat islamique\u00a0\u00bb, a \u00e9galement dit le chef du gouvernement. Le groupe djihadiste a contr\u00f4l\u00e9 de vastes territoires en Irak et en Syrie, avant d\u2019\u00eatre d\u00e9fait en\u00a02019, mais a toujours des cellules dormantes de combattants dans le pays.<\/p>\n<p class=\"post__live-container--answer-text post__space-node\">La police a arr\u00eat\u00e9 dimanche Naveed Akram. Gri\u00e8vement bless\u00e9, il se trouve dans le coma \u00e0 l\u2019h\u00f4pital, sous la surveillance des forces de l\u2019ordre. Son p\u00e8re, Sajid, 50\u00a0ans, l\u2019autre assaillant, a \u00e9t\u00e9 tu\u00e9 par la police.<\/p>\n","protected":false},"excerpt":{"rendered":"Naveed Akram, l\u2019un des auteurs de l\u2019attentat de Sydney, n\u2019avait pas \u00e9t\u00e9 consid\u00e9r\u00e9 comme une menace par les&hellip;\n","protected":false},"author":2,"featured_media":602625,"comment_status":"","ping_status":"","sticky":false,"template":"","format":"standard","meta":{"footnotes":""},"categories":[5],"tags":[11,1011,27,14,12,28],"class_list":{"0":"post-602624","1":"post","2":"type-post","3":"status-publish","4":"format-standard","5":"has-post-thumbnail","7":"category-international","8":"tag-actualites","9":"tag-fr","10":"tag-france","11":"tag-international","12":"tag-news","13":"tag-world"},"share_on_mastodon":{"url":"https:\/\/pubeurope.com\/@fr\/115728313519384438","error":""},"_links":{"self":[{"href":"https:\/\/www.europesays.com\/fr\/wp-json\/wp\/v2\/posts\/602624","targetHints":{"allow":["GET"]}}],"collection":[{"href":"https:\/\/www.europesays.com\/fr\/wp-json\/wp\/v2\/posts"}],"about":[{"href":"https:\/\/www.europesays.com\/fr\/wp-json\/wp\/v2\/types\/post"}],"author":[{"embeddable":true,"href":"https:\/\/www.europesays.com\/fr\/wp-json\/wp\/v2\/users\/2"}],"replies":[{"embeddable":true,"href":"https:\/\/www.europesays.com\/fr\/wp-json\/wp\/v2\/comments?post=602624"}],"version-history":[{"count":0,"href":"https:\/\/www.europesays.com\/fr\/wp-json\/wp\/v2\/posts\/602624\/revisions"}],"wp:featuredmedia":[{"embeddable":true,"href":"https:\/\/www.europesays.com\/fr\/wp-json\/wp\/v2\/media\/602625"}],"wp:attachment":[{"href":"https:\/\/www.europesays.com\/fr\/wp-json\/wp\/v2\/media?parent=602624"}],"wp:term":[{"taxonomy":"category","embeddable":true,"href":"https:\/\/www.europesays.com\/fr\/wp-json\/wp\/v2\/categories?post=602624"},{"taxonomy":"post_tag","embeddable":true,"href":"https:\/\/www.europesays.com\/fr\/wp-json\/wp\/v2\/tags?post=602624"}],"curies":[{"name":"wp","href":"https:\/\/api.w.org\/{rel}","templated":true}]}}