{"id":602626,"date":"2025-12-16T08:32:14","date_gmt":"2025-12-16T08:32:14","guid":{"rendered":"https:\/\/www.europesays.com\/fr\/602626\/"},"modified":"2025-12-16T08:32:14","modified_gmt":"2025-12-16T08:32:14","slug":"en-occitanie-annie-genevard-plaide-lassouplissement-du-protocole-pour-calmer-la-colere-agricole-liberation","status":"publish","type":"post","link":"https:\/\/www.europesays.com\/fr\/602626\/","title":{"rendered":"en Occitanie, Annie Genevard plaide \u00abl\u2019assouplissement du protocole\u00bb pour calmer la col\u00e8re agricole \u2013 Lib\u00e9ration"},"content":{"rendered":"<p class=\"sc-cPiKLX AiZTS text-element\">Mauvaise surprise pour Annie Genevard. Dimanche, la ministre de l\u2019Agriculture assurait encore <a href=\"https:\/\/www.sudouest.fr\/economie\/agriculture\/interview-annie-genevard-a-sud-ouest-il-n-y-a-plus-aucun-foyer-actif-de-dermatose-27087489.php\" target=\"_blank\" rel=\"noopener\" title=\"https:\/\/www.sudouest.fr\/economie\/agriculture\/interview-annie-genevard-a-sud-ouest-il-n-y-a-plus-aucun-foyer-actif-de-dermatose-27087489.php\">dans un entretien au quotidien r\u00e9gional Sud Ouest<\/a> qu\u2019il n\u2019y avait plus aucun foyer de dermatose nodulaire contagieuse (DNC) dans le pays. Droit dans ses bottes, l\u2019ex-d\u00e9put\u00e9e (LR) du Doubs pensait arriver lundi 15 d\u00e9cembre en r\u00e9gion Occitanie \u2013 devenue l\u2019\u00e9picentre de la contestation face \u00e0 la gestion de cette nouvelle crise agricole \u2013 pour vanter la r\u00e9ussite du diptyque abattage-vaccination afin d\u2019\u00e9radiquer la maladie, sur le <a href=\"https:\/\/www.liberation.fr\/environnement\/agriculture\/ici-tout-le-monde-a-peur-en-savoie-la-ministre-de-lagriculture-soigne-sa-comaupres-des-eleveurs-impactes-par-la-dermatose-nodulaire-contagieuse-20250724_4XRD3DHVBFGSDC7TYF7UXCLTEE\/\" target=\"_blank\" rel=\"noopener\" title=\"https:\/\/www.liberation.fr\/environnement\/agriculture\/ici-tout-le-monde-a-peur-en-savoie-la-ministre-de-lagriculture-soigne-sa-comaupres-des-eleveurs-impactes-par-la-dermatose-nodulaire-contagieuse-20250724_4XRD3DHVBFGSDC7TYF7UXCLTEE\/\">mod\u00e8le d\u00e9ploy\u00e9 dans les Alpes depuis juin<\/a>.<\/p>\n<p class=\"sc-cPiKLX AiZTS text-element\">Mais les faits sont t\u00eatus. Juste avant l\u2019arriv\u00e9e de la ministre \u00e0 Toulouse, la pr\u00e9fecture d<\/p>\n","protected":false},"excerpt":{"rendered":"Mauvaise surprise pour Annie Genevard. Dimanche, la ministre de l\u2019Agriculture assurait encore dans un entretien au quotidien r\u00e9gional&hellip;\n","protected":false},"author":2,"featured_media":602627,"comment_status":"","ping_status":"","sticky":false,"template":"","format":"standard","meta":{"footnotes":""},"categories":[4],"tags":[11,40857,71054,1011,27,12,25],"class_list":{"0":"post-602626","1":"post","2":"type-post","3":"status-publish","4":"format-standard","5":"has-post-thumbnail","7":"category-france","8":"tag-actualites","9":"tag-annie-genevard","10":"tag-dermatose-nodulaire-contagieuse","11":"tag-fr","12":"tag-france","13":"tag-news","14":"tag-republique-francaise"},"share_on_mastodon":{"url":"https:\/\/pubeurope.com\/@fr\/115728321391955286","error":""},"_links":{"self":[{"href":"https:\/\/www.europesays.com\/fr\/wp-json\/wp\/v2\/posts\/602626","targetHints":{"allow":["GET"]}}],"collection":[{"href":"https:\/\/www.europesays.com\/fr\/wp-json\/wp\/v2\/posts"}],"about":[{"href":"https:\/\/www.europesays.com\/fr\/wp-json\/wp\/v2\/types\/post"}],"author":[{"embeddable":true,"href":"https:\/\/www.europesays.com\/fr\/wp-json\/wp\/v2\/users\/2"}],"replies":[{"embeddable":true,"href":"https:\/\/www.europesays.com\/fr\/wp-json\/wp\/v2\/comments?post=602626"}],"version-history":[{"count":0,"href":"https:\/\/www.europesays.com\/fr\/wp-json\/wp\/v2\/posts\/602626\/revisions"}],"wp:featuredmedia":[{"embeddable":true,"href":"https:\/\/www.europesays.com\/fr\/wp-json\/wp\/v2\/media\/602627"}],"wp:attachment":[{"href":"https:\/\/www.europesays.com\/fr\/wp-json\/wp\/v2\/media?parent=602626"}],"wp:term":[{"taxonomy":"category","embeddable":true,"href":"https:\/\/www.europesays.com\/fr\/wp-json\/wp\/v2\/categories?post=602626"},{"taxonomy":"post_tag","embeddable":true,"href":"https:\/\/www.europesays.com\/fr\/wp-json\/wp\/v2\/tags?post=602626"}],"curies":[{"name":"wp","href":"https:\/\/api.w.org\/{rel}","templated":true}]}}