{"id":602640,"date":"2025-12-16T08:40:18","date_gmt":"2025-12-16T08:40:18","guid":{"rendered":"https:\/\/www.europesays.com\/fr\/602640\/"},"modified":"2025-12-16T08:40:18","modified_gmt":"2025-12-16T08:40:18","slug":"un-enfant-de-trois-ans-decede-a-la-piscine-en-plein-cours-de-natation","status":"publish","type":"post","link":"https:\/\/www.europesays.com\/fr\/602640\/","title":{"rendered":"Un enfant de trois ans d\u00e9c\u00e8de \u00e0 la piscine, en plein cours de natation"},"content":{"rendered":"<p>Un enfant de trois ans est d\u00e9c\u00e9d\u00e9 samedi soir \u00e0 la piscine municipale de Font-Pr\u00e9, \u00e0 Toulon (Var). Le drame s\u2019est produit alors qu\u2019il participait \u00e0 un cours de natation.<\/p>\n<p>Une autopsie du corps pr\u00e9vue<\/p>\n<p>Selon la mairie de Toulon, contact\u00e9e par <a href=\"https:\/\/www.francebleu.fr\/infos\/faits-divers-justice\/toulon-un-enfant-de-3-ans-meurt-a-la-piscine-municipale-de-font-pre-7181279\" rel=\"nofollow noopener\" target=\"_blank\">ICI Provence<\/a>, l\u2019activit\u00e9 \u00e9tait <strong>\u00ab\u00a0organis\u00e9e par un club sportif sur un cr\u00e9neau g\u00e9r\u00e9 en autonomie, avec un encadrement dipl\u00f4m\u00e9 du club, conforme \u00e0 la r\u00e9glementation en vigueur\u00a0\u00bb<\/strong>. Avant de pr\u00e9ciser\u00a0: <strong>\u00ab\u00a0Les causes exactes du d\u00e9c\u00e8s ne sont pas \u00e9tablies \u00e0 ce stade.\u00a0\u00bb<\/strong><\/p>\n<p>La maire de Toulon, Jos\u00e9e Massi, s\u2019est rendue sur place pour apporter son soutien \u00e0 la famille de la victime ainsi qu\u2019aux \u00e9quipes de la piscine municipale. Une cellule de soutien psychologique a \u00e9t\u00e9 imm\u00e9diatement mise en place.<\/p>\n<p><strong>Lire aussi<\/strong>\u00a0: <a href=\"https:\/\/rennes.maville.com\/actu\/actudet_-telephone-au-volant-et-bebe-d-un-an-sur-les-genoux-la-conductrice-reste-hermetique-aux-reproches-_54028-7108159_actu.Htm\" rel=\"- noopener\" target=\"_blank\">T\u00e9l\u00e9phone au volant et b\u00e9b\u00e9 d\u2019un an sur les genoux\u00a0: la conductrice reste \u00ab\u00a0herm\u00e9tique aux reproches\u00a0\u00bb<\/a><\/p>\n<p>Une enqu\u00eate a \u00e9t\u00e9 ouverte et une autopsie doit \u00eatre r\u00e9alis\u00e9e.<\/p>\n<p>\u00a0<\/p>\n","protected":false},"excerpt":{"rendered":"Un enfant de trois ans est d\u00e9c\u00e9d\u00e9 samedi soir \u00e0 la piscine municipale de Font-Pr\u00e9, \u00e0 Toulon (Var).&hellip;\n","protected":false},"author":2,"featured_media":602641,"comment_status":"","ping_status":"","sticky":false,"template":"","format":"standard","meta":{"footnotes":""},"categories":[9619],"tags":[1111,11,1764,703,1762,847,1777,674,1011,27,5216,12,5922,882,25,2310],"class_list":{"0":"post-602640","1":"post","2":"type-post","3":"status-publish","4":"format-standard","5":"has-post-thumbnail","7":"category-toulon","8":"tag-actu","9":"tag-actualites","10":"tag-ans","11":"tag-cours","12":"tag-decede","13":"tag-enfant","14":"tag-eu","15":"tag-europe","16":"tag-fr","17":"tag-france","18":"tag-natation","19":"tag-news","20":"tag-piscine","21":"tag-provence-alpes-cote-dazur","22":"tag-republique-francaise","23":"tag-toulon"},"share_on_mastodon":{"url":"https:\/\/pubeurope.com\/@fr\/115728352808350399","error":""},"_links":{"self":[{"href":"https:\/\/www.europesays.com\/fr\/wp-json\/wp\/v2\/posts\/602640","targetHints":{"allow":["GET"]}}],"collection":[{"href":"https:\/\/www.europesays.com\/fr\/wp-json\/wp\/v2\/posts"}],"about":[{"href":"https:\/\/www.europesays.com\/fr\/wp-json\/wp\/v2\/types\/post"}],"author":[{"embeddable":true,"href":"https:\/\/www.europesays.com\/fr\/wp-json\/wp\/v2\/users\/2"}],"replies":[{"embeddable":true,"href":"https:\/\/www.europesays.com\/fr\/wp-json\/wp\/v2\/comments?post=602640"}],"version-history":[{"count":0,"href":"https:\/\/www.europesays.com\/fr\/wp-json\/wp\/v2\/posts\/602640\/revisions"}],"wp:featuredmedia":[{"embeddable":true,"href":"https:\/\/www.europesays.com\/fr\/wp-json\/wp\/v2\/media\/602641"}],"wp:attachment":[{"href":"https:\/\/www.europesays.com\/fr\/wp-json\/wp\/v2\/media?parent=602640"}],"wp:term":[{"taxonomy":"category","embeddable":true,"href":"https:\/\/www.europesays.com\/fr\/wp-json\/wp\/v2\/categories?post=602640"},{"taxonomy":"post_tag","embeddable":true,"href":"https:\/\/www.europesays.com\/fr\/wp-json\/wp\/v2\/tags?post=602640"}],"curies":[{"name":"wp","href":"https:\/\/api.w.org\/{rel}","templated":true}]}}