{"id":602653,"date":"2025-12-16T08:48:18","date_gmt":"2025-12-16T08:48:18","guid":{"rendered":"https:\/\/www.europesays.com\/fr\/602653\/"},"modified":"2025-12-16T08:48:18","modified_gmt":"2025-12-16T08:48:18","slug":"acigne-la-danse-bretonne-plait-a-toutes-les-generations-2","status":"publish","type":"post","link":"https:\/\/www.europesays.com\/fr\/602653\/","title":{"rendered":"Acign\u00e9. \u00ab La danse bretonne pla\u00eet \u00e0 toutes les g\u00e9n\u00e9rations \u00bb"},"content":{"rendered":"<p>L\u2019association de musiques et danses bretonnes le Moulinet d\u2019Acign\u00e9 a tenu son assembl\u00e9e g\u00e9n\u00e9rale \u00e0 la salle Glenmor, mardi 9\u00a0d\u00e9cembre. Elle propose des cours de danses bretonnes tous les mardis soirs.<\/p>\n<p><strong>En 2025, le nombre de membres reste \u00e9lev\u00e9, avec un effectif de 82\u00a0adh\u00e9rents. La danse bretonne continue d\u2019\u00eatre tr\u00e8s appr\u00e9ci\u00e9e et pla\u00eet \u00e0 toutes les g\u00e9n\u00e9rations\u00a0\u00bb,<\/strong>se f\u00e9licite Alain Gouailler, co-pr\u00e9sident de l\u2019association.<\/p>\n<p>En 2025, l\u2019\u00e9v\u00e9nement phare de l\u2019association a \u00e9t\u00e9 la f\u00eate du pomm\u00e9. Plus de mille visiteurs y ont assist\u00e9, en pr\u00e9sence d\u2019une multitude de musiciens du pays rennais. <strong>\u00ab\u00a0Nous pouvons f\u00e9liciter les nombreux musiciens pr\u00e9sents dans l\u2019association depuis bon nombre d\u2019ann\u00e9es. Nous avons la chance de les avoir avec nous chaque cours et aux diverses animations de l\u2019association.\u00a0\u00bb<\/strong><\/p>\n<p>Pour l\u2019ann\u00e9e 2026, l\u2019association proposera son traditionnel fest-noz, le 21\u00a0f\u00e9vrier, \u00e0 la salle du Triptik. Figure \u00e9galement une signature de la charte du Gallo, en collaboration avec l\u2019institut du Gallo, ou encore un fest-noz interassociations, en\u00a0novembre.<\/p>\n<p>Pour d\u00e9couvrir l\u2019association\u00a0: www.lemoulinet.bzh<\/p>\n<p>\u00a0<\/p>\n","protected":false},"excerpt":{"rendered":"L\u2019association de musiques et danses bretonnes le Moulinet d\u2019Acign\u00e9 a tenu son assembl\u00e9e g\u00e9n\u00e9rale \u00e0 la salle Glenmor,&hellip;\n","protected":false},"author":2,"featured_media":602533,"comment_status":"","ping_status":"","sticky":false,"template":"","format":"standard","meta":{"footnotes":""},"categories":[2821],"tags":[14966,1111,11,829,12103,5972,1777,674,1011,27,3605,12,53937,3086,584,25],"class_list":{"0":"post-602653","1":"post","2":"type-post","3":"status-publish","4":"format-standard","5":"has-post-thumbnail","7":"category-rennes","8":"tag-acigne","9":"tag-actu","10":"tag-actualites","11":"tag-bretagne","12":"tag-bretonne","13":"tag-danse","14":"tag-eu","15":"tag-europe","16":"tag-fr","17":"tag-france","18":"tag-generations","19":"tag-news","20":"tag-plait","21":"tag-redon","22":"tag-rennes","23":"tag-republique-francaise"},"share_on_mastodon":{"url":"https:\/\/pubeurope.com\/@fr\/115728384330862426","error":""},"_links":{"self":[{"href":"https:\/\/www.europesays.com\/fr\/wp-json\/wp\/v2\/posts\/602653","targetHints":{"allow":["GET"]}}],"collection":[{"href":"https:\/\/www.europesays.com\/fr\/wp-json\/wp\/v2\/posts"}],"about":[{"href":"https:\/\/www.europesays.com\/fr\/wp-json\/wp\/v2\/types\/post"}],"author":[{"embeddable":true,"href":"https:\/\/www.europesays.com\/fr\/wp-json\/wp\/v2\/users\/2"}],"replies":[{"embeddable":true,"href":"https:\/\/www.europesays.com\/fr\/wp-json\/wp\/v2\/comments?post=602653"}],"version-history":[{"count":0,"href":"https:\/\/www.europesays.com\/fr\/wp-json\/wp\/v2\/posts\/602653\/revisions"}],"wp:featuredmedia":[{"embeddable":true,"href":"https:\/\/www.europesays.com\/fr\/wp-json\/wp\/v2\/media\/602533"}],"wp:attachment":[{"href":"https:\/\/www.europesays.com\/fr\/wp-json\/wp\/v2\/media?parent=602653"}],"wp:term":[{"taxonomy":"category","embeddable":true,"href":"https:\/\/www.europesays.com\/fr\/wp-json\/wp\/v2\/categories?post=602653"},{"taxonomy":"post_tag","embeddable":true,"href":"https:\/\/www.europesays.com\/fr\/wp-json\/wp\/v2\/tags?post=602653"}],"curies":[{"name":"wp","href":"https:\/\/api.w.org\/{rel}","templated":true}]}}