{"id":602660,"date":"2025-12-16T08:52:13","date_gmt":"2025-12-16T08:52:13","guid":{"rendered":"https:\/\/www.europesays.com\/fr\/602660\/"},"modified":"2025-12-16T08:52:13","modified_gmt":"2025-12-16T08:52:13","slug":"julien-crasso-elu-president-de-la-jeune-chambre-economique-de-nice-cote","status":"publish","type":"post","link":"https:\/\/www.europesays.com\/fr\/602660\/","title":{"rendered":"Julien Crasso \u00e9lu pr\u00e9sident de la Jeune Chambre \u00c9conomique de Nice C\u00f4te (\u2026)"},"content":{"rendered":"<p>                    <img loading=\"lazy\" decoding=\"async\" src=\"https:\/\/www.europesays.com\/fr\/wp-content\/uploads\/2025\/12\/d4c5f56c92bdfffcf4e0eb6cb654cf.jpg\" class=\"img-responsive post-image\" width=\"680\" height=\"510\" alt=\"Julien Crasso \u00e9lu pr\u00e9side\" title=\"Julien Crasso \u00e9lu pr\u00e9sident de la Jeune Chambre \u00c9conomique de Nice C\u00f4te d'Azur pour 2026\"\/><\/p>\n<p class=\"chapo\">Comme chaque fin d\u2019ann\u00e9e, la Jeune Chambre \u00c9conomique de Nice C\u00f4te d\u2019Azur (JCE NCA) ouvre un nouveau chapitre de son engagement au service du territoire avec l\u2019\u00e9lection de son nouveau pr\u00e9sident. Julien Crasso a \u00e9t\u00e9 \u00e9lu mi-d\u00e9cembre pr\u00e9sident de la Jeune Chambre \u00c9conomique de Nice C\u00f4te d\u2019Azur et prendra officiellement ses fonctions le 1er janvier 2026. Il succ\u00e8dera \u00e0 Vanessa Kalboussi, pr\u00e9sidente 2025.<\/p>\n<p>Acteur engag\u00e9 du tissu \u00e9conomique local, <strong>Julien Crasso <\/strong> prend les rennes de l\u2019association avec la volont\u00e9 de poursuivre et d\u2019amplifier les actions citoyennes port\u00e9es par la JCE, en faveur du d\u00e9veloppement \u00e9conomique, de l\u2019innovation et de l\u2019impact soci\u00e9tal sur le territoire azur\u00e9en.<br class=\"texte\"\/><br \/>\nPour mener \u00e0 bien ce mandat, il sera entour\u00e9 d\u2019un bureau exp\u00e9riment\u00e9 et engag\u00e9, compos\u00e9 de <strong>L\u00e9a Leroy, Amy Enrici, Vanessa Kalboussi, Jalal Abouelhadi, Mathieu Mounier, Fran\u00e7ois Leroux<\/strong> et <strong>Matthias Wegener<\/strong>.<br class=\"autobr\"\/><br \/>\nEnsemble, ils formeront l\u2019\u00e9quipe dirigeante 2026, d\u00e9termin\u00e9e \u00e0 d\u00e9velopper les actions positives au service du plus grand nombre et \u00e0 renforcer la visibilit\u00e9 de la Jeune Chambre \u00c9conomique Nice C\u00f4te d\u2019Azur aupr\u00e8s des acteurs publics, priv\u00e9s et associatifs.<\/p>\n<p>La <a href=\"https:\/\/jcenice.com\/ceremonie-de-passation-nice-cote-dazur-2026\/#helloasso\" class=\"spip_out\" rel=\"external noopener\" target=\"_blank\">c\u00e9r\u00e9monie officielle de passation<\/a> de la Jeune Chambre \u00c9conomique de Nice C\u00f4te d\u2019Azur se tiendra le <strong> lundi 19 janvier 2026 \u00e0 partir de 18h30, \u00e0 l\u2019H\u00f4tel Saint-Paul \u00e0 Nice.<\/strong> Ce temps fort marquera la transition entre les mandats et r\u00e9unira membres, partenaires et institutions autour des valeurs port\u00e9es par le mouvement JCI\u00a0: leadership, citoyennet\u00e9 active et impact durable.Handispensables\u00a0: la JCE Nice mobilis\u00e9e pour l\u2019emploi inclusif<\/p>\n<p>Parmi ses actions en 2025, \u00e0 l\u2019occasion de la Journ\u00e9e internationale des personnes handicap\u00e9es le 3 d\u00e9cembre, la Jeune Chambre \u00c9conomique de Nice C\u00f4te d\u2019Azur a organis\u00e9 \u201cHandispensables\u201d, un \u00e9v\u00e9nement d\u00e9di\u00e9 \u00e0 l\u2019emploi inclusif, qui a rencontr\u00e9 un franc succ\u00e8s avec 110 participants inscrits. Accueillie \u00e0 l\u2019IPAG Business School, partenaire officiel de l\u2019initiative, la soir\u00e9e a r\u00e9uni entreprises, associations, experts et talents en situation de handicap autour d\u2019un objectif commun\u00a0:<strong> favoriser l\u2019acc\u00e8s \u00e0 l\u2019emploi et d\u00e9construire les id\u00e9es re\u00e7ues li\u00e9es au handicap en entreprise.<\/strong> L\u2019\u00e9v\u00e9nement s\u2019est articul\u00e9 autour de deux temps forts compl\u00e9mentaires\u00a0: Des t\u00e9moignages inspirants, diffus\u00e9s sous forme de vid\u00e9os sur les r\u00e9seaux sociaux, mettant en lumi\u00e8re des parcours professionnels de personnes en situation de handicap. Une conf\u00e9rence participative et une table ronde d\u2019experts, intitul\u00e9e \u00ab\u00a0Handispensables\u00a0: tous indispensables\u00a0\u00bb, consacr\u00e9e aux leviers et freins du recrutement inclusif et \u00e0 la valorisation de la diversit\u00e9 des profils. La table ronde a r\u00e9uni\u00a0: <strong>Olivier Le Saint,<\/strong> directeur de Cap Emploi 06, <strong>Manel Guechtouli,<\/strong> enseignante-chercheure en syst\u00e8mes d\u2019information, \u00e9thique et RSE,<strong> Anne-Laure Thual<\/strong>, \u00e9ducatrice sp\u00e9cialis\u00e9e, <strong>Nicolas Gory<\/strong>, ing\u00e9nieur en situation de handicap. L\u2019\u00e9v\u00e9nement s\u2019est conclu par un cocktail pr\u00e9par\u00e9 et servi par l\u2019ESATITUDE de Nice, illustrant concr\u00e8tement l\u2019int\u00e9gration r\u00e9ussie de travailleurs en situation de handicap dans des prestations professionnelles de qualit\u00e9.<\/p>\n<p> <a href=\"https:\/\/www.europesays.com\/fr\/wp-content\/uploads\/2025\/12\/handispensables.jpg\" class=\"spip_doc_lien mediabox\" type=\"image\/jpeg\"><br \/>\n\t\t<img loading=\"lazy\" decoding=\"async\" src=\"https:\/\/www.europesays.com\/fr\/wp-content\/uploads\/2025\/12\/handispensables.jpg\" width=\"1024\" height=\"682\" alt=\"\"\/><\/a><\/p>\n<p>Une des actions remarquables de la JCE Nice\u00a0: Handispensables\u201d, un \u00e9v\u00e9nement d\u00e9di\u00e9 \u00e0 l\u2019emploi inclusif d\u00e9but d\u00e9cembre \u00a9JCE NCA\n<\/p>\n<p>Photo de Une\u00a0: le bureau 2026 \u00a9JCE Nice C\u00f4te d\u2019Azur<\/p>\n","protected":false},"excerpt":{"rendered":"Comme chaque fin d\u2019ann\u00e9e, la Jeune Chambre \u00c9conomique de Nice C\u00f4te d\u2019Azur (JCE NCA) ouvre un nouveau chapitre&hellip;\n","protected":false},"author":2,"featured_media":602661,"comment_status":"","ping_status":"","sticky":false,"template":"","format":"standard","meta":{"footnotes":""},"categories":[2819],"tags":[1111,11,2408,1777,674,1011,27,12,2401,882,25],"class_list":{"0":"post-602660","1":"post","2":"type-post","3":"status-publish","4":"format-standard","5":"has-post-thumbnail","7":"category-nice","8":"tag-actu","9":"tag-actualites","10":"tag-appels-d","11":"tag-eu","12":"tag-europe","13":"tag-fr","14":"tag-france","15":"tag-news","16":"tag-nice","17":"tag-provence-alpes-cote-dazur","18":"tag-republique-francaise"},"share_on_mastodon":{"url":"https:\/\/pubeurope.com\/@fr\/115728401053938412","error":""},"_links":{"self":[{"href":"https:\/\/www.europesays.com\/fr\/wp-json\/wp\/v2\/posts\/602660","targetHints":{"allow":["GET"]}}],"collection":[{"href":"https:\/\/www.europesays.com\/fr\/wp-json\/wp\/v2\/posts"}],"about":[{"href":"https:\/\/www.europesays.com\/fr\/wp-json\/wp\/v2\/types\/post"}],"author":[{"embeddable":true,"href":"https:\/\/www.europesays.com\/fr\/wp-json\/wp\/v2\/users\/2"}],"replies":[{"embeddable":true,"href":"https:\/\/www.europesays.com\/fr\/wp-json\/wp\/v2\/comments?post=602660"}],"version-history":[{"count":0,"href":"https:\/\/www.europesays.com\/fr\/wp-json\/wp\/v2\/posts\/602660\/revisions"}],"wp:featuredmedia":[{"embeddable":true,"href":"https:\/\/www.europesays.com\/fr\/wp-json\/wp\/v2\/media\/602661"}],"wp:attachment":[{"href":"https:\/\/www.europesays.com\/fr\/wp-json\/wp\/v2\/media?parent=602660"}],"wp:term":[{"taxonomy":"category","embeddable":true,"href":"https:\/\/www.europesays.com\/fr\/wp-json\/wp\/v2\/categories?post=602660"},{"taxonomy":"post_tag","embeddable":true,"href":"https:\/\/www.europesays.com\/fr\/wp-json\/wp\/v2\/tags?post=602660"}],"curies":[{"name":"wp","href":"https:\/\/api.w.org\/{rel}","templated":true}]}}