{"id":602664,"date":"2025-12-16T08:55:11","date_gmt":"2025-12-16T08:55:11","guid":{"rendered":"https:\/\/www.europesays.com\/fr\/602664\/"},"modified":"2025-12-16T08:55:11","modified_gmt":"2025-12-16T08:55:11","slug":"accord-trouve-pour-le-pret-de-remy-cabella","status":"publish","type":"post","link":"https:\/\/www.europesays.com\/fr\/602664\/","title":{"rendered":"accord trouv\u00e9 pour le pr\u00eat de R\u00e9my Cabella"},"content":{"rendered":"<p>Dix-septi\u00e8me du <a href=\"https:\/\/www.footmercato.net\/france\/ligue-1\/classement\" target=\"_blank\" rel=\"noopener\">classement de Ligue 1<\/a> et \u00e0 nouveau plong\u00e9 dans la lutte pour le maintien, le FC <a href=\"https:\/\/www.footmercato.net\/club\/fc-nantes\/\" target=\"_blank\" rel=\"noopener\">Nantes<\/a> va se renforcer pour essayer de se sauver. Apr\u00e8s avoir recrut\u00e9 le Lensois Deiver Machado, le club des bords de l\u2019Erdre va bient\u00f4t accueillir <a href=\"https:\/\/www.footmercato.net\/joueur\/remy-cabella\/\" target=\"_blank\" rel=\"noopener\">R\u00e9my Cabella<\/a>.<\/p>\n<p>            La suite apr\u00e8s cette publicit\u00e9<\/p>\n<p>Apr\u00e8s <a href=\"https:\/\/www.footmercato.net\/a4747002320536115523-mercato-remy-cabella-en-passe-de-revenir-en-ligue-1\" target=\"_blank\" rel=\"noopener\">l\u2019annonce hier de l\u2019int\u00e9r\u00eat des Canaris pour le milieu fran\u00e7ais de l\u2019Olympiakos<\/a>, <a href=\"https:\/\/www.ouest-france.fr\/sport\/football\/fc-nantes\/fc-nantes-accord-trouve-avec-un-joueur-experimente-de-la-ligue-1-il-est-en-bonne-forme-2f526322-d9c3-11f0-9f4a-0c1392737a7e\" target=\"_blank\" rel=\"noopener\">Presse Oc\u00e9an<\/a> assure qu\u2019un accord a \u00e9t\u00e9 trouv\u00e9 entre les deux clubs pour le pr\u00eat de six mois du joueur de 35 ans. \u00ab\u00a0R\u00e9my est en bonne forme. Il devrait d\u00e9livrer de bons ballons pour Mohamed, Abline ou Youssef. Je ne me fais aucun souci pour lui.\u00a0\u00bb, a m\u00eame d\u00e9clar\u00e9 Christian Karembeu, le conseiller de l\u2019Olympiakos.<\/p>\n<p>\n    Pub. le 16\/12\/2025 09:46\n    <\/p>\n","protected":false},"excerpt":{"rendered":"Dix-septi\u00e8me du classement de Ligue 1 et \u00e0 nouveau plong\u00e9 dans la lutte pour le maintien, le FC&hellip;\n","protected":false},"author":2,"featured_media":602665,"comment_status":"","ping_status":"","sticky":false,"template":"","format":"standard","meta":{"footnotes":""},"categories":[2818],"tags":[1111,11,1777,674,1011,27,766,12,2636,25],"class_list":{"0":"post-602664","1":"post","2":"type-post","3":"status-publish","4":"format-standard","5":"has-post-thumbnail","7":"category-nantes","8":"tag-actu","9":"tag-actualites","10":"tag-eu","11":"tag-europe","12":"tag-fr","13":"tag-france","14":"tag-nantes","15":"tag-news","16":"tag-pays-de-la-loire","17":"tag-republique-francaise"},"share_on_mastodon":{"url":"https:\/\/pubeurope.com\/@fr\/115728411904240756","error":""},"_links":{"self":[{"href":"https:\/\/www.europesays.com\/fr\/wp-json\/wp\/v2\/posts\/602664","targetHints":{"allow":["GET"]}}],"collection":[{"href":"https:\/\/www.europesays.com\/fr\/wp-json\/wp\/v2\/posts"}],"about":[{"href":"https:\/\/www.europesays.com\/fr\/wp-json\/wp\/v2\/types\/post"}],"author":[{"embeddable":true,"href":"https:\/\/www.europesays.com\/fr\/wp-json\/wp\/v2\/users\/2"}],"replies":[{"embeddable":true,"href":"https:\/\/www.europesays.com\/fr\/wp-json\/wp\/v2\/comments?post=602664"}],"version-history":[{"count":0,"href":"https:\/\/www.europesays.com\/fr\/wp-json\/wp\/v2\/posts\/602664\/revisions"}],"wp:featuredmedia":[{"embeddable":true,"href":"https:\/\/www.europesays.com\/fr\/wp-json\/wp\/v2\/media\/602665"}],"wp:attachment":[{"href":"https:\/\/www.europesays.com\/fr\/wp-json\/wp\/v2\/media?parent=602664"}],"wp:term":[{"taxonomy":"category","embeddable":true,"href":"https:\/\/www.europesays.com\/fr\/wp-json\/wp\/v2\/categories?post=602664"},{"taxonomy":"post_tag","embeddable":true,"href":"https:\/\/www.europesays.com\/fr\/wp-json\/wp\/v2\/tags?post=602664"}],"curies":[{"name":"wp","href":"https:\/\/api.w.org\/{rel}","templated":true}]}}