{"id":602672,"date":"2025-12-16T08:59:18","date_gmt":"2025-12-16T08:59:18","guid":{"rendered":"https:\/\/www.europesays.com\/fr\/602672\/"},"modified":"2025-12-16T08:59:18","modified_gmt":"2025-12-16T08:59:18","slug":"stade-toulousain-au-club-personne-ne-revait-dune-sanction-aussi-clemente-la-sanction-dans-laffaire-jaminet-est-elle-trop-faible","status":"publish","type":"post","link":"https:\/\/www.europesays.com\/fr\/602672\/","title":{"rendered":"Stade Toulousain\u00a0: \u00ab\u00a0Au club, personne ne r\u00eavait d\u2019une sanction aussi cl\u00e9mente\u2026\u00a0\u00bb La sanction dans l\u2019affaire Jaminet est-elle trop faible\u00a0?"},"content":{"rendered":"<p>\n                                                                    l&rsquo;essentiel<br \/>\n                                                                La d\u00e9cision du Conseil de discipline du rugby fran\u00e7ais a \u00e9t\u00e9 annonc\u00e9e lundi 15\u00a0d\u00e9cembre\u00a0: le club \u00ab\u00a0rouge et noir\u00a0\u00bb a \u00e9t\u00e9 sanctionn\u00e9 de 4 points de retrait au classement du Top 14, dont 2 avec sursis, ainsi que d\u2019une amende de 45\u00a0000\u00a0euros dont 15\u00a0000 avec sursis. Du c\u00f4t\u00e9 des observateurs comme en interne, la sanction fait r\u00e9agir.\n                            <\/p>\n<p>\u00c0 premi\u00e8re vue, une sanction presque indolore. Lundi 15\u00a0d\u00e9cembre, l\u2019attente des dirigeants du Stade Toulousain ainsi que celle des supporters, pour certains tr\u00e8s f\u00e9briles, a pris fin\u00a0: la sanction de Toulouse dans l\u2019affaire dite \u00ab\u00a0Jaminet\u00a0\u00bb a \u00e9t\u00e9 d\u00e9voil\u00e9e.<\/p>\n<p>Le Conseil de discipline du rugby fran\u00e7ais a sanctionn\u00e9 le club \u00ab\u00a0rouge et noir\u00a0\u00bb de 4 points de retrait au classement du Top 14 dont 2 avec sursis, ainsi que d\u2019une amende de 45\u00a0000\u00a0euros, dont 15\u00a0000 avec sursis.<\/p>\n<p>Cons\u00e9quence\u00a0: Toulouse passe de 39 \u00e0 37 points au classement du championnat de France et perd la t\u00eate passant 2e (m\u00eame nombre de points que Pau, nouveau leader, mais 2e au jeu de la seule confrontation directe cette saison remport\u00e9e par la Section).<\/p>\n<p>Dans ce dossier, Toulouse est soup\u00e7onn\u00e9 d\u2019avoir tent\u00e9 de ne pas inscrire dans ses comptes le montant du transfert de Melvyn Jaminet de Perpignan \u00e0 Toulouse en 2022 (450\u00a0000\u00a0euros), afin de ne pas \u00eatre en infraction avec la r\u00e8gle du salary cap, le plafond salarial en vigueur en Top 14.<\/p>\n<p class=\"std-elt__inline\">\n        <strong>\u00c0 lire aussi :<\/strong><br \/>\n        <a href=\"https:\/\/www.ladepeche.fr\/2025\/12\/15\/stade-toulousain-une-image-profondement-affectee-toulouse-reagit-apres-la-sanction-infligee-dans-laffaire-jaminet-13112480.php\" target=\"_blank\" rel=\"noopener\">Stade Toulousain\u00a0: \u00ab\u00a0Une image profond\u00e9ment affect\u00e9e\u2026\u00a0\u00bb Toulouse r\u00e9agit apr\u00e8s la sanction inflig\u00e9e dans l\u2019affaire Jaminet<\/a>\n    <\/p>\n<p>Pourquoi le Conseil de discipline s\u2019est arr\u00eat\u00e9 sur cette sanction, alors que l\u2019\u00e9ventail de repr\u00e9sailles possibles pouvait aller jusqu\u2019\u00e0 10 points mais comprenait aussi une interdiction de jouer les phases finales ou encore un retrait de titres au palmar\u00e8s\u00a0?<\/p>\n<p>L\u2019instance a mis en avant le r\u00e8glement d\u2019une premi\u00e8re amende par Toulouse, en mars dernier (1,3\u00a0million d\u2019euros), mais aussi \u00ab\u00a0la reconnaissance partielle des faits\u00a0\u00bb ainsi que la bonne sant\u00e9 financi\u00e8re du club.<\/p>\n<p>La sanction a rapidement fait r\u00e9agir, un certain nombre de t\u00e9moignages estimant la sanction faible. <a href=\"https:\/\/www.ladepeche.fr\/2025\/12\/15\/stade-toulousain-mascarade-honteux-quelle-blague-la-sanction-infligee-a-toulouse-dans-laffaire-jaminet-fait-beaucoup-reagir-13112402.php\" target=\"_blank\" rel=\"noopener\">De nombreux observateurs et supporters sur les r\u00e9seaux sociaux<\/a> mais aussi, en interne \u00e0 Toulouse.<\/p>\n<p>\u00ab\u00a0Le club n\u2019avait plus de marge avec le salary-cap\u00a0\u00bb<\/p>\n<p>Selon nos confr\u00e8res de\u00a0<a href=\"https:\/\/www.lequipe.fr\/Rugby\/Article\/Deux-points-en-moins-une-faible-sanction-mais-un-vrai-prejudice-pour-toulouse-dans-le-cadre-du-transfert-de-jaminet\/1617304\" target=\"_blank\" rel=\"noopener\">L\u2019\u00c9quipe<\/a>, en interne, une source indique\u00a0: \u00ab\u00a0Au club, personne n\u2019osait r\u00eaver d\u2019une sanction aussi cl\u00e9mente.\u00a0\u00bb Toujours selon nos confr\u00e8res, un autre membre du club remonte \u00e0 la gen\u00e8se de l\u2019affaire, remettant en question la n\u00e9cessit\u00e9 de recruter, en 2022, Melvyn Jaminet alors que le club comptait d\u00e9j\u00e0 dans ses rangs des joueurs\u00a0de haut vol au m\u00eame poste (arri\u00e8re), parmi lesquels Thomas Ramos.<\/p>\n<p>\u00ab\u00a0C\u2019est tr\u00e8s cher et m\u00eame fou pour un joueur dont le club n\u2019avait pas fonci\u00e8rement besoin. Il aurait fallu que Didier Lacroix (le pr\u00e9sident du Stade Toulousain, NDLR) r\u00e9siste au souhait exprim\u00e9 par Ugo Mola (le manager), qui voulait absolument ce joueur alors que le club n\u2019avait plus de marge avec le salary-cap.\u00a0\u00bb<\/p>\n<p class=\"std-elt__inline\">\n        <strong>\u00c0 lire aussi :<\/strong><br \/>\n        <a href=\"https:\/\/www.ladepeche.fr\/2025\/12\/15\/stade-toulousain-quelles-consequences-au-classement-du-top-14-apres-la-sanction-infligee-aux-rouge-et-noir-dans-laffaire-jaminet-13112470.php\" target=\"_blank\" rel=\"noopener\">Stade Toulousain\u00a0: quelles cons\u00e9quences au classement du Top 14 apr\u00e8s la sanction inflig\u00e9e aux \u00ab\u00a0rouge et noir\u00a0\u00bb dans l\u2019affaire Jaminet<\/a>\n    <\/p>\n<p>D\u00e8s lundi, le Stade Toulousain a r\u00e9agi, insistant sur l\u2019image potentiellement \u00e9corn\u00e9e\u00a0: \u00ab\u00a0Les d\u00e9cisions prononc\u00e9es interviennent au terme d\u2019une proc\u00e9dure dont les modalit\u00e9s ont profond\u00e9ment affect\u00e9 son image et nous le d\u00e9plorons. Attach\u00e9 \u00e0 ses valeurs de transparence et de responsabilit\u00e9, le Stade Toulousain analysera dans les prochains jours, avec ses conseils, l\u2019opportunit\u00e9 de faire appel pour faire respecter ses droits.\u00a0\u00bb<\/p>\n<p class=\"std-elt__inline\">\n        <strong>\u00c0 lire aussi :<\/strong><br \/>\n        <a href=\"https:\/\/www.ladepeche.fr\/2025\/12\/15\/stade-toulousain-on-connait-la-sanction-infligee-dans-laffaire-jaminet-par-le-conseil-de-discipline-13105467.php\" target=\"_blank\" rel=\"noopener\">Stade Toulousain\u00a0: on conna\u00eet la sanction inflig\u00e9e dans l\u2019affaire Jaminet par le Conseil de discipline<\/a>\n    <\/p>\n<p>Maintenant la justice sportive pass\u00e9e, les dirigeants toulousains se pr\u00e9parent au volet \u00ab\u00a0justice civile\u00a0\u00bb\u00a0: le parquet de Toulouse a ouvert en avril dernier une enqu\u00eate pr\u00e9liminaire pour \u00ab\u00a0abus de confiance\u00a0\u00bb.<\/p>\n","protected":false},"excerpt":{"rendered":"l&rsquo;essentiel La d\u00e9cision du Conseil de discipline du rugby fran\u00e7ais a \u00e9t\u00e9 annonc\u00e9e lundi 15\u00a0d\u00e9cembre\u00a0: le club \u00ab\u00a0rouge&hellip;\n","protected":false},"author":2,"featured_media":602673,"comment_status":"","ping_status":"","sticky":false,"template":"","format":"standard","meta":{"footnotes":""},"categories":[2816],"tags":[1111,11,1777,674,1011,27,2722,12,2680,25,68796,517,476,2312],"class_list":{"0":"post-602672","1":"post","2":"type-post","3":"status-publish","4":"format-standard","5":"has-post-thumbnail","7":"category-toulouse","8":"tag-actu","9":"tag-actualites","10":"tag-eu","11":"tag-europe","12":"tag-fr","13":"tag-france","14":"tag-haute-garonne","15":"tag-news","16":"tag-occitanie","17":"tag-republique-francaise","18":"tag-rugby-u00e0-xv","19":"tag-sport","20":"tag-stade-toulousain","21":"tag-toulouse"},"share_on_mastodon":{"url":"https:\/\/pubeurope.com\/@fr\/115728427597196467","error":""},"_links":{"self":[{"href":"https:\/\/www.europesays.com\/fr\/wp-json\/wp\/v2\/posts\/602672","targetHints":{"allow":["GET"]}}],"collection":[{"href":"https:\/\/www.europesays.com\/fr\/wp-json\/wp\/v2\/posts"}],"about":[{"href":"https:\/\/www.europesays.com\/fr\/wp-json\/wp\/v2\/types\/post"}],"author":[{"embeddable":true,"href":"https:\/\/www.europesays.com\/fr\/wp-json\/wp\/v2\/users\/2"}],"replies":[{"embeddable":true,"href":"https:\/\/www.europesays.com\/fr\/wp-json\/wp\/v2\/comments?post=602672"}],"version-history":[{"count":0,"href":"https:\/\/www.europesays.com\/fr\/wp-json\/wp\/v2\/posts\/602672\/revisions"}],"wp:featuredmedia":[{"embeddable":true,"href":"https:\/\/www.europesays.com\/fr\/wp-json\/wp\/v2\/media\/602673"}],"wp:attachment":[{"href":"https:\/\/www.europesays.com\/fr\/wp-json\/wp\/v2\/media?parent=602672"}],"wp:term":[{"taxonomy":"category","embeddable":true,"href":"https:\/\/www.europesays.com\/fr\/wp-json\/wp\/v2\/categories?post=602672"},{"taxonomy":"post_tag","embeddable":true,"href":"https:\/\/www.europesays.com\/fr\/wp-json\/wp\/v2\/tags?post=602672"}],"curies":[{"name":"wp","href":"https:\/\/api.w.org\/{rel}","templated":true}]}}