{"id":602674,"date":"2025-12-16T09:00:24","date_gmt":"2025-12-16T09:00:24","guid":{"rendered":"https:\/\/www.europesays.com\/fr\/602674\/"},"modified":"2025-12-16T09:00:24","modified_gmt":"2025-12-16T09:00:24","slug":"operation-tranquillite-vacances-profitez-des-vacances-en-toute-serenite-2","status":"publish","type":"post","link":"https:\/\/www.europesays.com\/fr\/602674\/","title":{"rendered":"Op\u00e9ration Tranquillit\u00e9 Vacances : profitez des vacances en toute s\u00e9r\u00e9nit\u00e9"},"content":{"rendered":"<p class=\"introduction\">Pour vous permettre de partir en vacances cet hiver en toute s\u00e9r\u00e9nit\u00e9, la ville de Roubaix met en place l&rsquo;Op\u00e9ration Tranquillit\u00e9 Vacances. Ce dispositif de surveillance de votre domicile par les polices municipale et nationale est l\u00e0 pour vous offrir une tranquillit\u00e9 d\u2019esprit pendant votre absence.<\/p>\n<p><b>Comment b\u00e9n\u00e9ficier de ce service ?<\/b><\/p>\n<p>Avant de vous \u00e9loigner de votre domicile pour les vacances, il est essentiel de signaler votre absence aux services de police. Ils organiseront des rondes r\u00e9guli\u00e8res autour de votre habitation pour veiller sur votre domicile. Voici les d\u00e9marches \u00e0 suivre pour profiter de cette op\u00e9ration :<\/p>\n<ol>\n<li style=\"font-weight: 400;\" aria-level=\"1\"><b>Prenez rendez-vous<\/b> :\n<ul>\n<li style=\"font-weight: 400;\" aria-level=\"2\">Au poste de la police municipale, situ\u00e9 25-27 Rue du Mar\u00e9chal Foch du lundi au vendredi de 8h \u00e0 12h et de 13h \u00e0 16h.<\/li>\n<li style=\"font-weight: 400;\" aria-level=\"2\">Au commissariat, situ\u00e9 72 boulevard de Belfort, du lundi au vendredi de 8h30 \u00e0 12h et de 14h \u00e0 17h30.<\/li>\n<\/ul>\n<\/li>\n<li style=\"font-weight: 400;\" aria-level=\"1\"><b>Documents n\u00e9cessaires<\/b> :<\/li>\n<\/ol>\n<p><b>Pour plus d\u2019informations<\/b>, n\u2019h\u00e9sitez pas \u00e0 contacter le 03.28.09.95.31.<\/p>\n","protected":false},"excerpt":{"rendered":"Pour vous permettre de partir en vacances cet hiver en toute s\u00e9r\u00e9nit\u00e9, la ville de Roubaix met en&hellip;\n","protected":false},"author":2,"featured_media":602675,"comment_status":"","ping_status":"","sticky":false,"template":"","format":"standard","meta":{"footnotes":""},"categories":[2815],"tags":[1111,11,1777,674,1011,27,811,1307,12,37209,2872,25,656],"class_list":{"0":"post-602674","1":"post","2":"type-post","3":"status-publish","4":"format-standard","5":"has-post-thumbnail","7":"category-lille","8":"tag-actu","9":"tag-actualites","10":"tag-eu","11":"tag-europe","12":"tag-fr","13":"tag-france","14":"tag-hauts-de-france","15":"tag-lille","16":"tag-news","17":"tag-otv","18":"tag-police-municipale","19":"tag-republique-francaise","20":"tag-securite"},"share_on_mastodon":{"url":"https:\/\/pubeurope.com\/@fr\/115728431408468837","error":""},"_links":{"self":[{"href":"https:\/\/www.europesays.com\/fr\/wp-json\/wp\/v2\/posts\/602674","targetHints":{"allow":["GET"]}}],"collection":[{"href":"https:\/\/www.europesays.com\/fr\/wp-json\/wp\/v2\/posts"}],"about":[{"href":"https:\/\/www.europesays.com\/fr\/wp-json\/wp\/v2\/types\/post"}],"author":[{"embeddable":true,"href":"https:\/\/www.europesays.com\/fr\/wp-json\/wp\/v2\/users\/2"}],"replies":[{"embeddable":true,"href":"https:\/\/www.europesays.com\/fr\/wp-json\/wp\/v2\/comments?post=602674"}],"version-history":[{"count":0,"href":"https:\/\/www.europesays.com\/fr\/wp-json\/wp\/v2\/posts\/602674\/revisions"}],"wp:featuredmedia":[{"embeddable":true,"href":"https:\/\/www.europesays.com\/fr\/wp-json\/wp\/v2\/media\/602675"}],"wp:attachment":[{"href":"https:\/\/www.europesays.com\/fr\/wp-json\/wp\/v2\/media?parent=602674"}],"wp:term":[{"taxonomy":"category","embeddable":true,"href":"https:\/\/www.europesays.com\/fr\/wp-json\/wp\/v2\/categories?post=602674"},{"taxonomy":"post_tag","embeddable":true,"href":"https:\/\/www.europesays.com\/fr\/wp-json\/wp\/v2\/tags?post=602674"}],"curies":[{"name":"wp","href":"https:\/\/api.w.org\/{rel}","templated":true}]}}