{"id":602676,"date":"2025-12-16T09:02:18","date_gmt":"2025-12-16T09:02:18","guid":{"rendered":"https:\/\/www.europesays.com\/fr\/602676\/"},"modified":"2025-12-16T09:02:18","modified_gmt":"2025-12-16T09:02:18","slug":"lac-milan-attaque-lens-et-lille-pour-la-meme-chose","status":"publish","type":"post","link":"https:\/\/www.europesays.com\/fr\/602676\/","title":{"rendered":"L&rsquo;AC Milan attaque Lens et Lille pour la m\u00eame chose"},"content":{"rendered":"<p><b>L\u2019AC Milan pourrait perdre Mike Maignan \u00e0 l\u2019issue de la saison. Le portier international fran\u00e7ais ne parvient pas \u00e0 trouver un accord pour prolonger son contrat. Les dirigeants lombards ont d\u2019ores et d\u00e9j\u00e0 identifi\u00e9 plusieurs pistes pour le remplacer.<\/b><\/p>\n<p>Mike Maignan nourrit de grandes ambitions avec l\u2019<a href=\"https:\/\/www.foot01.com\/italie\/serie-a-linter-milan-reprend-la-tete\" target=\"_self\" rel=\"noopener\">AC Milan<\/a> cette saison. Le gardien sait toutefois qu\u2019il pourrait vivre ses derniers mois en Lombardie, en l\u2019absence d\u2019un accord contractuel. Courtis\u00e9, Maignan pourrait rebondir en Premier League, o\u00f9 sa cote reste tr\u00e8s \u00e9lev\u00e9e. L\u2019AC Milan doit donc anticiper un \u00e9ventuel d\u00e9part. Les pensionnaires de San Siro r\u00e9fl\u00e9chissent d\u00e9j\u00e0 \u00e0 plusieurs options pour se renforcer et pourraient notamment se tourner vers la Ligue 1 pour trouver leur futur gardien.L&rsquo;AC Milan adore la Ligue 1\u00a0<\/p>\n<p>Selon les informations de La Gazzetta dello Sport, l\u2019AC Milan cible en effet deux gardiens \u00e9voluant en France. Le premier est Robin Risser, qui fait le bonheur du RC <a href=\"https:\/\/www.foot01.com\/lens\" title=\"Lens\" target=\"_blank\" rel=\"noopener\">Lens<\/a> cette saison. Encore sous contrat avec les Sang et Or jusqu\u2019en juin 2030, le portier de 21 ans est estim\u00e9 \u00e0 environ 5 millions d\u2019euros, un montant qui pourrait n\u00e9anmoins augmenter si le RC Lens poursuit sur sa lanc\u00e9e en Ligue 1. Le second n\u2019est autre que Berke \u00d6zer, qui \u00e9volue au <a href=\"https:\/\/www.foot01.com\/lille\" title=\"LOSC\" target=\"_blank\" rel=\"noopener\">LOSC<\/a>. Sous contrat avec les Dogues jusqu\u2019en juin 2029, il est quant \u00e0 lui estim\u00e9 \u00e0 10 millions d\u2019euros.<\/p>\n<p>Les deux portiers sont concentr\u00e9s sur leur saison mais nul doute qu&rsquo;un int\u00e9r\u00eat de l&rsquo;AC Milan pour prendre le poste de num\u00e9ro 1 saura les s\u00e9duire m\u00eame s&rsquo;ils viennent \u00e0 peine de rejoindre leur formation respective. Sur le plan sportif, les Lombards vont mieux et luttent pour le titre en Serie A. Le club a r\u00e9cemment enregistr\u00e9 l\u2019arriv\u00e9e de joueurs de grand talent, comme Adrien Rabiot ou encore Luka Modri\u0107. Massimiliano Allegri a \u00e9galement apport\u00e9 sa patte \u00e0 un club qu\u2019il conna\u00eet bien et qu\u2019il ambitionne de replacer au sommet du football italien.<\/p>\n","protected":false},"excerpt":{"rendered":"L\u2019AC Milan pourrait perdre Mike Maignan \u00e0 l\u2019issue de la saison. Le portier international fran\u00e7ais ne parvient pas&hellip;\n","protected":false},"author":2,"featured_media":597534,"comment_status":"","ping_status":"","sticky":false,"template":"","format":"standard","meta":{"footnotes":""},"categories":[2815],"tags":[1111,11,1777,674,1011,27,811,4253,66,1307,2267,1434,12,25],"class_list":{"0":"post-602676","1":"post","2":"type-post","3":"status-publish","4":"format-standard","5":"has-post-thumbnail","7":"category-lille","8":"tag-actu","9":"tag-actualites","10":"tag-eu","11":"tag-europe","12":"tag-fr","13":"tag-france","14":"tag-hauts-de-france","15":"tag-lens","16":"tag-ligue-1","17":"tag-lille","18":"tag-losc","19":"tag-mercato","20":"tag-news","21":"tag-republique-francaise"},"share_on_mastodon":{"url":"https:\/\/pubeurope.com\/@fr\/115728439183369169","error":""},"_links":{"self":[{"href":"https:\/\/www.europesays.com\/fr\/wp-json\/wp\/v2\/posts\/602676","targetHints":{"allow":["GET"]}}],"collection":[{"href":"https:\/\/www.europesays.com\/fr\/wp-json\/wp\/v2\/posts"}],"about":[{"href":"https:\/\/www.europesays.com\/fr\/wp-json\/wp\/v2\/types\/post"}],"author":[{"embeddable":true,"href":"https:\/\/www.europesays.com\/fr\/wp-json\/wp\/v2\/users\/2"}],"replies":[{"embeddable":true,"href":"https:\/\/www.europesays.com\/fr\/wp-json\/wp\/v2\/comments?post=602676"}],"version-history":[{"count":0,"href":"https:\/\/www.europesays.com\/fr\/wp-json\/wp\/v2\/posts\/602676\/revisions"}],"wp:featuredmedia":[{"embeddable":true,"href":"https:\/\/www.europesays.com\/fr\/wp-json\/wp\/v2\/media\/597534"}],"wp:attachment":[{"href":"https:\/\/www.europesays.com\/fr\/wp-json\/wp\/v2\/media?parent=602676"}],"wp:term":[{"taxonomy":"category","embeddable":true,"href":"https:\/\/www.europesays.com\/fr\/wp-json\/wp\/v2\/categories?post=602676"},{"taxonomy":"post_tag","embeddable":true,"href":"https:\/\/www.europesays.com\/fr\/wp-json\/wp\/v2\/tags?post=602676"}],"curies":[{"name":"wp","href":"https:\/\/api.w.org\/{rel}","templated":true}]}}