{"id":602677,"date":"2025-12-16T09:04:21","date_gmt":"2025-12-16T09:04:21","guid":{"rendered":"https:\/\/www.europesays.com\/fr\/602677\/"},"modified":"2025-12-16T09:04:21","modified_gmt":"2025-12-16T09:04:21","slug":"la-fabrique-turbine-pour-la-ville","status":"publish","type":"post","link":"https:\/\/www.europesays.com\/fr\/602677\/","title":{"rendered":"la Fabrique turbine pour la ville"},"content":{"rendered":"\n<p>C\u2019est une r\u00e9flexion collective r\u00e9unissant 80\u00a0acteurs\u00a0: dirigeant d\u2019entreprise, syndicaliste, l\u2019architecte, responsable associatif. Celle-ci d\u00e9bouche sur \u00ab\u00a0La fabrique de la Ville\u00a0\u00bb, soit 30 propositions pour Marseille concernant le logement, la mobilit\u00e9 et qualit\u00e9 de vie dans l\u2019espace urbain. Ces travaux se sont bas\u00e9s sur une enqu\u00eate Odoxa r\u00e9alis\u00e9e pour l\u2019Institut Enterritoires, aupr\u00e8s de 600\u00a0habitants de la m\u00e9tropole Aix-Marseille- Provence, dont la moiti\u00e9 \u00e0 Marseille. Le r\u00e9sultat est sans appel, quand dans la ville la lutte contre le logement insalubre est une priorit\u00e9 \u00e0 49%, elle est de 38% pour le reste de la M\u00e9tropole.<\/p>\n<p>Ainsi, la proposition num\u00e9ro\u00a07 consiste \u00e0 \u00ab\u00a0mobiliser les meubl\u00e9s touristiques au service de la r\u00e9novation du centre-ville\u00a0\u00bb. En clair, permettre \u00e0 un propri\u00e9taire, qui ach\u00e8te un logement tr\u00e8s d\u00e9grad\u00e9 et le r\u00e9nove, d\u2019obtenir \u00ab\u00a0une d\u00e9rogation pour le mettre pendant plusieurs ann\u00e9es \u00e0 100% en location touristique puis le remettre dans le march\u00e9 annuel et attirer un investisseur priv\u00e9\u00a0\u00bb, fait valoir Julien Gonzalez-Lambert, directeur des \u00e9tudes d\u2019Enterritoires et coordinateur de la d\u00e9marche qui se dit transpartisane et apolitique. \u00ab\u00a0On met cela en d\u00e9bat aupr\u00e8s des collectivit\u00e9s locales dans un contexte important, celui des municipales\u00a0\u00bb, souligne la pr\u00e9sidente ex\u00e9cutive de l\u2019institut Katia Fiorentino.<\/p>\n","protected":false},"excerpt":{"rendered":"C\u2019est une r\u00e9flexion collective r\u00e9unissant 80\u00a0acteurs\u00a0: dirigeant d\u2019entreprise, syndicaliste, l\u2019architecte, responsable associatif. Celle-ci d\u00e9bouche sur \u00ab\u00a0La fabrique de&hellip;\n","protected":false},"author":2,"featured_media":602678,"comment_status":"","ping_status":"","sticky":false,"template":"","format":"standard","meta":{"footnotes":""},"categories":[2814],"tags":[1111,11,1777,674,1011,27,884,12,882,284,25],"class_list":{"0":"post-602677","1":"post","2":"type-post","3":"status-publish","4":"format-standard","5":"has-post-thumbnail","7":"category-marseille","8":"tag-actu","9":"tag-actualites","10":"tag-eu","11":"tag-europe","12":"tag-fr","13":"tag-france","14":"tag-marseille","15":"tag-news","16":"tag-provence-alpes-cote-dazur","17":"tag-qualite-de-vie","18":"tag-republique-francaise"},"share_on_mastodon":{"url":"https:\/\/pubeurope.com\/@fr\/115728447199874593","error":""},"_links":{"self":[{"href":"https:\/\/www.europesays.com\/fr\/wp-json\/wp\/v2\/posts\/602677","targetHints":{"allow":["GET"]}}],"collection":[{"href":"https:\/\/www.europesays.com\/fr\/wp-json\/wp\/v2\/posts"}],"about":[{"href":"https:\/\/www.europesays.com\/fr\/wp-json\/wp\/v2\/types\/post"}],"author":[{"embeddable":true,"href":"https:\/\/www.europesays.com\/fr\/wp-json\/wp\/v2\/users\/2"}],"replies":[{"embeddable":true,"href":"https:\/\/www.europesays.com\/fr\/wp-json\/wp\/v2\/comments?post=602677"}],"version-history":[{"count":0,"href":"https:\/\/www.europesays.com\/fr\/wp-json\/wp\/v2\/posts\/602677\/revisions"}],"wp:featuredmedia":[{"embeddable":true,"href":"https:\/\/www.europesays.com\/fr\/wp-json\/wp\/v2\/media\/602678"}],"wp:attachment":[{"href":"https:\/\/www.europesays.com\/fr\/wp-json\/wp\/v2\/media?parent=602677"}],"wp:term":[{"taxonomy":"category","embeddable":true,"href":"https:\/\/www.europesays.com\/fr\/wp-json\/wp\/v2\/categories?post=602677"},{"taxonomy":"post_tag","embeddable":true,"href":"https:\/\/www.europesays.com\/fr\/wp-json\/wp\/v2\/tags?post=602677"}],"curies":[{"name":"wp","href":"https:\/\/api.w.org\/{rel}","templated":true}]}}