{"id":602679,"date":"2025-12-16T09:05:17","date_gmt":"2025-12-16T09:05:17","guid":{"rendered":"https:\/\/www.europesays.com\/fr\/602679\/"},"modified":"2025-12-16T09:05:17","modified_gmt":"2025-12-16T09:05:17","slug":"le-plan-marseille-en-grand-cest-de-la-communication-estime-manuel-bompard","status":"publish","type":"post","link":"https:\/\/www.europesays.com\/fr\/602679\/","title":{"rendered":"le \u00ab\u00a0Plan Marseille en grand, c&rsquo;est de la communication\u00a0\u00bb estime Manuel Bompard"},"content":{"rendered":"<p><a href=\"https:\/\/www.laprovence.com\/article\/france-monde\/6952602267112914\/macron-de-retour-a-marseille-en-pleine-guerre-contre-le-narcotrafic\" target=\"_blank\" rel=\"noopener\">Emmanuel Macron<\/a> se rend \u00e0 Marseille ce mardi 16 d\u00e9cembre, pour une visite consacr\u00e9e notamment \u00e0 la lutte contre le narcotrafic. L&rsquo;occasion aussi de faire un bilan de son plan,\u00a0<a href=\"https:\/\/www.laprovence.com\/article\/politique\/75364774783661\/emmanuel-macron-en-visite-mardi-marseille-en-grand-le-vrai-du-faux\" target=\"_blank\" rel=\"noopener\">Marseille en grand<\/a>. Le d\u00e9put\u00e9 LFI des Bouches-du-Rh\u00f4ne, <a href=\"https:\/\/www.laprovence.com\/article\/politique\/18776822501832\/municipales-2026-les-40-plaignants-qui-ont-attaque-lfi-en-justice-a-aix-deboutes-de-leurs-demandes\" target=\"_blank\" rel=\"noopener\">Manuel Bompard<\/a>, \u00e9tait au micro de <a href=\"https:\/\/www.franceinfo.fr\/\" target=\"_blank\" rel=\"noopener\">France Info<\/a> ce mardi 16 d\u00e9cembre, \u00e0 8\u00a0h\u00a030.<\/p>\n<p>\u00ab\u00a0C&rsquo;est de la communication, ce sont des grandes annonces. La Cour des comptes disait\u00a0: c&rsquo;est quand m\u00eame inou\u00ef, il n&rsquo;y a aucun pilotage ni documents qui permettent de savoir o\u00f9 on en est des objectifs de ce plan,\u00a0\u00bb estime le d\u00e9put\u00e9 de Marseille.<\/p>\n","protected":false},"excerpt":{"rendered":"Emmanuel Macron se rend \u00e0 Marseille ce mardi 16 d\u00e9cembre, pour une visite consacr\u00e9e notamment \u00e0 la lutte&hellip;\n","protected":false},"author":2,"featured_media":602680,"comment_status":"","ping_status":"","sticky":false,"template":"","format":"standard","meta":{"footnotes":""},"categories":[2814],"tags":[17,1111,11,2511,71529,1777,674,1011,27,2515,11514,884,12,5355,882,16,25,510],"class_list":{"0":"post-602679","1":"post","2":"type-post","3":"status-publish","4":"format-standard","5":"has-post-thumbnail","7":"category-marseille","8":"tag-17","9":"tag-actu","10":"tag-actualites","11":"tag-cest","12":"tag-demmanuel","13":"tag-eu","14":"tag-europe","15":"tag-fr","16":"tag-france","17":"tag-grand","18":"tag-macron","19":"tag-marseille","20":"tag-news","21":"tag-plan","22":"tag-provence-alpes-cote-dazur","23":"tag-region","24":"tag-republique-francaise","25":"tag-visite"},"share_on_mastodon":{"url":"https:\/\/pubeurope.com\/@fr\/115728451201369200","error":""},"_links":{"self":[{"href":"https:\/\/www.europesays.com\/fr\/wp-json\/wp\/v2\/posts\/602679","targetHints":{"allow":["GET"]}}],"collection":[{"href":"https:\/\/www.europesays.com\/fr\/wp-json\/wp\/v2\/posts"}],"about":[{"href":"https:\/\/www.europesays.com\/fr\/wp-json\/wp\/v2\/types\/post"}],"author":[{"embeddable":true,"href":"https:\/\/www.europesays.com\/fr\/wp-json\/wp\/v2\/users\/2"}],"replies":[{"embeddable":true,"href":"https:\/\/www.europesays.com\/fr\/wp-json\/wp\/v2\/comments?post=602679"}],"version-history":[{"count":0,"href":"https:\/\/www.europesays.com\/fr\/wp-json\/wp\/v2\/posts\/602679\/revisions"}],"wp:featuredmedia":[{"embeddable":true,"href":"https:\/\/www.europesays.com\/fr\/wp-json\/wp\/v2\/media\/602680"}],"wp:attachment":[{"href":"https:\/\/www.europesays.com\/fr\/wp-json\/wp\/v2\/media?parent=602679"}],"wp:term":[{"taxonomy":"category","embeddable":true,"href":"https:\/\/www.europesays.com\/fr\/wp-json\/wp\/v2\/categories?post=602679"},{"taxonomy":"post_tag","embeddable":true,"href":"https:\/\/www.europesays.com\/fr\/wp-json\/wp\/v2\/tags?post=602679"}],"curies":[{"name":"wp","href":"https:\/\/api.w.org\/{rel}","templated":true}]}}