{"id":602693,"date":"2025-12-16T09:13:13","date_gmt":"2025-12-16T09:13:13","guid":{"rendered":"https:\/\/www.europesays.com\/fr\/602693\/"},"modified":"2025-12-16T09:13:13","modified_gmt":"2025-12-16T09:13:13","slug":"securite-si-elle-est-elue-maire-de-paris-rachida-dati-devoile-ses-idees-pour-retablir-lautorite-partout","status":"publish","type":"post","link":"https:\/\/www.europesays.com\/fr\/602693\/","title":{"rendered":"S\u00e9curit\u00e9. Si elle est \u00e9lue maire de Paris, Rachida Dati d\u00e9voile ses id\u00e9es pour \u00ab r\u00e9tablir l\u2019autorit\u00e9 partout \u00bb"},"content":{"rendered":"<p>                    Par<br \/>\n        <strong><br \/>\n            <a href=\"https:\/\/actu.fr\/auteur\/redaction-paris\" title=\"Consulter tous les articles de R\u00e9daction Paris\" target=\"_blank\" rel=\"noopener\">R\u00e9daction Paris<\/a><br \/>\n                    <\/strong><\/p>\n<p>        Publi\u00e9 le<\/p>\n<p>            16 d\u00e9c. 2025 \u00e0 9h19        <\/p>\n<p>Policiers municipaux arm\u00e9s, fermeture du Champ-de-Mars la nuit, plus de cam\u00e9ras de vid\u00e9oprotection\u2026 Apr\u00e8s <a href=\"https:\/\/actu.fr\/ile-de-france\/paris_75056\/policiers-municipaux-armes-brigade-de-drones-pierre-yves-bournazel-devoile-son-plan-securite-pour-paris_63561498.html\" target=\"_blank\" rel=\"noopener\">le \u00ab\u2009plan s\u00e9curit\u00e9\u2009\u00bb de Pierre-Yves Bournazel<\/a>, c\u2019est d\u00e9sormais <a href=\"https:\/\/actu.fr\/tag\/rachida-dati\" target=\"_blank\" rel=\"noopener\">Rachida Dati<\/a>, candidate LR, qui a pr\u00e9sent\u00e9 ses id\u00e9es pour en finir avec <strong>\u00ab\u2009le d\u00e9ni s\u00e9curitaire\u2009\u00bb<\/strong> de la majorit\u00e9. Son objectif\u2009: \u00ab\u2009r\u00e9tablir l\u2019autorit\u00e9 partout\u2009\u00bb.<\/p>\n<p>Les policiers municipaux bient\u00f4t arm\u00e9s<\/p>\n<p class=\" wall-content\">Dans un entretien au Figaro, la ministre de la Culture a parl\u00e9 d\u2019une \u00ab\u2009explosion de l\u2019ins\u00e9curit\u00e9\u2009\u00bb dans la capitale en citant notamment les meurtres \u00e0 Paris des jeunes <a href=\"https:\/\/actu.fr\/ile-de-france\/paris_75056\/la-justice-n-a-pas-protege-elias-denonce-la-mere-de-l-adolescent-tue-a-coups-de-machette-a-paris_63480557.html\" target=\"_blank\" rel=\"noopener\">Elias<\/a> (2025) et <a href=\"https:\/\/actu.fr\/ile-de-france\/paris_75056\/meurtre-de-philippine-a-paris-l-auteur-presume-accepte-d-etre-extrade-vers-la-france_61802767.html\" target=\"_blank\" rel=\"noopener\">Philippine<\/a> (2024). \u00ab\u2009L\u2019espace public a de plus en plus \u00e9t\u00e9 confisqu\u00e9 aux Parisiens, soit par la <strong>d\u00e9linquance<\/strong>, soit par les campements, soit par les d\u00e9gradations. C\u2019est pourtant le c\u0153ur de la comp\u00e9tence de la municipalit\u00e9\u2009\u00bb, estime l\u2019actuelle maire du 7e arrondissement.<\/p>\n<p class=\" wall-content\">Si elle est \u00e9lue en mars\u00a02026, elle promet de mettre en place un corps de <strong>5\u2009000 policiers<\/strong> municipaux \u00ab\u2009arm\u00e9s et form\u00e9s \u00e0 la lutte contre la d\u00e9linquance au quotidien\u2009\u00bb. Cela repr\u00e9senterait un doublement des effectifs actuels de la police municipale, mise en place il y a quatre ans par l\u2019\u00e9quipe d\u2019Anne Hidalgo, qui \u00ab\u2009a toujours refus\u00e9 son armement malgr\u00e9 la multiplication des alertes\u2009\u00bb, critique-t-elle.<\/p>\n<p class=\" wall-content\">Rachida Dati souhaite un \u00ab\u2009\u00e9largissement\u2009\u00bb de leurs comp\u00e9tences afin qu\u2019ils puissent <strong>contr\u00f4ler les papiers<\/strong> et acc\u00e9der aux fichiers nationaux, ainsi qu\u2019un \u00ab\u2009acc\u00e8s prioritaire\u2009\u00bb pour les policiers au logement social, pr\u00e9cise son projet envoy\u00e9 \u00e0 la presse.<\/p>\n<p>Fermeture du Champs-de-Mars la nuit<\/p>\n<p class=\" wall-content\">Le r\u00e9seau de cam\u00e9ras de <strong>vid\u00e9oprotection<\/strong> serait doubl\u00e9 pour passer \u00e0 8\u2009000, en priorit\u00e9 aux abords des \u00e9coles, coll\u00e8ges et terrains de sport. Actuellement, le plan de vid\u00e9oprotection pour Paris (PVPP) et les cam\u00e9ras dans l\u2019espace public et surveillant les b\u00e2timents de l\u2019\u00c9tat d\u00e9pendent de la pr\u00e9fecture de police. La ville ne peut poser des cam\u00e9ras \u2013 environ 350 actuellement \u2013 que sur des \u00e9tablissements municipaux (piscines, biblioth\u00e8ques..).<\/p>\n<p class=\" wall-content\">Autre proposition\u2009: fermer le <a href=\"https:\/\/actu.fr\/ile-de-france\/paris_75056\/paris-ce-commercant-historique-du-champ-de-mars-n-a-pas-fait-le-poids-en-justice-face-a-anne-hidalgo_62063463.html\" target=\"_blank\" rel=\"noopener\">Champ-de-Mars<\/a> la nuit avec des grilles, alors que selon elle \u00ab\u2009les agressions se sont multipli\u00e9es\u2009\u00bb dans le jardin au pied de la tour Eiffel, aujourd\u2019hui enti\u00e8rement ouvert. \u00ab\u2009Ces grilles permettront aussi <strong>d\u2019\u00e9viter le commerce ill\u00e9gal<\/strong>, le vol \u00e0 la tire et les agressions de toutes sortes durant la journ\u00e9e\u2009\u00bb, explique Rachida Dati.<\/p>\n<p class=\" wall-content\">Le Champ-de-Mars, de m\u00eame que les bois de Boulogne et de Vincennes, disposeront d\u2019une \u00ab\u2009antenne de police d\u00e9di\u00e9e qui sera dot\u00e9e d\u2019une brigade \u00e9questre\u2009\u00bb, d\u00e9taille-t-elle. Ces mesures seront en partie financ\u00e9es par les quelque <strong>\u00ab\u2009600\u00a0millions \u00e0 un milliard d\u2019euros\u2009\u00bb<\/strong> qu\u2019elle veut d\u00e9gager sur la prochaine mandature.<\/p>\n<p>Votre r\u00e9gion, votre actu !<\/p>\n<p>Recevez chaque jour les infos qui comptent pour vous.<\/p>\n<p>\t<a href=\"https:\/\/actu.fr\/newsletter\" class=\"ac-btn ac-btn--corner ac-btn--medium ac-btn--blue800\" target=\"_blank\" rel=\"noopener\">S&rsquo;incrire<\/a><\/p>\n<p class=\" wall-content\">Avec AFP.<\/p>\n<p class=\" wall-content\">Personnalisez votre actualit\u00e9 en ajoutant vos villes et m\u00e9dias en favori avec <a href=\"https:\/\/moncompte.actu.fr\" title=\"D\u00e9couvez Mon Actu\" rel=\"nofollow noopener\" data-trk=\"{&quot;cta&quot;:{&quot;action&quot;:&quot;https:\\\/\\\/moncompte.actu.fr&quot;,&quot;category&quot;:&quot;mon compte&quot;,&quot;from&quot;:&quot;article footer&quot;,&quot;name&quot;:&quot;Mon actu&quot;,&quot;type&quot;:&quot;cta&quot;}}\" target=\"_blank\">Mon Actu<\/a>.<\/p>\n","protected":false},"excerpt":{"rendered":"Par R\u00e9daction Paris Publi\u00e9 le 16 d\u00e9c. 2025 \u00e0 9h19 Policiers municipaux arm\u00e9s, fermeture du Champ-de-Mars la nuit,&hellip;\n","protected":false},"author":2,"featured_media":602694,"comment_status":"","ping_status":"","sticky":false,"template":"","format":"standard","meta":{"footnotes":""},"categories":[1888],"tags":[11,4188,1777,674,1011,27,2825,3434,12,626,316,417,25],"class_list":{"0":"post-602693","1":"post","2":"type-post","3":"status-publish","4":"format-standard","5":"has-post-thumbnail","7":"category-paris","8":"tag-actualites","9":"tag-elections-municipales","10":"tag-eu","11":"tag-europe","12":"tag-fr","13":"tag-france","14":"tag-insecurite","15":"tag-municipales-2026","16":"tag-news","17":"tag-paris","18":"tag-politique","19":"tag-rachida-dati","20":"tag-republique-francaise"},"share_on_mastodon":{"url":"https:\/\/pubeurope.com\/@fr\/115728482587752679","error":""},"_links":{"self":[{"href":"https:\/\/www.europesays.com\/fr\/wp-json\/wp\/v2\/posts\/602693","targetHints":{"allow":["GET"]}}],"collection":[{"href":"https:\/\/www.europesays.com\/fr\/wp-json\/wp\/v2\/posts"}],"about":[{"href":"https:\/\/www.europesays.com\/fr\/wp-json\/wp\/v2\/types\/post"}],"author":[{"embeddable":true,"href":"https:\/\/www.europesays.com\/fr\/wp-json\/wp\/v2\/users\/2"}],"replies":[{"embeddable":true,"href":"https:\/\/www.europesays.com\/fr\/wp-json\/wp\/v2\/comments?post=602693"}],"version-history":[{"count":0,"href":"https:\/\/www.europesays.com\/fr\/wp-json\/wp\/v2\/posts\/602693\/revisions"}],"wp:featuredmedia":[{"embeddable":true,"href":"https:\/\/www.europesays.com\/fr\/wp-json\/wp\/v2\/media\/602694"}],"wp:attachment":[{"href":"https:\/\/www.europesays.com\/fr\/wp-json\/wp\/v2\/media?parent=602693"}],"wp:term":[{"taxonomy":"category","embeddable":true,"href":"https:\/\/www.europesays.com\/fr\/wp-json\/wp\/v2\/categories?post=602693"},{"taxonomy":"post_tag","embeddable":true,"href":"https:\/\/www.europesays.com\/fr\/wp-json\/wp\/v2\/tags?post=602693"}],"curies":[{"name":"wp","href":"https:\/\/api.w.org\/{rel}","templated":true}]}}