{"id":602695,"date":"2025-12-16T09:14:13","date_gmt":"2025-12-16T09:14:13","guid":{"rendered":"https:\/\/www.europesays.com\/fr\/602695\/"},"modified":"2025-12-16T09:14:13","modified_gmt":"2025-12-16T09:14:13","slug":"un-enfant-tue-au-couteau-par-un-autre-eleve-dans-une-ecole-a-quelques-kilometres-de-moscou","status":"publish","type":"post","link":"https:\/\/www.europesays.com\/fr\/602695\/","title":{"rendered":"un enfant tu\u00e9 au couteau par un autre \u00e9l\u00e8ve dans une \u00e9cole \u00e0 quelques kilom\u00e8tres de Moscou"},"content":{"rendered":"<p>\n    \u00c2g\u00e9e de 10 ans, la victime \u00aba succomb\u00e9 de ses blessures\u00bb et \u00abl\u2019assaillant a \u00e9t\u00e9 arr\u00eat\u00e9\u00bb, a annonc\u00e9 un communiqu\u00e9 de la police russe.<\/p>\n<p class=\"fig-paragraph\">Un enfant \u00e2g\u00e9 de 10 ans a<a href=\"http:\/\/www.lefigaro.fr\/international\/russie-un-homme-tue-alors-qu-il-preparait-une-attaque-de-drones-20250606\" target=\"_blank\" data-fig-type=\"NewsFlash\" rel=\"noopener\" data-gtm-custom-categorie=\"navigation\" data-gtm-custom-action=\"crossclick\" data-gtm-custom-label=\"Contextuel\" data-gtm-event=\"customEventSPE\" data-fig-domain=\"LEFIGARO\">\u00a0\u00e9t\u00e9 tu\u00e9\u00a0<\/a>ce mardi au couteau par un autre \u00e9l\u00e8ve dans une \u00e9cole \u00e0<a href=\"http:\/\/www.lefigaro.fr\/international\/les-services-speciaux-ukrainiens-reconnaissent-avoir-liquide-un-ex-depute-prorusse-a-moscou-20231207\" target=\"_blank\" data-fig-type=\"NewsFlash\" rel=\"noopener\" data-gtm-custom-categorie=\"navigation\" data-gtm-custom-action=\"crossclick\" data-gtm-custom-label=\"Contextuel\" data-gtm-event=\"customEventSPE\" data-fig-domain=\"LEFIGARO\">\u00a0Odintsovo<\/a>, \u00e0 quelques kilom\u00e8tres \u00e0 l\u2019ouest de\u00a0<a href=\"http:\/\/www.lefigaro.fr\/international\/pour-moscou-la-nouvelle-strategie-de-securite-americaine-est-globalement-conforme-a-la-vision-de-la-russie-20251207\" target=\"_blank\" data-fig-type=\"NewsFlash\" rel=\"noopener\" data-gtm-custom-categorie=\"navigation\" data-gtm-custom-action=\"crossclick\" data-gtm-custom-label=\"Contextuel\" data-gtm-event=\"customEventSPE\" data-fig-domain=\"LEFIGARO\">Moscou<\/a>, a indiqu\u00e9 la police russe dans un communiqu\u00e9. \u00c0 09h00 heures locales (06h00 GMT), un \u00e9l\u00e8ve de l\u2019\u00e9tablissement a agress\u00e9 au couteau le gardien, avant d\u2019attaquer un gar\u00e7on de 10 ans qui \u00aba succomb\u00e9 de ses blessures\u00bb, selon la m\u00eame source.<\/p>\n<p class=\"fig-paragraph\">\u00abL\u2019assaillant a \u00e9t\u00e9 arr\u00eat\u00e9\u00bb, pr\u00e9cise le communiqu\u00e9. Il s\u2019agit d\u2019un adolescent de 15 ans, a pr\u00e9cis\u00e9 pour sa part le Comit\u00e9 d\u2019enqu\u00eate russe, charg\u00e9 des principales investigations dans le pays, en annon\u00e7ant l\u2019ouverture d\u2019une enqu\u00eate pour \u00abmeurtre\u00bb.<\/p>\n<p>                                            <a class=\"fig-a11y-skip\" href=\"#fig-a11y-skip-main-inarticle\" data-module=\"a11y-skip\" data-context=\"was @visible\"><br \/>\n    Passer la publicit\u00e9<br \/>\n<\/a>            <\/p>\n<p class=\"fig-paragraph\">Selon le Comit\u00e9 d\u2019enqu\u00eate, l\u2019attaque s\u2019est produite dans la localit\u00e9 de Gorki-2, dans le district municipal d\u2019Odintsovo, dans la r\u00e9gion de Moscou. Elle a \u00e9galement fait \u00abdes bless\u00e9s\u00bb, a affirm\u00e9 sur Telegram la d\u00e9l\u00e9gu\u00e9e r\u00e9gionale pour les droits de l\u2019Enfant, Ksenia Michonova, sans plus de pr\u00e9cisions. Les motifs de l\u2019assaillant ne sont pas connus dans l\u2019imm\u00e9diat.<\/p>\n<p>                                            Une autre attaque en 2024<\/p>\n<p class=\"fig-paragraph\">En septembre 2024, trois adolescents et une professeure avaient \u00e9t\u00e9 bless\u00e9s par un \u00e9l\u00e8ve qui les avait attaqu\u00e9s avec un marteau dans une \u00e9cole de Tch\u00e9liabinsk, dans l\u2019Oural.<\/p>\n<p class=\"fig-paragraph\">Autrefois rarissimes, les attaques arm\u00e9es dans des \u00e9tablissements scolaires, parfois mortelles, ont tendance \u00e0 devenir plus nombreuses en Russie depuis quelques ann\u00e9es, notamment dans des attaques \u00e0 l\u2019arme \u00e0 feu malgr\u00e9 des lois tr\u00e8s restrictives et r\u00e9cemment renforc\u00e9es.<\/p>\n","protected":false},"excerpt":{"rendered":"\u00c2g\u00e9e de 10 ans, la victime \u00aba succomb\u00e9 de ses blessures\u00bb et \u00abl\u2019assaillant a \u00e9t\u00e9 arr\u00eat\u00e9\u00bb, a annonc\u00e9&hellip;\n","protected":false},"author":2,"featured_media":602696,"comment_status":"","ping_status":"","sticky":false,"template":"","format":"standard","meta":{"footnotes":""},"categories":[1591],"tags":[11,14118,1122,1887,12,1885,1886,132],"class_list":{"0":"post-602695","1":"post","2":"type-post","3":"status-publish","4":"format-standard","5":"has-post-thumbnail","7":"category-russie","8":"tag-actualites","9":"tag-attaque-au-couteau","10":"tag-ecole","11":"tag-federation-de-russie","12":"tag-news","13":"tag-russia","14":"tag-russian-federation","15":"tag-russie"},"share_on_mastodon":{"url":"https:\/\/pubeurope.com\/@fr\/115728486619163696","error":""},"_links":{"self":[{"href":"https:\/\/www.europesays.com\/fr\/wp-json\/wp\/v2\/posts\/602695","targetHints":{"allow":["GET"]}}],"collection":[{"href":"https:\/\/www.europesays.com\/fr\/wp-json\/wp\/v2\/posts"}],"about":[{"href":"https:\/\/www.europesays.com\/fr\/wp-json\/wp\/v2\/types\/post"}],"author":[{"embeddable":true,"href":"https:\/\/www.europesays.com\/fr\/wp-json\/wp\/v2\/users\/2"}],"replies":[{"embeddable":true,"href":"https:\/\/www.europesays.com\/fr\/wp-json\/wp\/v2\/comments?post=602695"}],"version-history":[{"count":0,"href":"https:\/\/www.europesays.com\/fr\/wp-json\/wp\/v2\/posts\/602695\/revisions"}],"wp:featuredmedia":[{"embeddable":true,"href":"https:\/\/www.europesays.com\/fr\/wp-json\/wp\/v2\/media\/602696"}],"wp:attachment":[{"href":"https:\/\/www.europesays.com\/fr\/wp-json\/wp\/v2\/media?parent=602695"}],"wp:term":[{"taxonomy":"category","embeddable":true,"href":"https:\/\/www.europesays.com\/fr\/wp-json\/wp\/v2\/categories?post=602695"},{"taxonomy":"post_tag","embeddable":true,"href":"https:\/\/www.europesays.com\/fr\/wp-json\/wp\/v2\/tags?post=602695"}],"curies":[{"name":"wp","href":"https:\/\/api.w.org\/{rel}","templated":true}]}}