{"id":602699,"date":"2025-12-16T09:16:16","date_gmt":"2025-12-16T09:16:16","guid":{"rendered":"https:\/\/www.europesays.com\/fr\/602699\/"},"modified":"2025-12-16T09:16:16","modified_gmt":"2025-12-16T09:16:16","slug":"un-moment-historique-pour-leurope-face-aux-etats-unis-et-a-la-chine","status":"publish","type":"post","link":"https:\/\/www.europesays.com\/fr\/602699\/","title":{"rendered":"Un moment historique pour l&rsquo;Europe face aux Etats-Unis et \u00e0 la Chine"},"content":{"rendered":"<p><strong>Apr\u00e8s les attaques de Donald Trump contre l\u2019Europe, quelle r\u00e9ponse pourrait envisager l\u2019Europe ? <\/strong><\/p>\n<p>Les derniers jours ont \u00e9t\u00e9 particuli\u00e8rement violents de la part de ce qu\u2019il faut bien appeler, notre ancien Alli\u00e9, les Etats-Unis. Car les publications de Donald Trump et ses d\u00e9clarations qui ont suivi sur tel ou tel dirigeant europ\u00e9en, montrent que la strat\u00e9gie de l\u2019administration am\u00e9ricaine se met en place contre l\u2019Europe et en faveur de la Russie, dans le conflit ukrainien. Notre monde change \u00e0 vitesse grand V et il est plus facile d\u2019attaquer comme Donald Trump que de se mettre d\u2019accord pour se d\u00e9fendre contre lui. Dans ce contexte tendu du moment il faut rappeler tout de m\u00eame quelques forces, oubli\u00e9es par Donald Trump qui est \u00e0 la t\u00eate il faut le rappeler d\u2019un \u00e9tat surendett\u00e9 qui ne survit que gr\u00e2ce \u00e0 des \u00e9trangers Japonais, Chinois et Europ\u00e9ens qui financent sa dette colossale 36.000 et avec des int\u00e9r\u00eats de 1500 milliards par an. \u00a0Si l\u2019Europe est accul\u00e9e par l\u2019Administration Trump, elle pourrait envisager de se d\u00e9faire des 2300 milliards de dollars qu\u2019elle d\u00e9tient en bons du Tr\u00e9sor am\u00e9ricain. La Chine a pu montrer la voie dans son conflit contre l\u2019administration Trump en vendant une partie de ces actifs. Ce n\u2019est pas simple \u00e0 mettre en \u0153uvre, mais toujours utile dans un \u00e9change muscl\u00e9 avec l\u2019Administration am\u00e9ricaine.<\/p>\n<p><strong>Il y a aussi le sujet des avoirs Russes 210milliards de dollars. Cela peut bouger ?<\/strong><\/p>\n<p><strong>\u00a0<\/strong>C\u2019est vrai qu\u2019il y a une divergence s\u00e9v\u00e8re entre Washington qui souhaiterait conserver ces fonds pour les utiliser dans le cadre d\u2019un futur accord de paix, tandis que l\u2019Europe elle pr\u00e9f\u00e8rerait s\u2019en servir comme levier de n\u00e9gociation. Et justement ce qui vient de se passer est important. L\u2019Union europ\u00e9enne a d\u00e9clench\u00e9 l\u2019article 122 pour immobiliser ind\u00e9finiment les actifs de la Banque centrale russe. L\u2019article 122 avait d\u00e9j\u00e0 \u00e9t\u00e9 utilis\u00e9 dans le contexte de la pand\u00e9mie de COVID-19, de la crise \u00e9nerg\u00e9tique et de la d\u00e9fense. Cela change la donne, car au d\u00e9but de la guerre en Russie, l\u2019UE, coordination avec les alli\u00e9s du G7, avait accept\u00e9 d\u2019immobiliser les actifs de la Banque centrale russe. Mais apr\u00e8s le retour de Trump \u00e0 la Maison Blanche et la suspension de toute aide \u00e0 l\u2019Ukraine, les Europ\u00e9ens ont soudainement \u00e9t\u00e9 contraints d\u2019assumer toute la responsabilit\u00e9 et les besoins financiers et militaires de l\u2019Ukraine pour 2026 et 2027 sont estim\u00e9s \u00e0 une somme importante \u00a0de 135 milliards d\u2019 \u20ac . \u00a0D\u2019o\u00f9 la question et les d\u00e9bats sur la financement. Et la Pr\u00e9sidente de la Commission Ursula von der Leyen a propos\u00e9 de convertir les avoirs russes immobilis\u00e9s en un pr\u00eat \u00e0 taux z\u00e9ro \u00e0 l\u2019Ukraine au titre des r\u00e9parations.\u00a0 Kyiv ne rembourserait le pr\u00eat que si Moscou payait les r\u00e9parations de guerre. R\u00e9sultat l\u2019UE ne d\u00e9bourserait rien, ni le capital ni les int\u00e9r\u00eats. L\u2019argent proviendrait directement des avoirs souverains de la Russie. Malgr\u00e9 les r\u00e9ticences des belges, l\u2019annonce d\u2019un plan de paix en 28 points il faut le dire favorable aux Russes, propos\u00e9 par les Am\u00e9ricains, ont acc\u00e9l\u00e9r\u00e9 les choses ici en Europe. Et gr\u00e2ce \u00e0 cette d\u00e9cision, la lib\u00e9ration \u00e9ventuelle des actifs sera soumise \u00e0 l\u2019approbation d\u2019une majorit\u00e9 qualifi\u00e9e et sera donc prot\u00e9g\u00e9e contre tout veto ind\u00e9sirable. \u00a0Les Europ\u00e9ens ont eux aussi des cartes majeures dans ce nouveau jeu impos\u00e9 par les Am\u00e9ricains, Donald Trump est un homme de deal. L\u2019Europe n\u2019a pas dit son dernier mot<\/p>\n<p><strong>\u00a0A<\/strong><strong>ux Etats-Unis, c\u00f4t\u00e9 entreprises, on est loin des beaux discours de la Maison Blanche<\/strong><\/p>\n<p>En fait, au cours des sept premiers mois de cette ann\u00e9e, le nombre de faillites d\u2019entreprises aux \u00c9tats-Unis a atteint le niveau le plus \u00e9lev\u00e9 connu depuis le d\u00e9but de la pand\u00e9mie covid\u2026 Selon un rapport r\u00e9cent, les \u00c9tats-Unis ont enregistr\u00e9 une forte augmentation des d\u00e9p\u00f4ts de bilan d\u2019entreprises en juillet, atteignant un pic post-COVID et laissant pr\u00e9sager que 2025 d\u00e9passera le total de l\u2019ann\u00e9e derni\u00e8re. Selon la presse financi\u00e8re, des millions de jeunes Am\u00e9ricains vivent aujourd\u2019hui dans des voitures, des fourgonnettes ou des camping-cars. Pendant ce temps, ceux qui se trouvent tout en haut de la pyramide \u00e9conomique\u00a0\u00a0<a href=\"https:\/\/www.cnbc.com\/2025\/10\/03\/the-wealth-of-the-top-1percent-reaches-a-record-52-trillion.html\" target=\"_blank\" rel=\"noopener\">ont plus d\u2019argent qu\u2019ils ne savent qu\u2019en faire<\/a>\u00a0\u2026De l\u2019autre c\u00f4t\u00e9\u00a0 Les 1 % les plus riches ont vu leur fortune augmenter de 4 000 milliards de dollars au cours de l\u2019ann\u00e9e \u00e9coul\u00e9e, soit une hausse de 7 %. Leur patrimoine a atteint le chiffre record de 52 000 milliards de dollars au deuxi\u00e8me trimestre. Le principal moteur de cet enrichissement des plus fortun\u00e9s cette ann\u00e9e a \u00e9t\u00e9 le march\u00e9 boursier.<\/p>\n<p><strong>L\u2019Europe se d\u00e9fend face aux Etats-Unis, mais la Chine aussi est \u00e0 l\u2019attaque<\/strong><\/p>\n<p>C\u2019est dans la troisi\u00e8me \u00e9dition du Barom\u00e8tre \u2013 L\u2019Industrie r\u00e9alis\u00e9e en partenariat avec la <a href=\"https:\/\/www.linkedin.com\/company\/dgentreprises\/\" target=\"_blank\" rel=\"noopener\">Direction G\u00e9n\u00e9rale des Entreprises<\/a>, la <a href=\"https:\/\/www.linkedin.com\/company\/banque-des-territoires-par-la-caisse-des-depots\/\" target=\"_blank\" rel=\"noopener\">Banque des Territoires<\/a>, <a href=\"https:\/\/www.linkedin.com\/company\/bpifrance\/\" target=\"_blank\" rel=\"noopener\">Bpifrance<\/a>, <a href=\"https:\/\/www.linkedin.com\/company\/business-france\/\" target=\"_blank\" rel=\"noopener\">Business France<\/a>, <a href=\"https:\/\/www.linkedin.com\/company\/france-industrie-cigfi\/\" target=\"_blank\" rel=\"noopener\">France Industrie<\/a> met en lumi\u00e8re un ph\u00e9nom\u00e8ne massif :<br \/>Le solde commercial de l\u2019Europe avec la Chine d\u00e9passe d\u00e9sormais les 300 milliards de dollars.<br \/>Ce choc chinois vient aussi de ce nouveau durcissement de la relation avec les Etats-Unis, la Chine doit donc trouver des d\u00e9bouch\u00e9s structurels pour ses industries. Et l\u2019Europe se retrouve \u00e0 faire face \u00e0 un choc de comp\u00e9titivit\u00e9 avec des prix de production europ\u00e9ens qui ont explos\u00e9, des co\u00fbts \u00e9nerg\u00e9tiques qui restent plus \u00e9lev\u00e9s, ou des fili\u00e8res strat\u00e9giques (batteries, v\u00e9hicules \u00e9lectriques, panneaux solaires) sont devenues ultra-d\u00e9pendantes. Selon ce barom\u00e8tre, le r\u00e9sultat ? C\u2019est que L\u2019\u00e9cart de prix se creuse au moment m\u00eame o\u00f9 les investissements europ\u00e9ens doivent s\u2019acc\u00e9l\u00e9rer. <strong>Subventions massives, cr\u00e9dits bonifi\u00e9s, injections de fonds publics\u2026la Chine elle soutient tranquillement ses fili\u00e8res pourrait ton dire au point de fausser durablement la comp\u00e9tition mondiale.<\/strong> Et c\u2019est une strat\u00e9gie industrielle assum\u00e9e, pens\u00e9e pour capter la valeur ajout\u00e9e mondiale. L\u2019Europe est selon ce barom\u00e8tre \u00a0\u00ab \u00e0 un moment charni\u00e8re, si elle ne reconstruit pas sa base productive, elle sortira progressivement des cha\u00eenes de valeur mondiale. Il est impossible de nier que nous traversons un moment historique, \u00e0 ceux en responsabilit\u00e9 comme disent les politiques d\u2019agir aux mieux de nos int\u00e9r\u00eats.<\/p>\n<p>La faillite de Brandt dans l\u2019\u00e9lectrom\u00e9nager cette semaine ne fait que r\u00e9v\u00e9ler que le chemin est encore long avant que l\u2019intelligence collective nous fasse trouver de nouvelles solutions face \u00e0 cette vague sans pr\u00e9c\u00e9dent.<\/p>\n<p><strong>Toutes les \u00e9missions \u201cL\u2019info \u00e9co +\u201d d\u00e9j\u00e0 diffus\u00e9es sont disponibles<\/strong><\/p>\n<p><strong>sur ce lien :\u00a0<a href=\"https:\/\/www.labourseetlavie.com\/category\/economie-et-pedagogie\/linfo-eco-presentee-par-didier-testot-sur-sud-radio\" target=\"_blank\" rel=\"noopener\">https:\/\/www.labourseetlavie.com\/category\/economie-et-pedagogie\/linfo-eco-presentee-par-didier-testot-sur-sud-radio<\/a><\/strong><\/p>\n<p>\u00a0<\/p>\n<p>\u00a0<\/p>\n<p>\u00a0<\/p>\n<p>                    <a href=\"#\" rel=\"nofollow\" onclick=\"window.print(); return false;\" title=\"Printer Friendly, PDF &amp; Email\"><br \/>\n                    <img decoding=\"async\" class=\"pf-button-img\" src=\"data:image\/svg+xml,%3Csvg%20xmlns=\" http:=\"\" alt=\"Print Friendly, PDF &amp; Email\" style=\"width: 66px;height: 24px;\" data-lazy-src=\"https:\/\/www.europesays.com\/fr\/wp-content\/uploads\/2025\/12\/print-button-gray.png\"\/><br \/>\n                    <\/a><\/p>\n","protected":false},"excerpt":{"rendered":"Apr\u00e8s les attaques de Donald Trump contre l\u2019Europe, quelle r\u00e9ponse pourrait envisager l\u2019Europe ? Les derniers jours ont&hellip;\n","protected":false},"author":2,"featured_media":602700,"comment_status":"","ping_status":"","sticky":false,"template":"","format":"standard","meta":{"footnotes":""},"categories":[1589],"tags":[11,40340,309,352,71530,33,73,1866,674,590,64022,693,71531,12,10897,467,220,1864,1865,1863,308],"class_list":{"0":"post-602699","1":"post","2":"type-post","3":"status-publish","4":"format-standard","5":"has-post-thumbnail","7":"category-etats-unis","8":"tag-actualites","9":"tag-avoirs-russes","10":"tag-chine","11":"tag-crise","12":"tag-didier-testot","13":"tag-economie","14":"tag-etats-unis","15":"tag-etats-unis-damerique","16":"tag-europe","17":"tag-finance","18":"tag-gel","19":"tag-industrie","20":"tag-info-eco","21":"tag-news","22":"tag-sud-radio","23":"tag-trump","24":"tag-ukraine","25":"tag-united-states","26":"tag-united-states-of-america","27":"tag-us","28":"tag-usa"},"share_on_mastodon":{"url":"https:\/\/pubeurope.com\/@fr\/115728495904216316","error":""},"_links":{"self":[{"href":"https:\/\/www.europesays.com\/fr\/wp-json\/wp\/v2\/posts\/602699","targetHints":{"allow":["GET"]}}],"collection":[{"href":"https:\/\/www.europesays.com\/fr\/wp-json\/wp\/v2\/posts"}],"about":[{"href":"https:\/\/www.europesays.com\/fr\/wp-json\/wp\/v2\/types\/post"}],"author":[{"embeddable":true,"href":"https:\/\/www.europesays.com\/fr\/wp-json\/wp\/v2\/users\/2"}],"replies":[{"embeddable":true,"href":"https:\/\/www.europesays.com\/fr\/wp-json\/wp\/v2\/comments?post=602699"}],"version-history":[{"count":0,"href":"https:\/\/www.europesays.com\/fr\/wp-json\/wp\/v2\/posts\/602699\/revisions"}],"wp:featuredmedia":[{"embeddable":true,"href":"https:\/\/www.europesays.com\/fr\/wp-json\/wp\/v2\/media\/602700"}],"wp:attachment":[{"href":"https:\/\/www.europesays.com\/fr\/wp-json\/wp\/v2\/media?parent=602699"}],"wp:term":[{"taxonomy":"category","embeddable":true,"href":"https:\/\/www.europesays.com\/fr\/wp-json\/wp\/v2\/categories?post=602699"},{"taxonomy":"post_tag","embeddable":true,"href":"https:\/\/www.europesays.com\/fr\/wp-json\/wp\/v2\/tags?post=602699"}],"curies":[{"name":"wp","href":"https:\/\/api.w.org\/{rel}","templated":true}]}}