{"id":602711,"date":"2025-12-16T09:23:12","date_gmt":"2025-12-16T09:23:12","guid":{"rendered":"https:\/\/www.europesays.com\/fr\/602711\/"},"modified":"2025-12-16T09:23:12","modified_gmt":"2025-12-16T09:23:12","slug":"la-carte-des-blocages-en-france","status":"publish","type":"post","link":"https:\/\/www.europesays.com\/fr\/602711\/","title":{"rendered":"la carte des blocages en France"},"content":{"rendered":"<p>La mobilisation des agriculteurs continue. D\u00e9marr\u00e9e vendredi dernier dans le sud-ouest de la France, elle s\u2019est \u00e9tendue \u00e0 d\u2019autres coins du pays lundi et se poursuit ce mardi. Retrouvez sur la carte interactive ci-dessous les diff\u00e9rentes actions recens\u00e9es par La Tribune.<\/p>\n<p><strong>Derni\u00e8re mise \u00e0 jour\u00a0: 9\u00a0h\u00a057.<\/strong><\/p>\n<p>Les raisons de la col\u00e8re : la gestion du gouvernement de l\u2019\u00e9pid\u00e9mie de dermatose nodulaire contagieuse (DNC), maladie animale tr\u00e8s contagieuse, non transmissible \u00e0 l\u2019homme. Apr\u00e8s que la maladie a \u00e9t\u00e9 d\u00e9tect\u00e9e pour la premi\u00e8re fois dans l\u2019Hexagone le 29 juin 2025, 113 foyers ont \u00e9t\u00e9 enregistr\u00e9s, d\u2019apr\u00e8s le d\u00e9compte du minist\u00e8re de l\u2019Agriculture <a href=\"https:\/\/agriculture.gouv.fr\/dermatose-nodulaire-contagieuse-des-bovins-dnc-point-de-situation\" target=\"_blank\" rel=\"noopener\">sur son site Internet<\/a>.<\/p>\n<p><strong>Une gestion critiqu\u00e9e par les agriculteurs<\/strong>&#13;\n<\/p>\n<p>Le dernier cas en date a \u00e9t\u00e9 rep\u00e9r\u00e9 dimanche dans une petite ferme de l\u2019Aude. Les dix bovins du foyer ont tous \u00e9t\u00e9 euthanasi\u00e9s, comme le veut la strat\u00e9gie du minist\u00e8re de l\u2019Agriculture. La ministre Annie Genevard l\u2019a encore d\u00e9fendue lundi lors d\u2019un d\u00e9placement \u00e0 Toulouse. Elle soutient la politique d\u2019abattage syst\u00e9matique d\u2019un troupeau d\u00e8s la d\u00e9tection d\u2019un cas, coupl\u00e9e \u00e0 la vaccination et la restriction de mouvements, estimant que c\u2019est le seul moyen \u00e0 m\u00eame de venir \u00e0 bout de cette maladie.<\/p>\n<p>Un avis que ne partagent pas les \u00e9leveurs, bien d\u00e9cid\u00e9s \u00e0 le faire savoir. \u00c0 la pointe de la mobilisation, la Coordination rurale et la Conf\u00e9d\u00e9ration paysanne, deux syndicats d\u2019ordinaire plut\u00f4t oppos\u00e9s, convergent pour r\u00e9clamer la fin de l\u2019abattage syst\u00e9matique et l\u2019extension g\u00e9n\u00e9rale de la vaccination.<\/p>\n<p>Dans ce contexte de fortes tensions, le Premier ministre, S\u00e9bastien Lecornu, tiendra ce mardi \u00e0 10\u00a0h\u00a030 \u00e0 Matignon une r\u00e9union avec les ministres concern\u00e9s par cette crise.<\/p>\n","protected":false},"excerpt":{"rendered":"La mobilisation des agriculteurs continue. D\u00e9marr\u00e9e vendredi dernier dans le sud-ouest de la France, elle s\u2019est \u00e9tendue \u00e0&hellip;\n","protected":false},"author":2,"featured_media":602712,"comment_status":"","ping_status":"","sticky":false,"template":"","format":"standard","meta":{"footnotes":""},"categories":[4],"tags":[17,11,71532,11617,3254,33,15090,1011,27,12,25],"class_list":{"0":"post-602711","1":"post","2":"type-post","3":"status-publish","4":"format-standard","5":"has-post-thumbnail","7":"category-france","8":"tag-17","9":"tag-actualites","10":"tag-blocages","11":"tag-carte","12":"tag-colere","13":"tag-economie","14":"tag-eleveurs","15":"tag-fr","16":"tag-france","17":"tag-news","18":"tag-republique-francaise"},"share_on_mastodon":{"url":"https:\/\/pubeurope.com\/@fr\/115728521805684147","error":""},"_links":{"self":[{"href":"https:\/\/www.europesays.com\/fr\/wp-json\/wp\/v2\/posts\/602711","targetHints":{"allow":["GET"]}}],"collection":[{"href":"https:\/\/www.europesays.com\/fr\/wp-json\/wp\/v2\/posts"}],"about":[{"href":"https:\/\/www.europesays.com\/fr\/wp-json\/wp\/v2\/types\/post"}],"author":[{"embeddable":true,"href":"https:\/\/www.europesays.com\/fr\/wp-json\/wp\/v2\/users\/2"}],"replies":[{"embeddable":true,"href":"https:\/\/www.europesays.com\/fr\/wp-json\/wp\/v2\/comments?post=602711"}],"version-history":[{"count":0,"href":"https:\/\/www.europesays.com\/fr\/wp-json\/wp\/v2\/posts\/602711\/revisions"}],"wp:featuredmedia":[{"embeddable":true,"href":"https:\/\/www.europesays.com\/fr\/wp-json\/wp\/v2\/media\/602712"}],"wp:attachment":[{"href":"https:\/\/www.europesays.com\/fr\/wp-json\/wp\/v2\/media?parent=602711"}],"wp:term":[{"taxonomy":"category","embeddable":true,"href":"https:\/\/www.europesays.com\/fr\/wp-json\/wp\/v2\/categories?post=602711"},{"taxonomy":"post_tag","embeddable":true,"href":"https:\/\/www.europesays.com\/fr\/wp-json\/wp\/v2\/tags?post=602711"}],"curies":[{"name":"wp","href":"https:\/\/api.w.org\/{rel}","templated":true}]}}