{"id":602713,"date":"2025-12-16T09:26:12","date_gmt":"2025-12-16T09:26:12","guid":{"rendered":"https:\/\/www.europesays.com\/fr\/602713\/"},"modified":"2025-12-16T09:26:12","modified_gmt":"2025-12-16T09:26:12","slug":"le-xv-de-france-au-plus-haut-des-audiences-tele-en-2025","status":"publish","type":"post","link":"https:\/\/www.europesays.com\/fr\/602713\/","title":{"rendered":"le XV de France au plus haut des audiences t\u00e9l\u00e9 en 2025"},"content":{"rendered":"<p>\n    Les Bleus du rugby r\u00e9alisent la meilleure audience de l\u2019ann\u00e9e. Devant le sacre du PSG en Ligue des champions.<\/p>\n<p class=\"fig-paragraph\">Le sport, si souvent m\u00e9pris\u00e9 par les \u00e9lites, confirme une fois de plus sa popularit\u00e9. Apr\u00e8s une ann\u00e9e 2024 qui a vu\u00a0<a href=\"http:\/\/www.lefigaro.fr\/medias\/la-ceremonie-d-ouverture-des-jo-programme-le-plus-regarde-de-toute-l-histoire-de-la-television-francaise-20241229\" data-fig-type=\"NewsFlash\" data-gtm-custom-categorie=\"navigation\" data-gtm-custom-action=\"crossclick\" data-gtm-custom-label=\"Contextuel\" data-gtm-event=\"customEventSPE\" data-fig-domain=\"LEFIGARO\" target=\"_blank\" rel=\"noopener\">les Jeux olympiques de Paris tout emporter\u00a0<\/a>sur leur passage, rebelote. La meilleure audience tv en 2025\u00a0? Le match du XV de France contre l\u2019\u00c9cosse,\u00a0<a href=\"http:\/\/www.lefigaro.fr\/sports\/rugby\/6-nations\/six-nations-le-xv-de-france-remporte-le-tournoi-en-battant-l-ecosse-20250315\" data-fig-type=\"NewsFlash\" data-gtm-custom-categorie=\"navigation\" data-gtm-custom-action=\"crossclick\" data-gtm-custom-label=\"Contextuel\" data-gtm-event=\"customEventSPE\" data-fig-domain=\"LEFIGARO\" target=\"_blank\" rel=\"noopener\">synonyme de victoire dans le Tournoi des six nations<\/a>. Un jackpot pour France 2 avec 9 822 000 t\u00e9l\u00e9spectateurs devant leur petit \u00e9cran le 15 mars dernier.<\/p>\n<p class=\"fig-paragraph\">Le ballon ovale devance le rond puisque la deuxi\u00e8me meilleure audience de l\u2019ann\u00e9e \u00e9coul\u00e9e est le sacre du Paris Saint-Germain en Ligue des Champions. La rencontre contre l\u2019Inter Milan a \u00e9t\u00e9 regard\u00e9e sur M6 par 8 756 000 personnes le 31 mai. Pas trace, en revanche, dans ce Top 15 des audiences du moindre match des Bleus de Didier Deschamps&#8230;<\/p>\n<p>                                            <a class=\"fig-a11y-skip\" href=\"#fig-a11y-skip-main-inarticle\" data-module=\"a11y-skip\" data-context=\"was @visible\"><br \/>\n    Passer la publicit\u00e9<br \/>\n<\/a>            <\/p>\n<p>                                            Quatre matchs du XV de France dans le Top 15 des audiences<\/p>\n<p class=\"fig-paragraph\">La finale hommes de Roland-Garros entre l\u2019Espagnol Carlos Alcaraz et l\u2019Italien Jannik Sinner &#8211;\u00a0<a href=\"http:\/\/www.lefigaro.fr\/sports\/tennis\/roland-garros\/roland-garros-finale-record-la-surprise-boisson-le-chatrier-vide-les-coups-de-coeur-et-les-coups-de-griffe-20250609\" data-fig-type=\"NewsFlash\" data-gtm-custom-categorie=\"navigation\" data-gtm-custom-action=\"crossclick\" data-gtm-custom-label=\"Contextuel\" data-gtm-event=\"customEventSPE\" data-fig-domain=\"LEFIGARO\" target=\"_blank\" rel=\"noopener\">qui a battu un record de dur\u00e9e (5h29)<\/a>\u00a0&#8211; est, elle, en bonne place (9e audience de l\u2019ann\u00e9e) avec 7 056 000 t\u00e9l\u00e9spectateurs.<\/p>\n<p class=\"fig-body-link\">\n            \u00c0 lire aussi<br \/>\n        <a class=\"fig-body-link__link\" href=\"http:\/\/www.lefigaro.fr\/sports\/rugby\/audiences-le-xv-de-france-confirme-son-avance-sur-les-bleus-de-deschamps-20251114\" data-fig-type=\"NewsFlash\" data-gtm-custom-categorie=\"navigation\" data-gtm-custom-action=\"crossclick\" data-gtm-custom-label=\"Contextuel\" data-gtm-event=\"customEventSPE\" data-fig-domain=\"LEFIGARO\" target=\"_blank\" rel=\"noopener\"><\/p>\n<p>        Audiences\u00a0: le XV de France confirme son avance sur les Bleus de Deschamps<br \/>\n    <\/a>\n<\/p>\n<p class=\"fig-paragraph\">Mais c\u2019est bien le rugby qui remporte tous les suffrages en pla\u00e7ant quatre matches du XV de France dans le Top 15 des audiences 2025. Outre France-Ecosse, le crunch contre l\u2019Angleterre arrive en 4e position (8 106 000 t\u00e9l\u00e9spectateurs), France-Galles appara\u00eet en 13e position (6 774 000) juste devant Irlande-France (6 666 000).<\/p>\n<p class=\"fig-paragraph\">La preuve que XV de France de Fabien Galthi\u00e9 s\u00e9duit de plus en plus de monde. Et que le sport est une manne d\u2019audience pour le service public. Ce qui n\u2019emp\u00eache pas les dirigeants actuels de\u00a0<a href=\"https:\/\/actu.fr\/sports\/rugby\/tournoi-des-6-nations\/tournoi-des-6-nations-2026-des-matchs-du-xv-de-france-vendus-par-france-televisions-a-tf1-ou-m6_63530492.html\" target=\"_blank\" rel=\"sponsored noopener\" data-gtm-custom-categorie=\"navigation\" data-gtm-custom-action=\"crossclick\" data-gtm-custom-label=\"Contextuel\" data-gtm-event=\"customEventSPE\">France T\u00e9l\u00e9visions de r\u00e9fl\u00e9chir \u00e0 en r\u00e9duire la diffusion&#8230;<\/a><\/p>\n","protected":false},"excerpt":{"rendered":"Les Bleus du rugby r\u00e9alisent la meilleure audience de l\u2019ann\u00e9e. Devant le sacre du PSG en Ligue des&hellip;\n","protected":false},"author":2,"featured_media":602714,"comment_status":"","ping_status":"","sticky":false,"template":"","format":"standard","meta":{"footnotes":""},"categories":[1416],"tags":[2377,1011,27,93,4171,479,1468,60,513],"class_list":{"0":"post-602713","1":"post","2":"type-post","3":"status-publish","4":"format-standard","5":"has-post-thumbnail","7":"category-rugby","8":"tag-audiences-tv","9":"tag-fr","10":"tag-france","11":"tag-psg","12":"tag-roland-garros","13":"tag-rugby","14":"tag-rugby-football","15":"tag-sports","16":"tag-xv-de-france"},"share_on_mastodon":{"url":"https:\/\/pubeurope.com\/@fr\/115728533732225480","error":""},"_links":{"self":[{"href":"https:\/\/www.europesays.com\/fr\/wp-json\/wp\/v2\/posts\/602713","targetHints":{"allow":["GET"]}}],"collection":[{"href":"https:\/\/www.europesays.com\/fr\/wp-json\/wp\/v2\/posts"}],"about":[{"href":"https:\/\/www.europesays.com\/fr\/wp-json\/wp\/v2\/types\/post"}],"author":[{"embeddable":true,"href":"https:\/\/www.europesays.com\/fr\/wp-json\/wp\/v2\/users\/2"}],"replies":[{"embeddable":true,"href":"https:\/\/www.europesays.com\/fr\/wp-json\/wp\/v2\/comments?post=602713"}],"version-history":[{"count":0,"href":"https:\/\/www.europesays.com\/fr\/wp-json\/wp\/v2\/posts\/602713\/revisions"}],"wp:featuredmedia":[{"embeddable":true,"href":"https:\/\/www.europesays.com\/fr\/wp-json\/wp\/v2\/media\/602714"}],"wp:attachment":[{"href":"https:\/\/www.europesays.com\/fr\/wp-json\/wp\/v2\/media?parent=602713"}],"wp:term":[{"taxonomy":"category","embeddable":true,"href":"https:\/\/www.europesays.com\/fr\/wp-json\/wp\/v2\/categories?post=602713"},{"taxonomy":"post_tag","embeddable":true,"href":"https:\/\/www.europesays.com\/fr\/wp-json\/wp\/v2\/tags?post=602713"}],"curies":[{"name":"wp","href":"https:\/\/api.w.org\/{rel}","templated":true}]}}