{"id":602717,"date":"2025-12-16T09:31:19","date_gmt":"2025-12-16T09:31:19","guid":{"rendered":"https:\/\/www.europesays.com\/fr\/602717\/"},"modified":"2025-12-16T09:31:19","modified_gmt":"2025-12-16T09:31:19","slug":"cosnefroy-un-coureur-de-talent-incroyable-pour-gianetti-sports","status":"publish","type":"post","link":"https:\/\/www.europesays.com\/fr\/602717\/","title":{"rendered":"Cosnefroy, \u00ab\u00a0un coureur de talent incroyable\u00a0\u00bb pour Gianetti : Sports"},"content":{"rendered":"<p class=\"date\">\n                                                            Paul Rouget, Media365 : publi\u00e9 le mardi 16 d\u00e9cembre 2025 \u00e0 08h50\n                                                    <\/p>\n<p>Recrue d&rsquo;UAE Team Emirates &#8211; XRG, Beno\u00eet Cosnefroy\u00a0a d\u00e9j\u00e0 s\u00e9duit l&rsquo;\u00e9quipe de Tadej Pogacar, et son nouveau manager.<\/p>\n<p>Une nouvelle histoire. Apr\u00e8s avoir effectu\u00e9 toute sa carri\u00e8re professionnelle, d\u00e9but\u00e9e en 2017, chez AG2R, devenue Decathlon-AG2R La Mondiale, <a href=\"https:\/\/sports.orange.fr\/cyclisme\/article\/cosnefroy-je-vais-avoir-beaucoup-de-courses-cette-annee-CNT000002mbaG2.html\" target=\"_blank\" rel=\"noopener\">Beno\u00eet Cosnefroy (30 ans) a rejoint \u00ab\u00a0la meilleure \u00e9quipe au monde\u00a0\u00bb<\/a> en s&rsquo;engageant avec UAE Team Emirates &#8211; XRG, qui reste sur une saison 2025 tout bonnement exceptionnelle avec 97 victoires.<\/p>\n<p>Ravi d&rsquo;\u00e9pauler Tadej Pogacar, m\u00eame s&rsquo;il ne courra \u00ab\u00a0pas de grands tours et pas \u00e9norm\u00e9ment de courses\u00a0\u00bb avec le ma\u00eetre slov\u00e8ne, le Normand a d\u00e9j\u00e0 s\u00e9duit ses nouveaux co\u00e9quipiers et son nouveau manager, Mauro Gianetti, qui estime, dans un entretien \u00e0 Cyclism&rsquo;Actu que \u00ab\u00a0c&rsquo;est un coureur de talent incroyable.\u00a0\u00bb<\/p>\n<p>\u00ab\u00a0Une personne extraordinaire\u00a0\u00bb<\/p>\n<p>\u00ab\u00a0C&rsquo;est exactement le coureur qu&rsquo;il nous fallait, parce que c&rsquo;est un puncheur, une alternative. Tadej fait tout, mais s&rsquo;il n&rsquo;y a pas Tadej, on n&rsquo;a pas le vrai puncheur comme lui. Et lui, c&rsquo;est quelqu&rsquo;un qui peut vraiment faire beaucoup de choses dans n&rsquo;importe quelle course. Il a un niveau extraordinaire\u00a0\u00bb, poursuit l&rsquo;Italien.<\/p>\n<p>Avant d&rsquo;\u00e9voquer l&rsquo;int\u00e9gration express du Cherbourgeois\u00a0: \u00ab\u00a0Au bout de trois jours, on avait l&rsquo;impression qu&rsquo;il \u00e9tait toujours avec nous. C&rsquo;est un mec extraordinaire. Tout le monde est content qu&rsquo;il soit venu. Donc, j&rsquo;esp\u00e8re et je suis assez convaincu que c&rsquo;est un choix incroyable pour nous, parce qu&rsquo;on a une personnalit\u00e9, une personne extraordinaire, pas simplement un tr\u00e8s bon coureur. Et j&rsquo;ai l&rsquo;impression qu&rsquo;il est aussi bien int\u00e9gr\u00e9 dans l&rsquo;\u00e9quipe.\u00a0\u00bb<\/p>\n<p>Bien int\u00e9gr\u00e9, et ambitieux, <a href=\"https:\/\/sports.orange.fr\/cyclisme\/article\/le-nouveau-coequipier-francais-de-pogacar-s-attendait-aux-critiques-exclu-CNT000002lAA96.html\" target=\"_blank\" rel=\"noopener\">lui qui a \u00e9t\u00e9 critiqu\u00e9 par certains en raison de son choix<\/a>. \u00ab\u00a0Quand on rejoint la meilleure \u00e9quipe du monde, je pense qu&rsquo;on est oblig\u00e9 de recevoir quelques critiques. Mais ce que je retiens, c&rsquo;est toute la bienveillance et tous les jolis commentaires que j&rsquo;ai re\u00e7us. Beaucoup me soutiennent et m&rsquo;encouragent dans ce projet \u00bb, confiait-il \u00e0 Ouest-France le mois dernier.<\/p>\n","protected":false},"excerpt":{"rendered":"Paul Rouget, Media365 : publi\u00e9 le mardi 16 d\u00e9cembre 2025 \u00e0 08h50 Recrue d&rsquo;UAE Team Emirates &#8211; XRG,&hellip;\n","protected":false},"author":2,"featured_media":602718,"comment_status":"","ping_status":"","sticky":false,"template":"","format":"standard","meta":{"footnotes":""},"categories":[1411],"tags":[1154,207,1011,27,60],"class_list":{"0":"post-602717","1":"post","2":"type-post","3":"status-publish","4":"format-standard","5":"has-post-thumbnail","7":"category-cyclisme","8":"tag-cycling","9":"tag-cyclisme","10":"tag-fr","11":"tag-france","12":"tag-sports"},"share_on_mastodon":{"url":"https:\/\/pubeurope.com\/@fr\/115728553439705788","error":""},"_links":{"self":[{"href":"https:\/\/www.europesays.com\/fr\/wp-json\/wp\/v2\/posts\/602717","targetHints":{"allow":["GET"]}}],"collection":[{"href":"https:\/\/www.europesays.com\/fr\/wp-json\/wp\/v2\/posts"}],"about":[{"href":"https:\/\/www.europesays.com\/fr\/wp-json\/wp\/v2\/types\/post"}],"author":[{"embeddable":true,"href":"https:\/\/www.europesays.com\/fr\/wp-json\/wp\/v2\/users\/2"}],"replies":[{"embeddable":true,"href":"https:\/\/www.europesays.com\/fr\/wp-json\/wp\/v2\/comments?post=602717"}],"version-history":[{"count":0,"href":"https:\/\/www.europesays.com\/fr\/wp-json\/wp\/v2\/posts\/602717\/revisions"}],"wp:featuredmedia":[{"embeddable":true,"href":"https:\/\/www.europesays.com\/fr\/wp-json\/wp\/v2\/media\/602718"}],"wp:attachment":[{"href":"https:\/\/www.europesays.com\/fr\/wp-json\/wp\/v2\/media?parent=602717"}],"wp:term":[{"taxonomy":"category","embeddable":true,"href":"https:\/\/www.europesays.com\/fr\/wp-json\/wp\/v2\/categories?post=602717"},{"taxonomy":"post_tag","embeddable":true,"href":"https:\/\/www.europesays.com\/fr\/wp-json\/wp\/v2\/tags?post=602717"}],"curies":[{"name":"wp","href":"https:\/\/api.w.org\/{rel}","templated":true}]}}