{"id":602723,"date":"2025-12-16T09:34:26","date_gmt":"2025-12-16T09:34:26","guid":{"rendered":"https:\/\/www.europesays.com\/fr\/602723\/"},"modified":"2025-12-16T09:34:26","modified_gmt":"2025-12-16T09:34:26","slug":"la-derniere-fresque-du-street-atist-asu-voit-le-jour-a-chateauroux","status":"publish","type":"post","link":"https:\/\/www.europesays.com\/fr\/602723\/","title":{"rendered":"La derni\u00e8re fresque du street atist ASU voit le jour \u00e0 Ch\u00e2teauroux"},"content":{"rendered":"<p>Son dernier b\u00e9b\u00e9 a \u00e0 peine trois jours. Jimmy Alcal\u00e1, alias ASU, a pr\u00e9sent\u00e9 officiellement sa derni\u00e8re \u0153uvre, \u00ab\u00a0Fragments of Legacy\u00a0\u00bb, sur l\u2019un des murs de la salle Marcel-Cerdan, \u00e0 Ch\u00e2teauroux (Indre), lundi 15\u00a0d\u00e9cembre 2025. <a target=\"_blank\" href=\"https:\/\/www.lanouvellerepublique.fr\/indre\/a-chateauroux-le-street-artiste-asu-planche-sur-une-nouvelle-fresque-xxl-au-coeur-du-quartier-saint-jean-1763290148\" rel=\"noopener\">La fin d\u2019un travail de pr\u00e8s de deux mois pour l\u2019artiste franco-espagnol<\/a>. \u00ab\u00a0C\u2019est toujours \u00e9mouvant de terminer une fresque. Mais c\u2019est vrai que celle-ci a une saveur particuli\u00e8re, confie le street artist. Elle\u00a0s\u2019\u00e9tend sur 100\u00a0m2. Ce n\u2019est pas la plus grande \u00e0 proprement parler, mais la plus \u00e9tendue en termes de surface. C\u2019est aussi une des plus complexes et techniques que j\u2019ai r\u00e9alis\u00e9es.\u00a0\u00bb<\/p>\n<p>Il s\u2019agit de la troisi\u00e8me fresque d\u2019ASU \u00e0 Ch\u00e2teauroux, apr\u00e8s une premi\u00e8re sur <a target=\"_blank\" href=\"https:\/\/www.lanouvellerepublique.fr\/chateauroux\/a-chateauroux-jimmy-alcala-realise-une-immense-fresque\" rel=\"noopener\">le mur de l\u2019ancienne usine Harry\u2019s,<\/a> peinte au cours de l\u2019\u00e9t\u00e9 2024, ainsi qu\u2019une autre sur le mur du gymnase\u00a0Andr\u00e9-Modon, \u00e0 l\u2019automne dernier. \u00ab\u00a0Pour la fresque du gymnase, le th\u00e8me du sport m\u2019\u00e9tait demand\u00e9, explique l\u2019artiste. Mais pour celle-ci, sur la salle Marcel-Cerdan, j\u2019avais carte blanche&#8230;. <\/p>\n<p>    Cet article a \u00e9t\u00e9 tronqu\u00e9. Abonnez-vous pour lire l&rsquo;article complet sur notre site.<\/p>\n<p>\u00a0\u00bb<\/p>\n<p style=\"margin: 0 !important; padding: 0 !important; font-size: 12px !important;\">Cet article a \u00e9t\u00e9 tronqu\u00e9. Abonnez-vous pour lire l&rsquo;article complet.<\/p>\n<p>    <a href=\"https:\/\/www.lanouvellerepublique.fr\/abonnements\" style=\"display: inline-block; margin-top: 5px !important; padding: 6px 12px !important; background: #cb1c27; color: white; text-decoration: none; border-radius: 4px; font-size: 12px !important;\" target=\"_blank\" rel=\"noopener\"><br \/>\n      S&rsquo;abonner<br \/>\n    <\/a><\/p>\n","protected":false},"excerpt":{"rendered":"Son dernier b\u00e9b\u00e9 a \u00e0 peine trois jours. Jimmy Alcal\u00e1, alias ASU, a pr\u00e9sent\u00e9 officiellement sa derni\u00e8re \u0153uvre,&hellip;\n","protected":false},"author":2,"featured_media":602724,"comment_status":"","ping_status":"","sticky":false,"template":"","format":"standard","meta":{"footnotes":""},"categories":[1358],"tags":[1392,1348,1384,1385,4351,1386,58,59,1349,1011,27,5052,1393,602,1352],"class_list":{"0":"post-602723","1":"post","2":"type-post","3":"status-publish","4":"format-standard","5":"has-post-thumbnail","7":"category-arts-et-design","8":"tag-a-la-une-local","9":"tag-arts","10":"tag-arts-and-design","11":"tag-arts-et-design","12":"tag-chateauroux","13":"tag-design","14":"tag-divertissement","15":"tag-entertainment","16":"tag-expositions","17":"tag-fr","18":"tag-france","19":"tag-indre","20":"tag-loisirs","21":"tag-tourisme","22":"tag-urbanisme"},"share_on_mastodon":{"url":"https:\/\/pubeurope.com\/@fr\/115728565089410037","error":""},"_links":{"self":[{"href":"https:\/\/www.europesays.com\/fr\/wp-json\/wp\/v2\/posts\/602723","targetHints":{"allow":["GET"]}}],"collection":[{"href":"https:\/\/www.europesays.com\/fr\/wp-json\/wp\/v2\/posts"}],"about":[{"href":"https:\/\/www.europesays.com\/fr\/wp-json\/wp\/v2\/types\/post"}],"author":[{"embeddable":true,"href":"https:\/\/www.europesays.com\/fr\/wp-json\/wp\/v2\/users\/2"}],"replies":[{"embeddable":true,"href":"https:\/\/www.europesays.com\/fr\/wp-json\/wp\/v2\/comments?post=602723"}],"version-history":[{"count":0,"href":"https:\/\/www.europesays.com\/fr\/wp-json\/wp\/v2\/posts\/602723\/revisions"}],"wp:featuredmedia":[{"embeddable":true,"href":"https:\/\/www.europesays.com\/fr\/wp-json\/wp\/v2\/media\/602724"}],"wp:attachment":[{"href":"https:\/\/www.europesays.com\/fr\/wp-json\/wp\/v2\/media?parent=602723"}],"wp:term":[{"taxonomy":"category","embeddable":true,"href":"https:\/\/www.europesays.com\/fr\/wp-json\/wp\/v2\/categories?post=602723"},{"taxonomy":"post_tag","embeddable":true,"href":"https:\/\/www.europesays.com\/fr\/wp-json\/wp\/v2\/tags?post=602723"}],"curies":[{"name":"wp","href":"https:\/\/api.w.org\/{rel}","templated":true}]}}