{"id":602725,"date":"2025-12-16T09:36:18","date_gmt":"2025-12-16T09:36:18","guid":{"rendered":"https:\/\/www.europesays.com\/fr\/602725\/"},"modified":"2025-12-16T09:36:18","modified_gmt":"2025-12-16T09:36:18","slug":"avant-premiere-demain-nous-appartient-du-17-decembre-2025-episode-2097-tf1","status":"publish","type":"post","link":"https:\/\/www.europesays.com\/fr\/602725\/","title":{"rendered":"Avant-premi\u00e8re &#8211; Demain nous appartient du 17 d\u00e9cembre 2025 &#8211; Episode 2097 &#8211; TF1+"},"content":{"rendered":"<ol>\n<li><a href=\"https:\/\/news.google.com\/rss\/articles\/CBMi0wFBVV95cUxQbEYzTXgwQXBhMEJaTmhmMlJhRk1xZDFOc2wxRlpZM0RMOTZ5UmFOb3VZNWJVX0RDQnBfOERpOWFtNUZEMTNCd1BTREpEU3R1NEpjekREYVp2Y0ZzempRNXZuQXU0bFo5cTMxZ0htNEpBank1TWtmUnNHenJaQm5JbEJsMVB3V0JXRktuTFNtSFgtZ0hEenJRdGk0clQ0cUdWQVB4eFdyaERLS2p2YmJaOUlhSDI1bENWTlMzbEhmU0dLek5TbHhRQ3BBLUkxT2hsN25V?oc=5\" target=\"_blank\" rel=\"noopener\">Avant-premi\u00e8re &#8211; Demain nous appartient du 17 d\u00e9cembre 2025 &#8211; Episode 2097<\/a>&nbsp;&nbsp;TF1+<\/li>\n<li><a href=\"https:\/\/news.google.com\/rss\/articles\/CBMifkFVX3lxTE1Ddl84Qi1aVmx1dzVDLXJ4N0FjcFZNZ2xmSEhLRVlLcmNIbElRNmc5SlhPaDRvOHNZX1d3ZVJ6TVRsYWtJM3BWRWRRNHJyS3Rsd09wSHUyeFpqbXF2R3I2OU5SaFFTQzF4UjlDRmM5NlEtWTRNT29NZjhqSHVMUQ?oc=5\" target=\"_blank\" rel=\"noopener\">Demain nous appartient : \u00ab\u00a0\u00c7a va forc\u00e9ment cr\u00e9er des tensions\u00a0\u00bb&#8230; Charlotte Gaccio et Dimitri Fouque r\u00e9agissent \u00e0 la r\u00e9v\u00e9lation sur le p\u00e8re de Jack et Lizzie<\/a>&nbsp;&nbsp;AlloCin\u00e9<\/li>\n<li><a href=\"https:\/\/news.google.com\/rss\/articles\/CBMijgJBVV95cUxNTUtQbmY4a04wU2NyUzM2bWVLVHJzcGprbE40cV83YnN6SUVGZnlaTm1nd01leFNJSjZLejZpQW5sSkpwdWRPYzd1WFdyMW5vRWljdXlxdlR5TEhNdXotMVVRWTNXdnN2TWRhUUJuS0pyTUg3YnpkcDBjTmFjRVBmSmdkU3RNVnZrTWEtRVpHRmFyaldaWWNLSERJZTVvY0wtbkJ6S0xDOVZpYzdiMGcwUkZhb0NQSTJOWkpFUVR4cEpNSHVHOUI3Vk8zbVp0QWVOU1ZnMHEyTF9wa0xrdEpkai16RnZKV0Rua082aktMYWJBRmwtMUs0anAwSFoyZURGdUVCeTZ1SmROM0NOa0E?oc=5\" target=\"_blank\" rel=\"noopener\">Demain nous appartient (spoilers) : r\u00e9v\u00e9lation abracadabrantesque chez les Roussel, nouveau couple en vue&#8230; Ce qui vous attend du 15 au 19 d\u00e9cembre<\/a>&nbsp;&nbsp;T\u00e9l\u00e9 Star<\/li>\n<li><a href=\"https:\/\/news.google.com\/rss\/articles\/CBMiggFBVV95cUxOWnA3bk1Bd000OXByWl8weFJYZVI1SWlqRHNBMzNmaEpJTGN0dTVGT0h3bHkyUnRUcm1iQkI3NDgyV0tIazVIMXRIRjByTDIwcW5UZjJUV3lVbE9NV1NxMDB6VmZHRmowNW5lQm1yclA4Zkp5VVQ0SWJWWGJhcUZ5UV9B?oc=5\" target=\"_blank\" rel=\"noopener\">Demain nous appartient : Audrey a disparu ! Que va-t-il se passer dans les \u00e9pisodes de cette semaine sur TF1<\/a>&nbsp;&nbsp;Yahoo Actualit\u00e9s<\/li>\n<li><a href=\"https:\/\/news.google.com\/rss\/articles\/CBMi-AFBVV95cUxQTzQ3blVGaU9CT3BUeERsbW9SSHpZcV91dHo4TV85ajY4bFRuSmpLbmppTWFlT19kVkpQWmJTbFhNdWRlLXdsOHpfTkpTVnllU0ROYk1UQ3ZTZ056bEFYV1NYUVNQWldQRy0ySGZTRE1JRzQ0N1FTR0tvdGdvTk9iS1lfNnFUdlJuUzBqaUNxeHpNNUxvRnZqcVJYMW9NLUNoWDlYMzkxZTZvN0RJWVBqNTRmajN5b0JSOWpPVlBYd1djUU1sQWVVRlRuSlpRVmlVRk5qNVdxYmhQOUprSGxCelBlVnB5ZWNQNUJFaThyN2RBdFVldVpFNw?oc=5\" target=\"_blank\" rel=\"noopener\">Demain nous appartient : \u00ab\u00a0Votre p\u00e8re, ce n\u2019est pas Cl\u00e9ment&#8230;\u00a0\u00bb Le r\u00e9sum\u00e9 du 16 d\u00e9cembre (SPOILERS)<\/a>&nbsp;&nbsp;T\u00e9l\u00e9 7 Jours<\/li>\n<\/ol>\n","protected":false},"excerpt":{"rendered":"Avant-premi\u00e8re &#8211; Demain nous appartient du 17 d\u00e9cembre 2025 &#8211; Episode 2097&nbsp;&nbsp;TF1+ Demain nous appartient : \u00ab\u00a0\u00c7a va&hellip;\n","protected":false},"author":2,"featured_media":602726,"comment_status":"","ping_status":"","sticky":false,"template":"","format":"standard","meta":{"footnotes":""},"categories":[1356],"tags":[4090,43004,58,59,1365,4089,43003,41047,1011,27,43001,43011,43015,43002,43012,43016,43008,43007,43013,43014,43009,43010,252,1364,43005,43006],"class_list":{"0":"post-602725","1":"post","2":"type-post","3":"status-publish","4":"format-standard","5":"has-post-thumbnail","7":"category-television","8":"tag-demain-nous-appartient-episode","9":"tag-demain-nous-appartient-episode-tf1","10":"tag-divertissement","11":"tag-entertainment","12":"tag-episode","13":"tag-episode-demain-nous-appartient","14":"tag-episode-demain-nous-appartient-tf1","15":"tag-episode-tf1","16":"tag-fr","17":"tag-france","18":"tag-serie-demain-nous-appartient","19":"tag-serie-demain-nous-appartient-streaming","20":"tag-serie-demain-nous-appartient-streaming-gratuit","21":"tag-serie-demain-nous-appartient-tf1","22":"tag-serie-demain-nous-appartient-tf1-streaming","23":"tag-serie-demain-nous-appartient-tf1-streaming-gratuit","24":"tag-serie-demain-nous-appartient-tf1-video","25":"tag-serie-demain-nous-appartient-video","26":"tag-streaming-gratuit-serie-demain-nous-appartient","27":"tag-streaming-gratuit-serie-demain-nous-appartient-tf1","28":"tag-streaming-serie-demain-nous-appartient","29":"tag-streaming-serie-demain-nous-appartient-tf1","30":"tag-television","31":"tag-tv","32":"tag-video-serie-demain-nous-appartient","33":"tag-video-serie-demain-nous-appartient-tf1"},"share_on_mastodon":{"url":"","error":"Validation failed: Text character limit of 500 exceeded"},"_links":{"self":[{"href":"https:\/\/www.europesays.com\/fr\/wp-json\/wp\/v2\/posts\/602725","targetHints":{"allow":["GET"]}}],"collection":[{"href":"https:\/\/www.europesays.com\/fr\/wp-json\/wp\/v2\/posts"}],"about":[{"href":"https:\/\/www.europesays.com\/fr\/wp-json\/wp\/v2\/types\/post"}],"author":[{"embeddable":true,"href":"https:\/\/www.europesays.com\/fr\/wp-json\/wp\/v2\/users\/2"}],"replies":[{"embeddable":true,"href":"https:\/\/www.europesays.com\/fr\/wp-json\/wp\/v2\/comments?post=602725"}],"version-history":[{"count":0,"href":"https:\/\/www.europesays.com\/fr\/wp-json\/wp\/v2\/posts\/602725\/revisions"}],"wp:featuredmedia":[{"embeddable":true,"href":"https:\/\/www.europesays.com\/fr\/wp-json\/wp\/v2\/media\/602726"}],"wp:attachment":[{"href":"https:\/\/www.europesays.com\/fr\/wp-json\/wp\/v2\/media?parent=602725"}],"wp:term":[{"taxonomy":"category","embeddable":true,"href":"https:\/\/www.europesays.com\/fr\/wp-json\/wp\/v2\/categories?post=602725"},{"taxonomy":"post_tag","embeddable":true,"href":"https:\/\/www.europesays.com\/fr\/wp-json\/wp\/v2\/tags?post=602725"}],"curies":[{"name":"wp","href":"https:\/\/api.w.org\/{rel}","templated":true}]}}