{"id":602727,"date":"2025-12-16T09:37:14","date_gmt":"2025-12-16T09:37:14","guid":{"rendered":"https:\/\/www.europesays.com\/fr\/602727\/"},"modified":"2025-12-16T09:37:14","modified_gmt":"2025-12-16T09:37:14","slug":"je-trouve-que","status":"publish","type":"post","link":"https:\/\/www.europesays.com\/fr\/602727\/","title":{"rendered":"\u00ab Je trouve que&#8230; \u00bb"},"content":{"rendered":"<p>Ce lundi 15 d\u00e9cembre, CStar diffusait le documentaire Diam\u2019s :<br \/>\nDe la lumi\u00e8re \u00e0 l\u2019ombre, un programme qui replonge dans le<br \/>\nparcours hors normes de l\u2019une des figures les plus marquantes du<br \/>\nrap fran\u00e7ais. Ic\u00f4ne adul\u00e9e des ann\u00e9es 2000, Diam\u2019s a connu<br \/>\n<strong>un succ\u00e8s fulgurant avant de tout quitter.<\/strong> Gloire<br \/>\n\u00e9touffante, d\u00e9pression, solitude, d\u00e9sillusion\u2026 M\u00e9lanie Giorgad\u00e8s a<br \/>\ntravers\u00e9 une p\u00e9riode sombre avant de se reconstruire loin des<br \/>\nprojecteurs, en trouvant refuge dans la religion. Un choix radical,<br \/>\n<a href=\"https:\/\/www.melty.fr\/people\/belphegor-rentre-chez-toi-voilee-diams-face-aux-critiques-les-plus-virulentes-2282860.html\" target=\"_blank\" rel=\"noopener\"><br \/>\nsouvent comment\u00e9 et parfois incompris.<\/a> D\u2019ailleurs, pr\u00e8s de<br \/>\nvingt ans plus tard, cela continue de <strong>susciter beaucoup de<br \/>\nr\u00e9actions.<\/strong> \u00c0 travers des images d\u2019archives rares, des<br \/>\nclips cultes et de nombreux t\u00e9moignages, le documentaire rappelle \u00e0<br \/>\nquel point Diam\u2019s a marqu\u00e9 toute une g\u00e9n\u00e9ration. Des titres comme<br \/>\nLa boulette, Jeune demoiselle, Confessions nocturnes ou<br \/>\nencore Me revoil\u00e0 <strong>sont encore cultes<br \/>\n!<\/strong><\/p>\n<p>Cette star se confie sur Diam\u2019s : un lien fort qui dure malgr\u00e9<br \/>\nles ann\u00e9es<\/p>\n<p>Parmi celles qui n\u2019ont jamais cess\u00e9 de parler d\u2019elle avec<br \/>\n\u00e9motion, on retrouve Vitaa. Les deux artistes se sont rencontr\u00e9es \u00e0<br \/>\nune \u00e9poque o\u00f9 Vitaa <a href=\"https:\/\/www.melty.fr\/people\/vitaa-se-confie-sur-sa-relation-avec-diams-comme-des-soeurs-1373587.html\" target=\"_blank\" rel=\"noopener\"><br \/>\npeinait \u00e0 se faire une place dans l\u2019industrie.<\/a> Invit\u00e9e<br \/>\nr\u00e9cemment dans l\u2019\u00e9mission Legend, la chanteuse est revenue sur ce<br \/>\nlien tr\u00e8s fort qui les unit encore aujourd\u2019hui. \u00ab Elle me<br \/>\nconnaissait alors que <strong>je n\u2019avais presque rien fait<br \/>\n\u00bb<\/strong><strong>,<\/strong> raconte-t-elle.<\/p>\n<p>\u00c0 l\u2019\u00e9poque, Diam\u2019s croit dur comme fer en elle, au point de<br \/>\n<strong>lui promettre de cr\u00e9er un label<\/strong> si aucune porte ne<br \/>\ns\u2019ouvrait. Une promesse tenue. Leur duo Confessions<br \/>\nnocturnes, sorti en 2006, propulse Vitaa sur le devant de la<br \/>\nsc\u00e8ne et lui permet d\u2019entamer une tourn\u00e9e des Z\u00e9niths. Une p\u00e9riode<br \/>\nqui a tout chang\u00e9 pour la chanteuse, qui ne manque jamais<br \/>\n<strong>une occasion de rendre hommage<\/strong> \u00e0 celle qu\u2019elle<br \/>\nconsid\u00e8re comme sa \u00ab grande s\u0153ur \u00bb.<\/p>\n<p>\u00ab Je pense qu\u2019on n\u2019a pas fait mieux \u00bb : G\u00e9rard Darmon cash sur<br \/>\nla rappeuse<\/p>\n<p>Pourtant, malgr\u00e9 ce succ\u00e8s immense, Diam\u2019s d\u00e9cide<br \/>\npourtant de mettre un terme \u00e0 sa carri\u00e8re. Un choix difficile, mais<br \/>\nn\u00e9cessaire. Selon plusieurs proches, dont Vitaa, elle n\u2019a jamais<br \/>\n\u00e9t\u00e9 aussi heureuse que depuis qu\u2019elle a quitt\u00e9 l\u2019industrie<br \/>\nmusicale. <strong>\u00ab Elle a trouv\u00e9 la paix \u00bb,<\/strong><br \/>\nassure-t-on. Aucun retour sur sc\u00e8ne n\u2019est envisag\u00e9, et<br \/>\nl\u2019ex-rappeuse assume pleinement cette nouvelle vie, loin du bruit<br \/>\net <strong>de la pression m\u00e9diatique.<\/strong><\/p>\n<p>Si Diam\u2019s s\u2019exprime tr\u00e8s peu, certaines personnalit\u00e9s continuent<br \/>\nde prendre la parole \u00e0 son sujet. C\u2019est le cas de G\u00e9rard Darmon,<br \/>\nqui avait livr\u00e9 un avis tr\u00e8s clair en 2022 sur RTL. L\u2019acteur<br \/>\nfranco-marocain, connu pour son franc-parler, <strong>n\u2019avait pas<br \/>\nm\u00e2ch\u00e9 ses mots.<\/strong> \u00ab J\u2019adore Diam\u2019s ! Je pense qu\u2019on n\u2019a<br \/>\npas fait mieux que \u00e7a \u00bb, avait-il d\u00e9clar\u00e9. Avant d\u2019ajouter,<br \/>\navec une sinc\u00e9rit\u00e9 d\u00e9sarmante : \u00ab Je trouve que si vous \u00e9coutez<br \/>\nce qu\u2019elle raconte, <strong>c\u2019est magnifique \u00bb.<\/strong><\/p>\n<p>\u00ab Elle continue d\u2019\u00e9crire \u00bb : la<br \/>\nnouvelle vie de Diam\u2019s<\/p>\n<p>M\u00eame son de cloche du c\u00f4t\u00e9 de Melha Bedia, qui n\u2019a<br \/>\njamais oubli\u00e9 le r\u00f4le d\u00e9terminant de la rappeuse dans son parcours.<br \/>\nDans une interview accord\u00e9e \u00e0 T\u00e9l\u00e9 Star, l\u2019humoriste<br \/>\nexpliquait que Diam\u2019s l\u2019avait pouss\u00e9e sur sc\u00e8ne en premi\u00e8re partie<br \/>\npour faire ses premiers sketchs. <strong>\u00ab C\u2019est vraiment elle<br \/>\nqui m\u2019a lanc\u00e9e \u00bb<\/strong><strong>,<\/strong> confiait-elle avec<br \/>\nreconnaissance. Melha Bedia a \u00e9galement tenu \u00e0 rassurer sur l\u2019\u00e9tat<br \/>\nde sant\u00e9 et le bien-\u00eatre de Diam\u2019s. Aujourd\u2019hui m\u00e8re de trois<br \/>\nenfants \u2014 Maryam, Abraham et Luqman \u2014, elle m\u00e8ne une vie paisible,<br \/>\nloin de toute agitation. \u00ab Elle va tr\u00e8s bien. Elle continue<br \/>\nd\u2019\u00e9crire, elle a publi\u00e9 deux livres, <strong>elle fait plein de<br \/>\nchoses \u00bb<\/strong><strong>,<\/strong> assure-t-elle. Une vie<br \/>\nsimple, mais \u00e9panouie, qui correspond parfaitement \u00e0 ses choix.<\/p>\n<p>Si son revirement a pu diviser, Diam\u2019s n\u2019a <strong>jamais crach\u00e9<br \/>\ndans la soupe.<\/strong> Elle l\u2019a d\u2019ailleurs souvent expliqu\u00e9 :<br \/>\nc\u2019est pr\u00e9cis\u00e9ment ce parcours particulier qui l\u2019a men\u00e9e \u00e0 la femme<br \/>\nqu\u2019elle est aujourd\u2019hui. Pour les fans toutefois, l\u2019arr\u00eat de<br \/>\ncarri\u00e8re de la rappeuse <strong>reste difficile \u00e0<br \/>\naccepter.<\/strong> D\u2019ailleurs, vingt ans plus tard, aucune rappeuse<br \/>\nn\u2019a atteint un niveau de popularit\u00e9 comparable en France.<\/p>\n","protected":false},"excerpt":{"rendered":"Ce lundi 15 d\u00e9cembre, CStar diffusait le documentaire Diam\u2019s : De la lumi\u00e8re \u00e0 l\u2019ombre, un programme qui&hellip;\n","protected":false},"author":2,"featured_media":602728,"comment_status":"","ping_status":"","sticky":false,"template":"","format":"standard","meta":{"footnotes":""},"categories":[1355],"tags":[3645,58,59,1011,27,7845,1361,873,65861],"class_list":{"0":"post-602727","1":"post","2":"type-post","3":"status-publish","4":"format-standard","5":"has-post-thumbnail","7":"category-musique","8":"tag-diams","9":"tag-divertissement","10":"tag-entertainment","11":"tag-fr","12":"tag-france","13":"tag-gerard-darmon","14":"tag-music","15":"tag-musique","16":"tag-trend"},"share_on_mastodon":{"url":"https:\/\/pubeurope.com\/@fr\/115728576988210477","error":""},"_links":{"self":[{"href":"https:\/\/www.europesays.com\/fr\/wp-json\/wp\/v2\/posts\/602727","targetHints":{"allow":["GET"]}}],"collection":[{"href":"https:\/\/www.europesays.com\/fr\/wp-json\/wp\/v2\/posts"}],"about":[{"href":"https:\/\/www.europesays.com\/fr\/wp-json\/wp\/v2\/types\/post"}],"author":[{"embeddable":true,"href":"https:\/\/www.europesays.com\/fr\/wp-json\/wp\/v2\/users\/2"}],"replies":[{"embeddable":true,"href":"https:\/\/www.europesays.com\/fr\/wp-json\/wp\/v2\/comments?post=602727"}],"version-history":[{"count":0,"href":"https:\/\/www.europesays.com\/fr\/wp-json\/wp\/v2\/posts\/602727\/revisions"}],"wp:featuredmedia":[{"embeddable":true,"href":"https:\/\/www.europesays.com\/fr\/wp-json\/wp\/v2\/media\/602728"}],"wp:attachment":[{"href":"https:\/\/www.europesays.com\/fr\/wp-json\/wp\/v2\/media?parent=602727"}],"wp:term":[{"taxonomy":"category","embeddable":true,"href":"https:\/\/www.europesays.com\/fr\/wp-json\/wp\/v2\/categories?post=602727"},{"taxonomy":"post_tag","embeddable":true,"href":"https:\/\/www.europesays.com\/fr\/wp-json\/wp\/v2\/tags?post=602727"}],"curies":[{"name":"wp","href":"https:\/\/api.w.org\/{rel}","templated":true}]}}