{"id":602731,"date":"2025-12-16T09:39:11","date_gmt":"2025-12-16T09:39:11","guid":{"rendered":"https:\/\/www.europesays.com\/fr\/602731\/"},"modified":"2025-12-16T09:39:11","modified_gmt":"2025-12-16T09:39:11","slug":"les-cabines-de-bronzage-augmentent-le-taux-de-mutations-dans-les-cellules-de-la-peau","status":"publish","type":"post","link":"https:\/\/www.europesays.com\/fr\/602731\/","title":{"rendered":"les cabines de bronzage augmentent le taux de mutations dans les cellules de la peau"},"content":{"rendered":"<p>    L\u2019exposition \u00e0 l\u2019ensemble du spectre UV est class\u00e9e comme canc\u00e9rog\u00e8ne pour l\u2019homme du groupe 1, au m\u00eame titre que l\u2019amiante ou la fum\u00e9e de cigarette.<br \/>\n                Jens Brueggemann aka Ikonoklast \/ ikonoklast_hh &#8211; stock.adobe.com<\/p>\n<p>\n    Les utilisateurs de cabines de bronzage sont aussi plus \u00e0 risque de pr\u00e9senter des m\u00e9lanomes sur des zones du corps habituellement peu expos\u00e9es au soleil, comme les fesses.<\/p>\n<p class=\"fig-paragraph\">Les diagnostics\u00a0<a href=\"https:\/\/sante.lefigaro.fr\/sante\/maladie\/melanome\/quest-ce-que-cest\" target=\"_blank\" data-fig-type=\"Keyword\" rel=\"sponsored noopener\" data-gtm-custom-categorie=\"navigation\" data-gtm-custom-action=\"crossclick\" data-gtm-custom-label=\"Contextuel\" data-gtm-event=\"customEventSPE\" data-fig-domain=\"SANTE\">de m\u00e9lanome<\/a>, le plus grave des cancers de la peau, ont fortement augment\u00e9 depuis quarante ans. \u00ab\u00a0Cette hausse a touch\u00e9 de mani\u00e8re disproportionn\u00e9e les jeunes femmes, les principales clientes de l\u2019industrie du bronzage\u00a0\u00bb, rel\u00e8vent des scientifiques am\u00e9ricains dans une \u00e9tude montrant \u00e0 nouveau le danger des cabines de bronzage. Ces chercheurs \u00e0 l\u2019universit\u00e9 Northwestern de Chicago et \u00e0 l\u2019universit\u00e9 de Californie, \u00e0 San Francisco, ont consult\u00e9 les dossiers m\u00e9dicaux de quelque 6000 patients suivis dans un service de dermatologie, dont la moiti\u00e9 a d\u00e9clar\u00e9 avoir eu recours aux bancs solaires. Les chercheurs publient leurs conclusions dans la revue Science Advances vendredi.<\/p>\n<p>                                                                                            Zones peu expos\u00e9es au soleil<\/p>\n<p class=\"fig-paragraph\">L\u2019\u00e9tude confirme que l\u2019exposition \u00e0 des\u00a0<a href=\"https:\/\/sante.lefigaro.fr\/article\/le-bronzage-artificiel-cause-380-melanomes-chaque-annee\" target=\"_blank\" data-fig-type=\"Article\" rel=\"sponsored noopener\" data-gtm-custom-categorie=\"navigation\" data-gtm-custom-action=\"crossclick\" data-gtm-custom-label=\"Contextuel\" data-gtm-event=\"customEventSPE\" data-fig-domain=\"SANTE\">UV artificiels<\/a>\u00a0est associ\u00e9e \u00e0 un risque accru de m\u00e9lanome, et que ce risque augmente avec le nombre d\u2019expositions. Mais les chercheurs constatent aussi que les utilisateurs de cabines de bronzage sont plus susceptibles de pr\u00e9senter des m\u00e9lanomes multiples et que les\u2026<\/p>\n<p class=\"fig-premium-paywall__infos\">\n        Cet article est r\u00e9serv\u00e9 aux abonn\u00e9s.        Il vous reste 76% \u00e0 d\u00e9couvrir.\n    <\/p>\n<p>                <img  data- alt=\"Le Figaro\" class=\"fig-img--complete fig-img\"\/><\/p>\n<p class=\"fig-premium-paywall__title\">Vente Flash<\/p>\n<p class=\"fig-premium-paywall__subtitle\">-50% sur l&rsquo;abonnement num\u00e9rique<\/p>\n<p class=\"fig-premium-paywall__connect\">\n                D\u00e9j\u00e0 abonn\u00e9\u00a0?                <a class=\"fig-premium-paywall__connect-link\" href=\"https:\/\/connect.lefigaro.fr\/login?client=sante_web&amp;type=main&amp;redirect_uri=https%3A%2F%2Fsante.lefigaro.fr%2Fsocial%2Fsante-publique%2Fcancer-les-cabines-de-bronzage-augmentent-le-taux-de-mutations-dans-les-cellules-de-la-peau-20251216\" data-js-gtm=\"{&quot;customCategorie&quot;: &quot;conversion&quot;, &quot;customAction&quot;: &quot;before_Landing_Connexion_paywall_auto&quot;, &quot;customLabel&quot;: &quot;c2FudGUubGVmaWdhcm8uZnJfXzFmMGQ5OTQ3LTllMjYtNmQxMi05NWI2LTAzYzc0NDk4ZTk0Nl9fQXJ0aWNsZQ==_Cancer: les cabines de bronzage augmentent le taux de mutations dans les cellules de la peau_303&quot;, &quot;customIDSPE&quot;: &quot;c2FudGUubGVmaWdhcm8uZnJfXzFmMGQ5OTQ3LTllMjYtNmQxMi05NWI2LTAzYzc0NDk4ZTk0Nl9fQXJ0aWNsZQ==&quot;, &quot;event&quot;: &quot;customEventSPE&quot;}\" target=\"_blank\" rel=\"noopener\"><br \/>\n                    Connectez-vous<br \/>\n                <\/a>\n            <\/p>\n","protected":false},"excerpt":{"rendered":"L\u2019exposition \u00e0 l\u2019ensemble du spectre UV est class\u00e9e comme canc\u00e9rog\u00e8ne pour l\u2019homme du groupe 1, au m\u00eame titre&hellip;\n","protected":false},"author":2,"featured_media":602732,"comment_status":"","ping_status":"","sticky":false,"template":"","format":"standard","meta":{"footnotes":""},"categories":[10],"tags":[37456,1011,27,72,23496,37455,71],"class_list":{"0":"post-602731","1":"post","2":"type-post","3":"status-publish","4":"format-standard","5":"has-post-thumbnail","7":"category-sante","8":"tag-dermatologie","9":"tag-fr","10":"tag-france","11":"tag-health","12":"tag-melanome","13":"tag-peau-et-soleil","14":"tag-sante"},"share_on_mastodon":{"url":"https:\/\/pubeurope.com\/@fr\/115728585178466989","error":""},"_links":{"self":[{"href":"https:\/\/www.europesays.com\/fr\/wp-json\/wp\/v2\/posts\/602731","targetHints":{"allow":["GET"]}}],"collection":[{"href":"https:\/\/www.europesays.com\/fr\/wp-json\/wp\/v2\/posts"}],"about":[{"href":"https:\/\/www.europesays.com\/fr\/wp-json\/wp\/v2\/types\/post"}],"author":[{"embeddable":true,"href":"https:\/\/www.europesays.com\/fr\/wp-json\/wp\/v2\/users\/2"}],"replies":[{"embeddable":true,"href":"https:\/\/www.europesays.com\/fr\/wp-json\/wp\/v2\/comments?post=602731"}],"version-history":[{"count":0,"href":"https:\/\/www.europesays.com\/fr\/wp-json\/wp\/v2\/posts\/602731\/revisions"}],"wp:featuredmedia":[{"embeddable":true,"href":"https:\/\/www.europesays.com\/fr\/wp-json\/wp\/v2\/media\/602732"}],"wp:attachment":[{"href":"https:\/\/www.europesays.com\/fr\/wp-json\/wp\/v2\/media?parent=602731"}],"wp:term":[{"taxonomy":"category","embeddable":true,"href":"https:\/\/www.europesays.com\/fr\/wp-json\/wp\/v2\/categories?post=602731"},{"taxonomy":"post_tag","embeddable":true,"href":"https:\/\/www.europesays.com\/fr\/wp-json\/wp\/v2\/tags?post=602731"}],"curies":[{"name":"wp","href":"https:\/\/api.w.org\/{rel}","templated":true}]}}