{"id":602735,"date":"2025-12-16T09:41:11","date_gmt":"2025-12-16T09:41:11","guid":{"rendered":"https:\/\/www.europesays.com\/fr\/602735\/"},"modified":"2025-12-16T09:41:11","modified_gmt":"2025-12-16T09:41:11","slug":"des-cheveux-de-johnny-hallyday-adjuges-a-prix-record-aux-encheres-8-ans-apres-sa-mort","status":"publish","type":"post","link":"https:\/\/www.europesays.com\/fr\/602735\/","title":{"rendered":"Des cheveux de Johnny Hallyday adjug\u00e9s \u00e0 prix record aux ench\u00e8res, 8 ans apr\u00e8s sa mort"},"content":{"rendered":"<p>8 ans apr\u00e8s sa mort, une m\u00e8che de Johnny Hallyday s\u2019arrache aux<br \/>\nench\u00e8res \u00e0 un prix inattendu<\/p>\n<p>Huit ans apr\u00e8s sa disparition, l\u2019aura de Johnny Hallyday<br \/>\ncontinue d\u2019aimanter collectionneurs et fans. \u00c0 Paris, la vente<br \/>\nd\u00e9di\u00e9e \u00e0 la \u00ab\u00a0Chanson fran\u00e7aise et internationale\u00a0\u00bb orchestr\u00e9e par la<br \/>\nmaison <strong>Coutau-B\u00e9garie<\/strong> a r\u00e9uni badauds et<br \/>\nconnaisseurs \u00e0 l\u2019<strong>H\u00f4tel Drouot<\/strong>. Au c\u0153ur des<br \/>\ncuriosit\u00e9s, deux souvenirs de sc\u00e8ne rarissimes ont raviv\u00e9 la<br \/>\nferveur autour de \u00ab\u00a0l\u2019idole des jeunes\u00a0\u00bb. L\u2019expert du jour, Fabien<br \/>\nLecoeuvre, sp\u00e9cialiste de la chanson francophone, accompagnait<br \/>\ncette adjudication tr\u00e8s suivie.<\/p>\n<p>Il s\u2019agit de deux peignes utilis\u00e9s par Johnny et lanc\u00e9s dans le<br \/>\npublic en 1976. Selon le descriptif de la vente, ils avaient \u00e9t\u00e9<br \/>\n\u00ab\u00a0jet\u00e9s par le rocker dans la salle, lors de ses concerts au Palais<br \/>\ndes Sports de Paris\u00a0\u00bb, a rappel\u00e9 la maison d\u2019ench\u00e8res<br \/>\nCoutau-B\u00e9garie, cit\u00e9e par Le Figaro (AFP). Des \u00ab\u00a0quelques cheveux\u00a0\u00bb<br \/>\nde la star y \u00e9taient encore accroch\u00e9s, d\u00e9tail qui a attis\u00e9 toutes<br \/>\nles convoitises. Le prix, lui, a surpris la salle.<\/p>\n<p>Deux peignes, quelques cheveux : le prix s\u2019envole<\/p>\n<p>Adjug\u00e9s samedi 22 novembre \u00e0 Paris, les deux peignes ont atteint<br \/>\n<strong>780 euros<\/strong> frais compris, bien au-dessus de<br \/>\nl\u2019estimation initiale de 250 \u00e0 300 euros. Un r\u00e9sultat qui acte un<br \/>\nrecord par rapport \u00e0 leur estimation affich\u00e9e, signe de l\u2019attrait<br \/>\nintact pour des objets de sc\u00e8ne, m\u00eame minuscules, d\u00e8s lors qu\u2019ils<br \/>\nportent la trace du \u00ab\u00a0Taulier\u00a0\u00bb. L\u2019acqu\u00e9reur n\u2019a pas \u00e9t\u00e9 identifi\u00e9<br \/>\npubliquement.<\/p>\n<p>Face \u00e0 Johnny, Claude Fran\u00e7ois a jou\u00e9 les trouble-f\u00eates avec une<br \/>\nrelique tout aussi intime : \u00ab\u00a0quelques cheveux\u00a0\u00bb \u00ab\u00a0r\u00e9cup\u00e9r\u00e9s sur la<br \/>\nbrosse utilis\u00e9e uniquement\u00a0\u00bb pour lui, \u00ab\u00a0par son coiffeur, en f\u00e9vrier<br \/>\n1976\u00a0\u00bb. Ce lot a \u00e9galement \u00e9t\u00e9 adjug\u00e9 780 euros, mais en de\u00e7\u00e0 de son<br \/>\nestimation comprise entre 1 000 et 1 200 euros (hors frais). Match<br \/>\nsymbolique, donc, mais dynamiques oppos\u00e9es par rapport aux attentes<br \/>\ndes experts.<\/p>\n<p>Johnny, star des ventes : objets et chiffres qui parlent<\/p>\n<p>Plus de la moiti\u00e9 des quelque 400 lots pr\u00e9sent\u00e9s avaient<br \/>\nappartenu \u00e0 Johnny Hallyday ou entretenaient un lien direct avec<br \/>\nlui. Une veste de l\u2019arm\u00e9e remise pour son service militaire en 1964<br \/>\na trouv\u00e9 preneur pour 2 600 euros frais compris. On croisait aussi<br \/>\ndes \u00e9tuis \u00e0 cigarettes, des valises, des v\u00eatements, des briquets,<br \/>\net m\u00eame un t\u00e9l\u00e9phone qui tr\u00f4nait dans la chambre du premier \u00e9tage<br \/>\nde son appartement parisien.<\/p>\n<p>Le reste du catalogue racontait, lui aussi, une part de la<br \/>\nchanson fran\u00e7aise. Un agenda trimestriel utilis\u00e9 par Serge<br \/>\nGainsbourg en 1961 a \u00e9t\u00e9 adjug\u00e9 5 070 euros, quand un troph\u00e9e remis<br \/>\nen 1974 \u00e0 Mike Brant a atteint 15 210 euros. De quoi rappeler que<br \/>\nce march\u00e9 des reliques m\u00eale souvenirs intimes et objets de travail,<br \/>\navec des trajectoires de prix parfois impr\u00e9visibles.<\/p>\n<p>Pourquoi les cheveux de Johnny Hallyday<br \/>\nattirent-ils autant ?<\/p>\n<p>Parce que ces traces infimes prolongent le culte autour d\u2019un<br \/>\nmythe, tout simplement. Johnny Hallyday reste un rep\u00e8re<br \/>\ng\u00e9n\u00e9rationnel ; chaque objet qui raconte la sc\u00e8ne ou la vie priv\u00e9e<br \/>\nrallume la m\u00e9moire collective. Voir ces peignes d\u00e9passer largement<br \/>\nleur estimation conforte cette fid\u00e9lit\u00e9 du public, huit ans apr\u00e8s<br \/>\nsa mort le 5 d\u00e9cembre 2017. Pour des fans, acheter, c\u2019est conserver<br \/>\nun fragment du mythe.<\/p>\n<p>L\u2019actualit\u00e9 discographique nourrit aussi ce regain d\u2019attention.<br \/>\nLe 5 d\u00e9cembre, Universal publie la r\u00e9\u00e9dition de l\u2019album<br \/>\nRock\u2019n\u2019roll attitude, quaranti\u00e8me anniversaire oblige,<br \/>\navec une chanson in\u00e9dite de la m\u00eame p\u00e9riode et plusieurs formats<br \/>\n(deux \u00e9ditions CD, trois \u00e9ditions double vinyle \u00e0 tirage limit\u00e9).<br \/>\nEt le 19 d\u00e9cembre, une \u00e9dition collector limit\u00e9e \u00e0 2 000<br \/>\nexemplaires est annonc\u00e9e, comprenant Blu-ray audio, DVD d\u2019archives<br \/>\net un livret r\u00e9dig\u00e9 par l\u2019\u00e9crivain Nicolas Mathieu. Les<br \/>\n<strong>cheveux de Johnny Hallyday vendus aux ench\u00e8res<\/strong> ne<br \/>\nsont qu\u2019un \u00e9cho de cette pr\u00e9sence continue.<\/p>\n","protected":false},"excerpt":{"rendered":"8 ans apr\u00e8s sa mort, une m\u00e8che de Johnny Hallyday s\u2019arrache aux ench\u00e8res \u00e0 un prix inattendu Huit&hellip;\n","protected":false},"author":2,"featured_media":602736,"comment_status":"","ping_status":"","sticky":false,"template":"","format":"standard","meta":{"footnotes":""},"categories":[8],"tags":[15765,13041,71533,1764,150,1007,11288,1805,154,58,13677,59,1011,27,70997,7093,18,2141,3241,10649],"class_list":{"0":"post-602735","1":"post","2":"type-post","3":"status-publish","4":"format-standard","5":"has-post-thumbnail","7":"category-divertissement","8":"tag-15765","9":"tag-a","10":"tag-adjuges","11":"tag-ans","12":"tag-apres","13":"tag-aux","14":"tag-cheveux","15":"tag-de","16":"tag-des","17":"tag-divertissement","18":"tag-encheres","19":"tag-entertainment","20":"tag-fr","21":"tag-france","22":"tag-hallyday","23":"tag-johnny","24":"tag-mort","25":"tag-prix","26":"tag-record","27":"tag-sa"},"share_on_mastodon":{"url":"https:\/\/pubeurope.com\/@fr\/115728592838651870","error":""},"_links":{"self":[{"href":"https:\/\/www.europesays.com\/fr\/wp-json\/wp\/v2\/posts\/602735","targetHints":{"allow":["GET"]}}],"collection":[{"href":"https:\/\/www.europesays.com\/fr\/wp-json\/wp\/v2\/posts"}],"about":[{"href":"https:\/\/www.europesays.com\/fr\/wp-json\/wp\/v2\/types\/post"}],"author":[{"embeddable":true,"href":"https:\/\/www.europesays.com\/fr\/wp-json\/wp\/v2\/users\/2"}],"replies":[{"embeddable":true,"href":"https:\/\/www.europesays.com\/fr\/wp-json\/wp\/v2\/comments?post=602735"}],"version-history":[{"count":0,"href":"https:\/\/www.europesays.com\/fr\/wp-json\/wp\/v2\/posts\/602735\/revisions"}],"wp:featuredmedia":[{"embeddable":true,"href":"https:\/\/www.europesays.com\/fr\/wp-json\/wp\/v2\/media\/602736"}],"wp:attachment":[{"href":"https:\/\/www.europesays.com\/fr\/wp-json\/wp\/v2\/media?parent=602735"}],"wp:term":[{"taxonomy":"category","embeddable":true,"href":"https:\/\/www.europesays.com\/fr\/wp-json\/wp\/v2\/categories?post=602735"},{"taxonomy":"post_tag","embeddable":true,"href":"https:\/\/www.europesays.com\/fr\/wp-json\/wp\/v2\/tags?post=602735"}],"curies":[{"name":"wp","href":"https:\/\/api.w.org\/{rel}","templated":true}]}}