{"id":602751,"date":"2025-12-16T09:49:17","date_gmt":"2025-12-16T09:49:17","guid":{"rendered":"https:\/\/www.europesays.com\/fr\/602751\/"},"modified":"2025-12-16T09:49:17","modified_gmt":"2025-12-16T09:49:17","slug":"meurthe-et-moselle-quels-sont-les-nouveaux-enjeux-de-la-derniere-mine-de-sel-gemme-de-france-a-varangeville","status":"publish","type":"post","link":"https:\/\/www.europesays.com\/fr\/602751\/","title":{"rendered":"Meurthe-et-Moselle. Quels sont les nouveaux enjeux de la derni\u00e8re mine de sel gemme de France \u00e0 Varang\u00e9ville ?"},"content":{"rendered":"<p>C\u2019est parti pour une plong\u00e9e dans les entrailles de la terre, \u00e0 la Jules Verne, via un petit monte-charge de maximum six personnes. Quarante secondes et 160 m\u00e8tres plus bas, voici les mines de sel gemme de Varang\u00e9ville.<\/p>\n<p>En prenant \u00e0 gauche, c\u2019est une obscure ligne droite a priori sans fond. Il s\u2019agit d\u2019un tunnel aux dimensions standardis\u00e9es de 13\u00a0m de largeur pour 4,5\u00a0m de haut pour une longueur d\u20191,5\u00a0km en direction du sous-sol de Dombasle. Ce n\u2019est pourtant qu\u2019une vue parcellaire sur un ouvrage de 300 kilom\u00e8tres de galeries au quadrillage parfait, sans panneau ni indication et&#8230;<\/p>\n","protected":false},"excerpt":{"rendered":"C\u2019est parti pour une plong\u00e9e dans les entrailles de la terre, \u00e0 la Jules Verne, via un petit&hellip;\n","protected":false},"author":2,"featured_media":602752,"comment_status":"","ping_status":"","sticky":false,"template":"","format":"standard","meta":{"footnotes":""},"categories":[9635],"tags":[1111,11,9652,33,1707,1704,1706,1705,1777,674,1011,27,775,693,3457,1702,12,25,4604,11987],"class_list":{"0":"post-602751","1":"post","2":"type-post","3":"status-publish","4":"format-standard","5":"has-post-thumbnail","7":"category-nancy","8":"tag-actu","9":"tag-actualites","10":"tag-cc-des-pays-du-sel-et-du-vermois-54b","11":"tag-economie","12":"tag-edition-luneville","13":"tag-edition-nancy-et-agglomeration","14":"tag-edition-pont-a-mousson","15":"tag-edition-toul","16":"tag-eu","17":"tag-europe","18":"tag-fr","19":"tag-france","20":"tag-grand-est","21":"tag-industrie","22":"tag-meurthe-et-moselle","23":"tag-nancy","24":"tag-news","25":"tag-republique-francaise","26":"tag-selection-abonne","27":"tag-varangeville"},"share_on_mastodon":{"url":"https:\/\/pubeurope.com\/@fr\/115728624287486441","error":""},"_links":{"self":[{"href":"https:\/\/www.europesays.com\/fr\/wp-json\/wp\/v2\/posts\/602751","targetHints":{"allow":["GET"]}}],"collection":[{"href":"https:\/\/www.europesays.com\/fr\/wp-json\/wp\/v2\/posts"}],"about":[{"href":"https:\/\/www.europesays.com\/fr\/wp-json\/wp\/v2\/types\/post"}],"author":[{"embeddable":true,"href":"https:\/\/www.europesays.com\/fr\/wp-json\/wp\/v2\/users\/2"}],"replies":[{"embeddable":true,"href":"https:\/\/www.europesays.com\/fr\/wp-json\/wp\/v2\/comments?post=602751"}],"version-history":[{"count":0,"href":"https:\/\/www.europesays.com\/fr\/wp-json\/wp\/v2\/posts\/602751\/revisions"}],"wp:featuredmedia":[{"embeddable":true,"href":"https:\/\/www.europesays.com\/fr\/wp-json\/wp\/v2\/media\/602752"}],"wp:attachment":[{"href":"https:\/\/www.europesays.com\/fr\/wp-json\/wp\/v2\/media?parent=602751"}],"wp:term":[{"taxonomy":"category","embeddable":true,"href":"https:\/\/www.europesays.com\/fr\/wp-json\/wp\/v2\/categories?post=602751"},{"taxonomy":"post_tag","embeddable":true,"href":"https:\/\/www.europesays.com\/fr\/wp-json\/wp\/v2\/tags?post=602751"}],"curies":[{"name":"wp","href":"https:\/\/api.w.org\/{rel}","templated":true}]}}