{"id":602758,"date":"2025-12-16T09:57:22","date_gmt":"2025-12-16T09:57:22","guid":{"rendered":"https:\/\/www.europesays.com\/fr\/602758\/"},"modified":"2025-12-16T09:57:22","modified_gmt":"2025-12-16T09:57:22","slug":"un-spectacle-de-reve-signe-hofesh-shechter-pour-finir-lannee-a-lagora-cite-de-la-danse-de-montpellier","status":"publish","type":"post","link":"https:\/\/www.europesays.com\/fr\/602758\/","title":{"rendered":"Un spectacle de r\u00eave sign\u00e9 Hofesh Shechter pour finir l\u2019ann\u00e9e \u00e0 l\u2019Agora, cit\u00e9 de la danse de Montpellier"},"content":{"rendered":"<p>\n                                                                L\u2019Agora, la cit\u00e9 internationale de la danse de Montpellier, termine l\u2019ann\u00e9e avec \u201cTheatre of dreams\u201d, la derni\u00e8re cr\u00e9ation insens\u00e9e de son codirecteur Hofesh Shechter, \u00e0 voir de ce mardi\u00a016 au jeudi 18\u00a0d\u00e9cembre.\n                            <\/p>\n<p>\u00ab\u00a0Je suppose que ce n\u2019\u00e9tait pas sa\u00a0cup of tea\u00a0comme on dit en anglais\u00a0\u00bb.\u00a0Du temps de Jean-Paul Montanari, feu le directeur historique de Montpellier Danse, Hofesh\u00a0Shechter\u00a0n\u2019est venu qu\u2019une seule fois montrer son travail dans la capitale de l\u2019H\u00e9rault, qui, assur\u00e9ment, est aussi celle de la danse contemporaine en\u00a0France (au Z\u00e9nith sud, en 2011, pour le festival, tout de m\u00eame\u00a0!). Il en sourit aujourd\u2019hui. Comme on le sait le chor\u00e9graphe d\u2019origine isra\u00e9lienne est d\u00e9sormais le codirecteur de l\u2019Agora, cit\u00e9 internationale de la danse, la nouvelle structure n\u00e9e de la <a href=\"https:\/\/www.midilibre.fr\/2025\/09\/20\/avec-lagora-desormais-officialisee-et-deja-active-la-danse-entre-dans-une-nouvelle-dimension-a-montpellier-12942486.php\" target=\"_self\" rel=\"noopener\">fusion\u00a0du\u00a0Centre\u00a0chor\u00e9graphique national et de Montpellier Danse<\/a>, au c\u00f4t\u00e9 de Pierre Martinez, Jann Gallois et Dominique Hervieu.<\/p>\n<p>Mais on vous voit venir (surtout ceux qui n\u2019y viennent pas)\u00a0: non, sa programmation n\u2019est pas un abus de position dominante mais une super bonne nouvelle\u00a0! Le chor\u00e9graphe au style iconique, vibrionnant, tribal, plus encore populaire depuis par sa participation au tr\u00e8s beau lon m\u00e9trage de C\u00e9dric Klapisch, En corps, compte parmi les grands noms de sa g\u00e9n\u00e9ration pour la danse contemporaine actuelle.<\/p>\n<p>\u00ab\u00a0Un spectacle assez fou\u00a0!\u00a0\u00bb<\/p>\n<p>\u00c0 Montpelier, il donne trois repr\u00e9sentations \u00e0 l\u2019op\u00e9ra Berlioz,<a href=\"https:\/\/www.agora-citeinternationaledeladanse.com\/programmes\/theatre-of-dreams-hofesh-shechter\/\" target=\"_self\" rel=\"noopener\"> mardi\u00a016, mercredi\u00a017 et jeudi 18\u00a0d\u00e9cembre<\/a>, de sa derni\u00e8re cr\u00e9ation\u00a0Theatre of dreams, une pi\u00e8ce pour treize danseurs et trois musiciens. \u00ab\u00a0C\u2019est une sorte de voyage vraiment sauvage, tr\u00e8s riche en musiques et dans l\u2019imagerie qu\u2019il suscite. L\u2019id\u00e9e de base consistait d\u2019envisager la sc\u00e8ne comme un cerveau, ou un subconscient, o\u00f9 une fois pass\u00e9 les rideaux, plus \u00e7a avancerait, plus \u00e7a se complexifierait\u00a0\u00bb, nous expliquait-il en octobre \u00e0 Montpellier avant de repartir en tourn\u00e9e (de par le monde). \u00ab\u00a0Une id\u00e9e simple donc, mais tr\u00e8s difficile \u00e0 mettre en \u0153uvre, techniquement pour r\u00e9ussir \u00e0 \u00eatre parfaitement ensemble, mais nous y sommes parvenus, je crois\u2026 Mmh, oui, c\u2019est un spectacle assez fou\u00a0!\u00a0\u00bb<\/p>\n<p>\u00a0<\/p>\n<p>Une plong\u00e9e dans la psych\u00e9 humaine (avec ce que cela suppose de troubles, de r\u00eaves, de fantasmes, de cauchemars, de d\u00e9lires\u2026) qui s\u2019annonce donc \u00e0 la fois ultra-millim\u00e9tr\u00e9e et ultra-survolt\u00e9e. Hofesh\u00a0Shechter\u00a0en signe non seulement la chor\u00e9graphie mais \u00e9galement, comme toujours, la composition musicale (h\u00e9t\u00e9roclite\u00a0!). Et les lumi\u00e8res de Tom Visser ajouteront encore \u00e0 coup s\u00fbr, \u00e0 notre hallucination collective. Bref, ce \u201cTh\u00e9\u00e2tre des r\u00eaves\u201d a tout d\u2019un cadeau qui, trois fois non, ne se refuse pas\u00a0!<\/p>\n","protected":false},"excerpt":{"rendered":"L\u2019Agora, la cit\u00e9 internationale de la danse de Montpellier, termine l\u2019ann\u00e9e avec \u201cTheatre of dreams\u201d, la derni\u00e8re cr\u00e9ation&hellip;\n","protected":false},"author":2,"featured_media":602759,"comment_status":"","ping_status":"","sticky":false,"template":"","format":"standard","meta":{"footnotes":""},"categories":[9599],"tags":[1111,11,872,1777,674,1011,27,69124,7089,2208,15538,12,2680,25],"class_list":{"0":"post-602758","1":"post","2":"type-post","3":"status-publish","4":"format-standard","5":"has-post-thumbnail","7":"category-montpellier","8":"tag-actu","9":"tag-actualites","10":"tag-culture-et-loisirs","11":"tag-eu","12":"tag-europe","13":"tag-fr","14":"tag-france","15":"tag-fu00eates-et-festivals","16":"tag-herault","17":"tag-montpellier","18":"tag-montpellier-danse","19":"tag-news","20":"tag-occitanie","21":"tag-republique-francaise"},"share_on_mastodon":{"url":"https:\/\/pubeurope.com\/@fr\/115728655649524139","error":""},"_links":{"self":[{"href":"https:\/\/www.europesays.com\/fr\/wp-json\/wp\/v2\/posts\/602758","targetHints":{"allow":["GET"]}}],"collection":[{"href":"https:\/\/www.europesays.com\/fr\/wp-json\/wp\/v2\/posts"}],"about":[{"href":"https:\/\/www.europesays.com\/fr\/wp-json\/wp\/v2\/types\/post"}],"author":[{"embeddable":true,"href":"https:\/\/www.europesays.com\/fr\/wp-json\/wp\/v2\/users\/2"}],"replies":[{"embeddable":true,"href":"https:\/\/www.europesays.com\/fr\/wp-json\/wp\/v2\/comments?post=602758"}],"version-history":[{"count":0,"href":"https:\/\/www.europesays.com\/fr\/wp-json\/wp\/v2\/posts\/602758\/revisions"}],"wp:featuredmedia":[{"embeddable":true,"href":"https:\/\/www.europesays.com\/fr\/wp-json\/wp\/v2\/media\/602759"}],"wp:attachment":[{"href":"https:\/\/www.europesays.com\/fr\/wp-json\/wp\/v2\/media?parent=602758"}],"wp:term":[{"taxonomy":"category","embeddable":true,"href":"https:\/\/www.europesays.com\/fr\/wp-json\/wp\/v2\/categories?post=602758"},{"taxonomy":"post_tag","embeddable":true,"href":"https:\/\/www.europesays.com\/fr\/wp-json\/wp\/v2\/tags?post=602758"}],"curies":[{"name":"wp","href":"https:\/\/api.w.org\/{rel}","templated":true}]}}