{"id":602766,"date":"2025-12-16T10:02:10","date_gmt":"2025-12-16T10:02:10","guid":{"rendered":"https:\/\/www.europesays.com\/fr\/602766\/"},"modified":"2025-12-16T10:02:10","modified_gmt":"2025-12-16T10:02:10","slug":"la-ligne-c-coupee-durgence","status":"publish","type":"post","link":"https:\/\/www.europesays.com\/fr\/602766\/","title":{"rendered":"la ligne C coup\u00e9e d&rsquo;urgence"},"content":{"rendered":"<p>                    Par<br \/>\n        <strong><br \/>\n            <a href=\"https:\/\/actu.fr\/auteur\/lisa-rodrigues\" title=\"Consulter tous les articles de Lisa Rodrigues\" target=\"_blank\" rel=\"noopener\">Lisa Rodrigues<\/a><br \/>\n                    <\/strong><\/p>\n<p>        Publi\u00e9 le<\/p>\n<p>            16 d\u00e9c. 2025 \u00e0 9h49        <\/p>\n<p>La circulation est coup\u00e9e sur la <strong>ligne de tram C<\/strong> de <a href=\"https:\/\/actu.fr\/auvergne-rhone-alpes\/grenoble_38185\" target=\"_blank\" rel=\"noopener\">Grenoble<\/a> depuis 8h15 mardi 16 d\u00e9cembre, entre les stations Le Prisme et Vallier-Catane. Un <strong>accident est survenu entre une rame et une personne<\/strong> au niveau de l\u2019arr\u00eat Seyssinet-Pariset H\u00f4tel de Ville.<\/p>\n<p>    <a href=\"https:\/\/www.google.com\/maps\/embed?pb=!1m18!1m12!1m3!1d3344.49112852589!2d5.691938954708446!3d45.17959375035443!2m3!1f0!2f0!3f0!3m2!1i1024!2i768!4f13.1!3m3!1m2!1s0x478af368db6d8b09%3A0xc2501c7c44dd1aca!2sSeyssinet-Pariset%20H%C3%B4tel%20de%20Ville!5e0!3m2!1sfr!2sfr!4v1765874209088!5m2!1sfr!2sfr\" title=\"Ouvrie le lien\" target=\"_blank\" rel=\"noopener\">Cliquez ici pour visualiser le contenu<\/a><\/p>\n<p class=\" wall-content\">Une femme, \u00e2g\u00e9e d\u2019une cinquantaine d\u2019ann\u00e9es, s\u2019est retrouv\u00e9e pour une raison inconnue <strong>coinc\u00e9e sur le tram<\/strong> mardi matin, indiquent les sapeurs-pompiers de l\u2019<a href=\"https:\/\/actu.fr\/auvergne-rhone-alpes\/isere_38\" target=\"_blank\" rel=\"noopener\">Is\u00e8re<\/a>.<\/p>\n<p>La victime d\u00e9c\u00e9d\u00e9e sur les lieux<\/p>\n<p class=\" wall-content\">Sur place, les secours arrivent \u00e0 d\u00e9gager rapidement la victime, mais celle-ci est en arr\u00eat cardio-respiratoire. Malgr\u00e9 les <strong>tentatives de r\u00e9animation<\/strong>, elle est finalement d\u00e9clar\u00e9e d\u00e9c\u00e9d\u00e9e sur les lieux.<\/p>\n<p class=\" wall-content\">Le conducteur de tramway, choqu\u00e9, a lui aussi \u00e9t\u00e9 pris en charge.<\/p>\n<p>Circulation toujours coup\u00e9e\u00a0<\/p>\n<p class=\" wall-content\">\u00c0 9h30, la circulation \u00e9tait toujours coup\u00e9e sur la ligne de tram C pour permettre aux services de pompes fun\u00e8bres de venir r\u00e9cup\u00e9rer la victime.<\/p>\n<p class=\" wall-content\">Une enqu\u00eate devra d\u00e9terminer les circonstances exactes de cet accident.<\/p>\n<p class=\" wall-content\">Personnalisez votre actualit\u00e9 en ajoutant vos villes et m\u00e9dias en favori avec <a href=\"https:\/\/moncompte.actu.fr\" title=\"D\u00e9couvez Mon Actu\" rel=\"nofollow noopener\" data-trk=\"{&quot;cta&quot;:{&quot;action&quot;:&quot;https:\\\/\\\/moncompte.actu.fr&quot;,&quot;category&quot;:&quot;mon compte&quot;,&quot;from&quot;:&quot;article footer&quot;,&quot;name&quot;:&quot;Mon actu&quot;,&quot;type&quot;:&quot;cta&quot;}}\" target=\"_blank\">Mon Actu<\/a>.<\/p>\n","protected":false},"excerpt":{"rendered":"Par Lisa Rodrigues Publi\u00e9 le 16 d\u00e9c. 2025 \u00e0 9h49 La circulation est coup\u00e9e sur la ligne de&hellip;\n","protected":false},"author":2,"featured_media":602767,"comment_status":"","ping_status":"","sticky":false,"template":"","format":"standard","meta":{"footnotes":""},"categories":[9566],"tags":[119,1111,11,2430,1777,674,118,1011,27,2731,12,1311,25,8194],"class_list":{"0":"post-602766","1":"post","2":"type-post","3":"status-publish","4":"format-standard","5":"has-post-thumbnail","7":"category-grenoble","8":"tag-accident","9":"tag-actu","10":"tag-actualites","11":"tag-auvergne-rhone-alpes","12":"tag-eu","13":"tag-europe","14":"tag-faits-divers","15":"tag-fr","16":"tag-france","17":"tag-grenoble","18":"tag-news","19":"tag-pompiers","20":"tag-republique-francaise","21":"tag-transport-de-lagglomeration-grenobloise-tag"},"share_on_mastodon":{"url":"https:\/\/pubeurope.com\/@fr\/115728675290864288","error":""},"_links":{"self":[{"href":"https:\/\/www.europesays.com\/fr\/wp-json\/wp\/v2\/posts\/602766","targetHints":{"allow":["GET"]}}],"collection":[{"href":"https:\/\/www.europesays.com\/fr\/wp-json\/wp\/v2\/posts"}],"about":[{"href":"https:\/\/www.europesays.com\/fr\/wp-json\/wp\/v2\/types\/post"}],"author":[{"embeddable":true,"href":"https:\/\/www.europesays.com\/fr\/wp-json\/wp\/v2\/users\/2"}],"replies":[{"embeddable":true,"href":"https:\/\/www.europesays.com\/fr\/wp-json\/wp\/v2\/comments?post=602766"}],"version-history":[{"count":0,"href":"https:\/\/www.europesays.com\/fr\/wp-json\/wp\/v2\/posts\/602766\/revisions"}],"wp:featuredmedia":[{"embeddable":true,"href":"https:\/\/www.europesays.com\/fr\/wp-json\/wp\/v2\/media\/602767"}],"wp:attachment":[{"href":"https:\/\/www.europesays.com\/fr\/wp-json\/wp\/v2\/media?parent=602766"}],"wp:term":[{"taxonomy":"category","embeddable":true,"href":"https:\/\/www.europesays.com\/fr\/wp-json\/wp\/v2\/categories?post=602766"},{"taxonomy":"post_tag","embeddable":true,"href":"https:\/\/www.europesays.com\/fr\/wp-json\/wp\/v2\/tags?post=602766"}],"curies":[{"name":"wp","href":"https:\/\/api.w.org\/{rel}","templated":true}]}}