{"id":602768,"date":"2025-12-16T10:03:20","date_gmt":"2025-12-16T10:03:20","guid":{"rendered":"https:\/\/www.europesays.com\/fr\/602768\/"},"modified":"2025-12-16T10:03:20","modified_gmt":"2025-12-16T10:03:20","slug":"edeis-remporte-la-delegation-de-service-public-pour-lexploitation-de-laeroport-de-grenoble-alpes-isere-actualite-aeronautique","status":"publish","type":"post","link":"https:\/\/www.europesays.com\/fr\/602768\/","title":{"rendered":"Edeis remporte la d\u00e9l\u00e9gation de service public pour l\u2019exploitation de l\u2019A\u00e9roport de Grenoble Alpes Is\u00e8re &#8211; Actualit\u00e9 a\u00e9ronautique"},"content":{"rendered":"<p class=\"subtitle\">Article publi\u00e9 le 16 d\u00e9cembre 2025 par David Dagouret<\/p>\n<p>Grenoble Alpes Is\u00e8re devient le 21\u1d49 a\u00e9roport du r\u00e9seau Edeis.<br \/>\n\u00a0<\/p>\n<p>\u00c0 compter du 1er juillet 2026, le D\u00e9partement de l\u2019Is\u00e8re confie \u00e0 Edeis l\u2019exploitation et le d\u00e9veloppement de l\u2019a\u00e9roport Grenoble Alpes Is\u00e8re dans le cadre d\u2019une d\u00e9l\u00e9gation de service public de 12 ans. Grenoble Alpes Is\u00e8re devient le 21\u1d49 a\u00e9roport du r\u00e9seau Edeis.<\/p>\n<p>Avec 300 000 voyageurs par an, Grenoble Alpes Is\u00e8re est une porte d\u2019entr\u00e9e majeure vers les stations de l\u2019Is\u00e8re et des Alpes du Nord, et un outil concret au service de l\u2019\u00e9conomie touristique, des mobilit\u00e9s et des acteurs locaux. Cr\u00e9\u00e9 \u00e0 l\u2019occasion des Jeux olympiques, l\u2019a\u00e9roport s\u2019inscrit depuis pr\u00e8s de soixante ans dans l\u2019histoire et le rayonnement de la destination alpine.<\/p>\n<p>Dans la dur\u00e9e, Edeis engagera un programme d\u2019investissement cons\u00e9quent afin d\u2019accompagner l\u2019\u00e9volution de la plateforme, de poursuivre sa modernisation et de soutenir une exploitation attentive aux enjeux actuels, notamment environnementaux. La d\u00e9marche sera conduite en lien \u00e9troit avec le D\u00e9partement de l\u2019Is\u00e8re et les parties prenantes du territoire.<\/p>\n<p><strong>Martin Meyrier, Pr\u00e9sident d\u2019Edeis Concessions a d\u00e9clar\u00e9 :<\/strong> \u00ab\u00a0Nous remercions le D\u00e9partement de l\u2019Is\u00e8re pour sa confiance qui nous honore. Grenoble Alpes Is\u00e8re est un a\u00e9roport essentiel pour l\u2019acc\u00e8s au massif alpin et l\u2019attractivit\u00e9 du territoire. Nous abordons cette d\u00e9l\u00e9gation avec enthousiasme, humilit\u00e9 et avec une ambition forte : renforcer dans la dur\u00e9e la qualit\u00e9 de service et l\u2019exp\u00e9rience des voyageurs, au service de la destination et de ses acteurs. Nous avons aussi h\u00e2te de rencontrer les \u00e9quipes de la plateforme d\u00e8s que cela sera possible, pour avancer ensemble au service du territoire.\u00a0\u00bb<\/p>\n<p><img loading=\"lazy\" decoding=\"async\" src=\"https:\/\/www.europesays.com\/fr\/wp-content\/uploads\/2025\/12\/9306.jpg\" alt=\"edeis\" width=\"600\" height=\"600\" style=\"border:0px solid;\" \/><\/p>\n","protected":false},"excerpt":{"rendered":"Article publi\u00e9 le 16 d\u00e9cembre 2025 par David Dagouret Grenoble Alpes Is\u00e8re devient le 21\u1d49 a\u00e9roport du r\u00e9seau&hellip;\n","protected":false},"author":2,"featured_media":602769,"comment_status":"","ping_status":"","sticky":false,"template":"","format":"standard","meta":{"footnotes":""},"categories":[9566],"tags":[1111,47,11,296,30397,30398,2430,7182,13796,17318,30399,9919,11821,341,1777,674,30400,5556,1011,27,2731,30401,30402,1031,12,25],"class_list":{"0":"post-602768","1":"post","2":"type-post","3":"status-publish","4":"format-standard","5":"has-post-thumbnail","7":"category-grenoble","8":"tag-actu","9":"tag-actualite","10":"tag-actualites","11":"tag-aeronautique","12":"tag-aeroweb","13":"tag-aeroweb-fr-net","14":"tag-auvergne-rhone-alpes","15":"tag-aviation","16":"tag-avions","17":"tag-compagnies-aeriennes","18":"tag-constructeurs-aeronautiques","19":"tag-cv","20":"tag-dossiers","21":"tag-emploi","22":"tag-eu","23":"tag-europe","24":"tag-fiches-techniques","25":"tag-forum","26":"tag-fr","27":"tag-france","28":"tag-grenoble","29":"tag-histoire-de-laeronautique","30":"tag-histoire-de-laviation","31":"tag-magazine","32":"tag-news","33":"tag-republique-francaise"},"share_on_mastodon":{"url":"https:\/\/pubeurope.com\/@fr\/115728680047729593","error":""},"_links":{"self":[{"href":"https:\/\/www.europesays.com\/fr\/wp-json\/wp\/v2\/posts\/602768","targetHints":{"allow":["GET"]}}],"collection":[{"href":"https:\/\/www.europesays.com\/fr\/wp-json\/wp\/v2\/posts"}],"about":[{"href":"https:\/\/www.europesays.com\/fr\/wp-json\/wp\/v2\/types\/post"}],"author":[{"embeddable":true,"href":"https:\/\/www.europesays.com\/fr\/wp-json\/wp\/v2\/users\/2"}],"replies":[{"embeddable":true,"href":"https:\/\/www.europesays.com\/fr\/wp-json\/wp\/v2\/comments?post=602768"}],"version-history":[{"count":0,"href":"https:\/\/www.europesays.com\/fr\/wp-json\/wp\/v2\/posts\/602768\/revisions"}],"wp:featuredmedia":[{"embeddable":true,"href":"https:\/\/www.europesays.com\/fr\/wp-json\/wp\/v2\/media\/602769"}],"wp:attachment":[{"href":"https:\/\/www.europesays.com\/fr\/wp-json\/wp\/v2\/media?parent=602768"}],"wp:term":[{"taxonomy":"category","embeddable":true,"href":"https:\/\/www.europesays.com\/fr\/wp-json\/wp\/v2\/categories?post=602768"},{"taxonomy":"post_tag","embeddable":true,"href":"https:\/\/www.europesays.com\/fr\/wp-json\/wp\/v2\/tags?post=602768"}],"curies":[{"name":"wp","href":"https:\/\/api.w.org\/{rel}","templated":true}]}}